{"id":36371,"date":"2008-02-26T00:42:19","date_gmt":"2008-02-26T00:42:19","guid":{"rendered":"http:\/\/diariodominicano.ddns.net\/?p=36371"},"modified":"2008-02-26T00:42:19","modified_gmt":"2008-02-26T00:42:19","slug":"el-lider-politico-y-el-ejercicio-del-poder","status":"publish","type":"post","link":"https:\/\/diariodominicano.com\/?p=36371","title":{"rendered":"El L\u00edder Pol\u00edtico y el Ejercicio del Poder"},"content":{"rendered":"<p><body><\/p>\n<p class=\"titulogrande1\"><strong>El L\u00edder Pol\u00edtico y\u00a0el Ejercicio del Poder<\/strong> <\/p>\n<p>&#13;<\/p>\n<p align=\"justify\" class=\"text1noticias\"><strong>Max Weber,<\/strong> soci\u00f3logo alem\u00e1n<strong>, <\/strong>al referirse a la funci\u00f3n del l\u00edder pol\u00edtico nos dice que \u00e9ste debe  desenvolver su comportamiento adoptando dos tipos de \u00e9ticas. La primera\u00a0 es la \u00e9tica de la responsabilidad, que tiene  que responder a las consecuencias previsibles de los actos del l\u00edder y la  segunda es la \u00e9tica de la convicci\u00f3n de conciencia, en donde el l\u00edder no  responde, de forma directa, por las consecuencias de sus actuaciones, sino que  deja que sea un ser o fuerza superior que se encargue de la legitimaci\u00f3n de sus  tareas o acciones.\u00a0 <\/p>\n<p>&#13;<\/p>\n<p align=\"justify\" class=\"text1noticias\">El  l\u00edder pol\u00edtico que act\u00faa bajo la influencia de la \u00e9tica de la convicci\u00f3n de  conciencia, no deja que las consecuencias\u00a0  de sus actos se imputen como una acci\u00f3n directa proveniente de \u00e9l, sino  que la funci\u00f3n de ese l\u00edder consiste en ser el punto de referencia para que no se  apague la llama de la pura convicci\u00f3n que tiene el grupo o sector social y  pol\u00edtico que le sigue.<br \/>&#13;<br \/>\n  \u00a0<br \/>&#13;<br \/>\n  Si  un l\u00edder socialista, por ejemplo, plantea que se debe luchar contra las  injusticias sociales que ocurren en el sistema capitalista,\u00a0 de esta forma est\u00e1 sugiriendo a quienes le  siguen a que aviven su convicci\u00f3n de conciencia sobre las injusticias\u00a0 del sistema que \u00e9l est\u00e1 antagonizando.<br \/>&#13;<br \/>\n  <br \/>&#13;<br \/>\n  El, como l\u00edder, de \u00e9sta  forma, est\u00e1 induciendo\u00a0 a la gente para  que luchen por algo que no proviene de \u00e9l, como tal, si no de una causa de la  que \u00e9l no es responsable sino representante.\u00a0\u00a0\u00a0\u00a0\u00a0\u00a0\u00a0\u00a0\u00a0\u00a0\u00a0\u00a0\u00a0\u00a0\u00a0\u00a0 <\/p>\n<p>&#13;<\/p>\n<p align=\"justify\" class=\"text1noticias\">De  manera que la \u00e9tica de la convicci\u00f3n de conciencia del l\u00edder\u00a0 esta representada por una causa o motivo  principal que sirve de base al l\u00edder para motivar a la gente para que luche y  le siga en sus metas, orientadas hacia la consecuci\u00f3n del poder. En este caso  el l\u00edder no asume un rol directo de responsabilidad en sus actuaciones .La  causa que a \u00e9l, como l\u00edder, lo lleva a actuar es la que da justificaci\u00f3n, tanto  a sus actos como a los actos de sus seguidores para que act\u00faen a favor de si  mismos y de la causa que el como l\u00edder representa y defiende.<\/p>\n<p>&#13;<\/p>\n<p align=\"justify\" class=\"text1noticias\">Seg\u00fan <strong>Weber<\/strong> el gran dilema del l\u00edder  pol\u00edtico se presenta cuando\u00a0 tiene que  manejar el Estado y ejercer el poder. Cuando el l\u00edder tiene que ejercer el  poder del Estado se convierte en el representante de una instancia  todopoderoso, que aunque representa una instancia superior y buena, que puede  ser puesta al servicio de la gente, tambi\u00e9n representa una asociaci\u00f3n de  dominaci\u00f3n de car\u00e1cter institucional, que ha intentado, con \u00e9xito, monopolizar  la violencia f\u00edsica y legitima dentro de un territorio como medio de dominaci\u00f3n  y que para este fin ha reunido todos los medios materiales de funcionamiento en  manos de sus dirigentes.<br \/>&#13;<br \/>\n\u00a0\u00a0\u00a0\u00a0\u00a0\u00a0\u00a0\u00a0\u00a0\u00a0\u00a0\u00a0\u00a0\u00a0\u00a0\u00a0\u00a0\u00a0\u00a0\u00a0\u00a0\u00a0\u00a0\u00a0\u00a0\u00a0\u00a0\u00a0\u00a0\u00a0\u00a0\u00a0\u00a0\u00a0\u00a0\u00a0\u00a0\u00a0\u00a0\u00a0\u00a0\u00a0\u00a0\u00a0\u00a0\u00a0\u00a0\u00a0\u00a0\u00a0\u00a0\u00a0\u00a0\u00a0\u00a0\u00a0\u00a0\u00a0\u00a0\u00a0\u00a0\u00a0\u00a0\u00a0\u00a0\u00a0\u00a0\u00a0\u00a0\u00a0\u00a0\u00a0\u00a0\u00a0\u00a0\u00a0\u00a0\u00a0\u00a0\u00a0\u00a0\u00a0\u00a0\u00a0\u00a0\u00a0\u00a0\u00a0\u00a0\u00a0\u00a0\u00a0\u00a0\u00a0\u00a0\u00a0\u00a0\u00a0\u00a0\u00a0\u00a0\u00a0\u00a0\u00a0\u00a0\u00a0\u00a0\u00a0\u00a0\u00a0\u00a0\u00a0\u00a0\u00a0\u00a0\u00a0\u00a0\u00a0\u00a0\u00a0\u00a0 <br \/>&#13;<br \/>\nCuando  el l\u00edder pol\u00edtico maneja el Estado, a trav\u00e9s del gobierno, es evidente que  tratar\u00e1 de influir en la distribuci\u00f3n del poder entre los diferentes sectores  que componen la sociedad.<br \/>&#13;<br \/>\n<br \/>&#13;<br \/>\nCuando el l\u00edder beneficia a un sector social o  econ\u00f3mico en detrimento de otro, de esta forma esta dando origen a una  distribuci\u00f3n desigual de las riquezas del Estado y de \u00e9sta forma da origen a la desigualdad social.\u00a0\u00a0\u00a0\u00a0\u00a0\u00a0\u00a0\u00a0\u00a0\u00a0\u00a0\u00a0\u00a0\u00a0\u00a0\u00a0\u00a0\u00a0\u00a0\u00a0\u00a0\u00a0\u00a0\u00a0\u00a0\u00a0\u00a0\u00a0\u00a0\u00a0\u00a0\u00a0\u00a0\u00a0\u00a0\u00a0\u00a0\u00a0\u00a0\u00a0\u00a0\u00a0\u00a0\u00a0\u00a0\u00a0\u00a0\u00a0\u00a0\u00a0\u00a0\u00a0\u00a0\u00a0\u00a0\u00a0\u00a0\u00a0\u00a0\u00a0\u00a0\u00a0\u00a0\u00a0\u00a0\u00a0\u00a0\u00a0\u00a0\u00a0\u00a0\u00a0\u00a0\u00a0\u00a0\u00a0\u00a0\u00a0\u00a0\u00a0\u00a0\u00a0\u00a0\u00a0\u00a0\u00a0\u00a0\u00a0\u00a0\u00a0\u00a0\u00a0\u00a0\u00a0\u00a0\u00a0\u00a0\u00a0\u00a0\u00a0\u00a0\u00a0\u00a0\u00a0\u00a0\u00a0\u00a0\u00a0\u00a0\u00a0\u00a0\u00a0\u00a0\u00a0\u00a0\u00a0\u00a0\u00a0\u00a0\u00a0\u00a0\u00a0\u00a0\u00a0 <\/p>\n<p>&#13;<\/p>\n<p align=\"justify\" class=\"text1noticias\">Cuando  ocurre esta distribuci\u00f3n desigual de la riqueza y del poder, en donde el l\u00edder  est\u00e1 actuando bajo el imperio de\u00a0 la  \u00e9tica de la responsabilidad, la gente lo ve como responsable directo de sus  actos .Esa actuaci\u00f3n del l\u00edder lo ubica en el centro de la \u00e9tica de la  convicci\u00f3n de conciencia y tambi\u00e9n de la \u00e9tica de la responsabilidad, porque  est\u00e1 haciendo lo que cree que conviene al sistema que \u00e9l representa. <\/p>\n<p>&#13;<\/p>\n<p align=\"justify\" class=\"text1noticias\">Esta  actuaci\u00f3n en la que el l\u00edder se auxilia de\u00a0  ambas \u00e9ticas, da origen a que la poblaci\u00f3n lo vea como al t\u00edpico  demagogo, que asume una de \u00e9stas dos \u00e9ticas, seg\u00fan su conveniencia. El l\u00edder  pol\u00edtico debe estar conciente de esta realidad y debe entender adem\u00e1s que la  pol\u00edtica no es s\u00f3lo bondad y servicio, ya que si no entiende estos aspectos  medulares de la pol\u00edtica nunca podr\u00e1 ser un buen l\u00edder, aunque lo desee, ya que  deber\u00e1 estar conciente de que las contradicciones permanentes que ocurren en  todo conglomerado social y pol\u00edtico son el producto de intereses de clases y  donde el ser humano es la materia prima principal de esas contradicciones e  intereses De esta forma un liderazgo que desconozca esa realidad de la pol\u00edtica  ser\u00e1 descartado por los sectores que conforman las redes de intereses que  confluyen en el ejercicio del poder pol\u00edtico.\u00a0\u00a0\u00a0\u00a0\u00a0\u00a0\u00a0\u00a0\u00a0\u00a0\u00a0\u00a0\u00a0\u00a0\u00a0\u00a0\u00a0\u00a0 <br \/>&#13;<br \/>\n\u00a0\u00a0\u00a0\u00a0\u00a0\u00a0\u00a0\u00a0\u00a0\u00a0\u00a0\u00a0\u00a0\u00a0\u00a0\u00a0\u00a0\u00a0\u00a0\u00a0\u00a0\u00a0\u00a0\u00a0\u00a0\u00a0\u00a0\u00a0\u00a0\u00a0\u00a0\u00a0\u00a0\u00a0\u00a0\u00a0\u00a0\u00a0\u00a0\u00a0\u00a0\u00a0\u00a0\u00a0\u00a0\u00a0\u00a0\u00a0\u00a0\u00a0\u00a0\u00a0\u00a0\u00a0\u00a0\u00a0\u00a0\u00a0\u00a0\u00a0\u00a0\u00a0\u00a0\u00a0\u00a0\u00a0\u00a0\u00a0\u00a0\u00a0\u00a0\u00a0\u00a0\u00a0\u00a0\u00a0\u00a0\u00a0\u00a0\u00a0\u00a0\u00a0\u00a0\u00a0  \u00a0\u00a0\u00a0\u00a0\u00a0\u00a0\u00a0\u00a0\u00a0\u00a0\u00a0\u00a0\u00a0\u00a0\u00a0\u00a0\u00a0\u00a0\u00a0\u00a0\u00a0\u00a0\u00a0\u00a0\u00a0\u00a0\u00a0\u00a0\u00a0\u00a0\u00a0\u00a0\u00a0\u00a0\u00a0\u00a0\u00a0\u00a0\u00a0\u00a0\u00a0\u00a0\u00a0\u00a0\u00a0\u00a0\u00a0\u00a0<br \/>&#13;<br \/>\nEl  l\u00edder pol\u00edtico debe actuar con cautela, ya que existen dos tipos de \u00e9ticas que  \u00e9ste debe poner en pr\u00e1ctica en el ejercicio del poder. El l\u00edder debe prestar  atenci\u00f3n a dos tipos de actuaciones pol\u00edtica, como ya hemos establecido, o debe  de actuar\u00a0 de acuerdo a la \u00e9tica de la  responsabilidad o de acuerdo a la \u00e9tica de la convicci\u00f3n de conciencia. Estos  dos tipos de \u00e9tica se complementan y es una necesidad que todo l\u00edder pol\u00edtico  comprendas sus alcances en el plano pol\u00edtico para su mejor aplicaci\u00f3n en\u00a0\u00a0 el campo del accionar partidario y en el  ejercicio de gobierno.<\/p>\n<p>&#13;<\/p>\n<p align=\"justify\" class=\"text1noticias\">El  l\u00edder pol\u00edtico que hace elecci\u00f3n de una de estas \u00e9ticas de actuaci\u00f3n en  detrimento de la otra esta cometiendo un error porque como hombre pol\u00edtico y  como ser humano \u00e9l\u00a0 tendr\u00e1 que  lidiar\u00a0 con ambas y depender\u00e1 de las  circunstancias para escoger una o la otra..Los lideres con verdadera vocaci\u00f3n  pol\u00edtica y de poder tienen que estar conscientes de su rol y accionar en la  pol\u00edtica general de su naci\u00f3n auxili\u00e1ndose de estas dos formas de actuaci\u00f3n  pol\u00edtica El liderazgo que quiera ejercer la pol\u00edtica, sobre todo como  profesi\u00f3n, tiene que estar consciente de la existencia de esas dos paradojas  \u00e9ticas y tiene que ser responsable de lo que\u00a0  puede realizar o llegar a ser\u00a0  bajo la presi\u00f3n de estas dos \u00e9ticas.\u00a0\u00a0\u00a0\u00a0\u00a0\u00a0\u00a0\u00a0\u00a0\u00a0\u00a0\u00a0\u00a0\u00a0 <\/p>\n<p>&#13;<\/p>\n<p align=\"justify\" class=\"text1noticias\">Aquellos\u00a0 l\u00edderes que han actuado como grandes  virtuosos de la bondad y el amor no han cosechado \u00e9xito en el terreno pol\u00edtico.  Por eso, quienes busquen favorecer a sus conciudadanos deben participar en la  pol\u00edtica conscientes de que para salvarse a si mismos\u00a0 y para favorecer a otros, sin el auxilio de  estas mencionadas \u00e9ticas no tienen posibilidad de \u00e9xito en su actuaci\u00f3n en la  vida pol\u00edtica de su naci\u00f3n.\u00a0\u00a0\u00a0\u00a0\u00a0\u00a0\u00a0\u00a0\u00a0\u00a0\u00a0\u00a0\u00a0\u00a0 <\/p>\n<p>&#13;<\/p>\n<p align=\"justify\" class=\"text1noticias\">No  importa lo joven o lo viejo que sea el l\u00edder pol\u00edtico para poner en pr\u00e1ctica  estos dos tipos de \u00e9ticas en su actuaci\u00f3n pol\u00edtica, ya que estas deben actuar  combinadas para lograr el \u00e9xito en la acci\u00f3n de poder que lleva a cabo el  l\u00edder. Debemos tener presente que la edad no es un merito, sino que \u00e9sta nos  capacita y nos ense\u00f1a a mirar sin reservas las realidades de la vida y al mismo tiempo nos capacita para  soportarla.<\/p>\n<p>&#13;<\/p>\n<p align=\"justify\" class=\"text1noticias\">Cuando  miramos el mundo, vemos que est\u00e1 lleno de sufrimientos inmerecidos y de  injusticias no castigadas, la paradoja de todo esto es que frente a esa  realidad encontramos el poder del Estado, que se presenta como una instancia  todopoderosa, sin embargo no puede vencer esa forma contradictoria que tienen  las relaciones de poder de expresarse. Tomando en cuenta esa forma  contradictoria en que se expresan las relaciones de poder es que el l\u00edder  pol\u00edtico no debe perder de vista los principios de recompensa y de  redistribuci\u00f3n, que debe poner en marcha desde el Estado, ya que el ejercicio  del poder sintetiza esas dos realidades.\u00a0\u00a0\u00a0\u00a0\u00a0\u00a0\u00a0\u00a0\u00a0\u00a0\u00a0\u00a0\u00a0\u00a0\u00a0\u00a0\u00a0\u00a0\u00a0\u00a0\u00a0\u00a0\u00a0\u00a0\u00a0\u00a0\u00a0\u00a0\u00a0\u00a0\u00a0\u00a0\u00a0\u00a0\u00a0\u00a0\u00a0\u00a0\u00a0\u00a0\u00a0\u00a0\u00a0\u00a0\u00a0\u00a0\u00a0\u00a0\u00a0\u00a0 <\/p>\n<p>&#13;<\/p>\n<p align=\"justify\" class=\"text1noticias\">El  que est\u00e1 en el ejercicio pol\u00edtico debe estar conciente de que el poder por  necesidad, se ejerce con ciertos niveles de violencia y el l\u00edder debe estar  conciente de que aunque su misi\u00f3n es servir a sus conciudadanos por otra\u00a0 parte debe comprender que del bien no s\u00f3lo  sale el bien sino que muchas veces de \u00e9ste sale el mal. Por eso el l\u00edder que no  vea esas realidades en el ejercicio pol\u00edtico no esta comprendiendo la expresi\u00f3n  real de las relaciones de poder.\u00a0\u00a0\u00a0\u00a0\u00a0\u00a0\u00a0\u00a0\u00a0\u00a0\u00a0\u00a0\u00a0\u00a0\u00a0\u00a0\u00a0\u00a0\u00a0\u00a0\u00a0\u00a0\u00a0\u00a0\u00a0\u00a0\u00a0\u00a0\u00a0\u00a0\u00a0\u00a0\u00a0\u00a0\u00a0\u00a0\u00a0\u00a0\u00a0\u00a0\u00a0\u00a0\u00a0\u00a0\u00a0\u00a0\u00a0\u00a0\u00a0\u00a0\u00a0\u00a0\u00a0\u00a0\u00a0\u00a0\u00a0\u00a0\u00a0\u00a0\u00a0\u00a0\u00a0\u00a0\u00a0\u00a0\u00a0\u00a0\u00a0\u00a0\u00a0\u00a0\u00a0\u00a0\u00a0\u00a0\u00a0\u00a0\u00a0\u00a0\u00a0\u00a0\u00a0\u00a0\u00a0\u00a0\u00a0\u00a0\u00a0\u00a0\u00a0\u00a0\u00a0\u00a0\u00a0\u00a0\u00a0\u00a0\u00a0\u00a0\u00a0\u00a0\u00a0\u00a0\u00a0\u00a0\u00a0\u00a0\u00a0\u00a0\u00a0\u00a0\u00a0\u00a0\u00a0\u00a0\u00a0 <br \/>&#13;<br \/>\n  <strong>\u00a0\u00a0\u00a0\u00a0\u00a0\u00a0\u00a0\u00a0\u00a0\u00a0\u00a0\u00a0\u00a0\u00a0\u00a0\u00a0\u00a0\u00a0\u00a0\u00a0 <\/strong><br \/>&#13;<br \/>\n<strong>Evelio Arroyo es Soci\u00f3logo, Abogado y  Escritor. Estos temas son publicados del libro \u201cLideres y Liderazgos\u201d de su  autor\u00eda.<\/strong><\/p>\n<p>&#13;<\/p>\n<h6> 2008-02-26 00:42:19 <\/h6>\n<p><!--\n<link rel=\"stylesheet\" href=\"css\/bootstrap.min.css\">\n\n\n<ul class=\"pagination\">\n\t    \n\t\n\n<li >\n\t<a href='?page_no=12239'>Previous<\/a>\n\t<\/li>\n\n\n       \n    \n\n<li><a href='?page_no=1'>1<\/a><\/li>\n\n\n\n<li><a href='?page_no=2'>2<\/a><\/li>\n\n\n\n<li><a>...<\/a><\/li>\n\n\n\n<li><a href='?page_no=12238'>12238<\/a><\/li>\n\n\n\n<li><a href='?page_no=12239'>12239<\/a><\/li>\n\n\n\n<li class='active'><a>12240<\/a><\/li>\n\n\n\n<li><a href='?page_no=12241'>12241<\/a><\/li>\n\n\n\n<li><a href='?page_no=12242'>12242<\/a><\/li>\n\n\n\n<li><a>...<\/a><\/li>\n\n\n\n<li><a href='?page_no=13611'>13611<\/a><\/li>\n\n\n\n<li><a href='?page_no=13612'>13612<\/a><\/li>\n\n    \n\t\n\n<li >\n\t<a href='?page_no=12241'>Next<\/a>\n\t<\/li>\n\n\n    \n\n<li><a href='?page_no=13612'>Last &rsaquo;&rsaquo;<\/a><\/li>\n\n<\/ul>\n\n\n--><br \/>\n<\/body><\/p>\n","protected":false},"excerpt":{"rendered":"<p>El L\u00edder Pol\u00edtico y\u00a0el Ejercicio del Poder &#13; Max Weber, soci\u00f3logo alem\u00e1n, al referirse a la funci\u00f3n del l\u00edder pol\u00edtico nos dice que \u00e9ste debe desenvolver su comportamiento adoptando dos tipos de \u00e9ticas. La primera\u00a0 es la \u00e9tica de la responsabilidad, que tiene que responder a las consecuencias previsibles de los actos del l\u00edder y [&hellip;]<\/p>\n","protected":false},"author":3,"featured_media":0,"comment_status":"open","ping_status":"open","sticky":false,"template":"","format":"standard","meta":{"footnotes":""},"categories":[16],"tags":[],"class_list":["post-36371","post","type-post","status-publish","format-standard","hentry","category-opiniones"],"_links":{"self":[{"href":"https:\/\/diariodominicano.com\/index.php?rest_route=\/wp\/v2\/posts\/36371","targetHints":{"allow":["GET"]}}],"collection":[{"href":"https:\/\/diariodominicano.com\/index.php?rest_route=\/wp\/v2\/posts"}],"about":[{"href":"https:\/\/diariodominicano.com\/index.php?rest_route=\/wp\/v2\/types\/post"}],"author":[{"embeddable":true,"href":"https:\/\/diariodominicano.com\/index.php?rest_route=\/wp\/v2\/users\/3"}],"replies":[{"embeddable":true,"href":"https:\/\/diariodominicano.com\/index.php?rest_route=%2Fwp%2Fv2%2Fcomments&post=36371"}],"version-history":[{"count":0,"href":"https:\/\/diariodominicano.com\/index.php?rest_route=\/wp\/v2\/posts\/36371\/revisions"}],"wp:attachment":[{"href":"https:\/\/diariodominicano.com\/index.php?rest_route=%2Fwp%2Fv2%2Fmedia&parent=36371"}],"wp:term":[{"taxonomy":"category","embeddable":true,"href":"https:\/\/diariodominicano.com\/index.php?rest_route=%2Fwp%2Fv2%2Fcategories&post=36371"},{"taxonomy":"post_tag","embeddable":true,"href":"https:\/\/diariodominicano.com\/index.php?rest_route=%2Fwp%2Fv2%2Ftags&post=36371"}],"curies":[{"name":"wp","href":"https:\/\/api.w.org\/{rel}","templated":true}]}}