{"id":36369,"date":"2008-02-26T00:45:38","date_gmt":"2008-02-26T00:45:38","guid":{"rendered":"http:\/\/diariodominicano.ddns.net\/?p=36369"},"modified":"2008-02-26T00:45:38","modified_gmt":"2008-02-26T00:45:38","slug":"el-lider-politico-y-sus-cualidades","status":"publish","type":"post","link":"https:\/\/diariodominicano.com\/?p=36369","title":{"rendered":"El L\u00edder Pol\u00edtico y sus Cualidades"},"content":{"rendered":"<p><body><\/p>\n<p class=\"titulogrande1\"><strong>El L\u00edder Pol\u00edtico y sus Cualidades<\/strong><\/p>\n<p>&#13;<\/p>\n<p align=\"justify\" class=\"text1noticias\"><strong>Charles de Gaulle<\/strong>, que fue presidente de Francia, entend\u00eda que el l\u00edder  deb\u00eda tener car\u00e1cter y fortaleza moral. En este aspecto defin\u00eda el car\u00e1cter del  l\u00edder como el ferviente deseo y la fuerza interior de ejercer sus deseos y su  voluntad. <strong>De Gaulle<\/strong> cre\u00eda que las  acciones del l\u00edder sobre sus conciudadanos se justificaban s\u00f3lo cuando el l\u00edder  llevaba aliento a su pa\u00eds. Estos conceptos los resum\u00eda de la manera siguiente:  \u201cEl que un hombre se coloque por encima de su pr\u00f3jimo s\u00f3lo se justifica si  puede aportar a la tarea com\u00fan el aliento y la certidumbre que derivan del  car\u00e1cter\u201d* <\/p>\n<p>&#13;<\/p>\n<p align=\"justify\" class=\"text1noticias\">Con  relaci\u00f3n al car\u00e1cter del l\u00edder <strong>Richard  Nixon<\/strong>, en su libro <strong>\u201cLideres\u201d<\/strong> citando a <strong>Charles de Gaulle<\/strong>,  contin\u00faa dici\u00e9ndonos: El hombre de car\u00e1cter no trata de agradar por encima de  todo a sus superiores, sino que busca ser fiel as\u00ed mismo, su personalidad  abrasiva y la audacia de sus acciones lo hacen impopular entre sus superiores,  que no se dan cuenta que necesitan de hombres de fuerte voluntad a sus  ordenes\u201d*.\u00a0\u00a0\u00a0\u00a0\u00a0\u00a0\u00a0\u00a0\u00a0\u00a0\u00a0\u00a0 <\/p>\n<p>&#13;<\/p>\n<p align=\"justify\" class=\"text1noticias\">Seg\u00fan <strong>Charles de Gaulle<\/strong> los grandes  lideres han de tener tres cualidades\u00a0  sobresalientes como son\u00a0 misterio,  car\u00e1cter\u00a0 y grandeza, por eso nos dice  que todo l\u00edder autentico debe tener en sus planes y conducta algo que los dem\u00e1s  no puedan penetrar, por completo, de esa manera consigue que los dem\u00e1s se  inquieten y busquen explicaciones del porqu\u00e9 de la conducta del l\u00edder y eso  hace que surjan las intrigas y los comentarios entre los dem\u00e1s.\u00a0\u00a0\u00a0\u00a0\u00a0\u00a0\u00a0\u00a0\u00a0\u00a0\u00a0\u00a0\u00a0\u00a0\u00a0\u00a0\u00a0\u00a0\u00a0\u00a0\u00a0\u00a0\u00a0\u00a0\u00a0\u00a0\u00a0\u00a0\u00a0\u00a0\u00a0\u00a0\u00a0\u00a0\u00a0\u00a0\u00a0\u00a0\u00a0\u00a0\u00a0\u00a0 \u00a0\u00a0\u00a0\u00a0\u00a0\u00a0\u00a0\u00a0\u00a0\u00a0\u00a0\u00a0\u00a0\u00a0\u00a0\u00a0\u00a0\u00a0\u00a0\u00a0\u00a0\u00a0\u00a0\u00a0\u00a0\u00a0\u00a0\u00a0\u00a0\u00a0\u00a0\u00a0\u00a0\u00a0\u00a0\u00a0\u00a0\u00a0\u00a0\u00a0\u00a0\u00a0\u00a0\u00a0\u00a0\u00a0\u00a0\u00a0\u00a0\u00a0\u00a0\u00a0\u00a0\u00a0<\/p>\n<p>&#13;<\/p>\n<p align=\"justify\" class=\"text1noticias\">De  acuerdo con <strong>De Gaulle<\/strong> la palabra  l\u00edder implica\u00a0 actuar como gu\u00eda de\u00a0 otros. Tambi\u00e9n el l\u00edder debe ver mas all\u00e1 del  presente por que este tiene que trazar la ruta que se ha de recorrer como  organizaci\u00f3n en el futuro y debe establecer\u00a0  adem\u00e1s cu\u00e1les son los mejores caminos para que la organizaci\u00f3n pueda  avanzar\u00a0 en el terreno social y pol\u00edtico  para poder crecer.\u00a0\u00a0\u00a0\u00a0\u00a0\u00a0\u00a0\u00a0\u00a0\u00a0\u00a0\u00a0\u00a0\u00a0\u00a0\u00a0\u00a0\u00a0\u00a0\u00a0\u00a0\u00a0\u00a0\u00a0\u00a0\u00a0\u00a0\u00a0\u00a0\u00a0\u00a0\u00a0\u00a0\u00a0\u00a0\u00a0\u00a0\u00a0\u00a0\u00a0\u00a0\u00a0\u00a0\u00a0\u00a0\u00a0\u00a0\u00a0\u00a0\u00a0\u00a0\u00a0\u00a0\u00a0 <\/p>\n<p>&#13;<\/p>\n<p align=\"justify\" class=\"text1noticias\">El  autor citado aconsejaba a los lideres mundiales de su \u00e9poca a s\u00f3lo escucharse a  si mismo y ve\u00eda\u00a0 como condiciones  necesarias que todo l\u00edder tuviera confianza en si mismo y auto control de sus  actos. Aconsejaba que ning\u00fan l\u00edder debe perder el auto control. Entend\u00eda que  por encima de todo el l\u00edder debe ser independiente,\u00a0 tanto en sus ideales como en sus acciones.  <br \/>&#13;<br \/>\n  <br \/>&#13;<br \/>\nDec\u00eda que nada realzaba m\u00e1s la autoridad que el silencio. Para este l\u00edder  franc\u00e9s el silencio es una virtud suprema de los m\u00e1s fuertes y entend\u00eda que el  silencio de un l\u00edder s\u00f3lo surte efectos positivos cuando detr\u00e1s de \u00e9l se oculta  una persona con fuerza de mente y determinaci\u00f3n.\u00a0\u00a0\u00a0\u00a0\u00a0\u00a0\u00a0\u00a0\u00a0\u00a0\u00a0\u00a0\u00a0\u00a0\u00a0\u00a0\u00a0\u00a0\u00a0\u00a0\u00a0\u00a0\u00a0\u00a0 <\/p>\n<p>&#13;<\/p>\n<p align=\"justify\" class=\"text1noticias\">Seg\u00fan  este autor el\u00a0 l\u00edder de car\u00e1cter\u00a0 necesita tambi\u00e9n grandeza para ser eficiente.  <br \/>&#13;<br \/>\n  <br \/>&#13;<br \/>\nPuntualizaba que la actitud que debe adornar al l\u00edder debe apuntar alto y  mostrar que posee visi\u00f3n y que act\u00faa a gran escala para establecer su autoridad  sobre el com\u00fan de las personas que llevan una vida com\u00fan sin penetrar en las  profundas aguas de la convivencia humana.<\/p>\n<p>&#13;<\/p>\n<p align=\"justify\" class=\"text1noticias\"><strong>Nicol\u00e1s Maquiavelo<\/strong> en su libro \u201c<strong>Los  Discursos Sobre Tito Livio\u201d,<\/strong> en la pagina 385, al referirse a que los  lideres de voluntad firme nos dice que estos siempre son y han sido los mismos  en toda situaci\u00f3n en que le coloque el destino, y si este cambia, y unas veces  los exalta y en otras los hunde, ellos no var\u00edan, sino que siempre mantienen un  animo firme, y muy acorde con su modo de vida, que cualquiera puede percibir  f\u00e1cilmente que la fortuna ( favorable o desfavorable) no tiene poder sobre  ellos.<br \/>&#13;<br \/>\n  <strong>\u00a0\u00a0\u00a0 <\/strong><br \/>&#13;<br \/>\n  El l\u00edder pol\u00edtico que desea acentuar su personalidad  debe asociar su car\u00e1cter, su voluntad y\u00a0  su determinaci\u00f3n con el poder condicionado, porque ello le facilita  acentuar su liderazgo, sobre todo en estos tiempos modernos, en donde el grupo  y el liderazgo colectivo tiene una tendencia a ser determinante en todas las  organizaciones que manejan recursos humanos y econ\u00f3micos. <\/p>\n<p>&#13;<\/p>\n<p align=\"justify\" class=\"text1noticias\">La personalidad del l\u00edder debe obtener el seguimiento  y la sumisi\u00f3n del grupo por medio de la persuasi\u00f3n, ya que de esa manera va  cultivando la creencia de la gente en su liderazgo y en sus decisiones de  Estado. En cuanto a la personalidad que debe caracterizar al l\u00edder pol\u00edtico, y  que le permite acceder al poder condicionado, para influir en los valores y  creencias de la gente, ha jugado un papel decisivo la convicci\u00f3n y el  convencimiento de las personas en que efectivamente ese liderazgo esta  revestido de una gu\u00eda sobre natural, no accesible a la gente com\u00fan. Ah\u00ed es  donde el poder condicionado pasa a jugar un rol muy importante, en la medida en  que el l\u00edder lo puede utilizar para reproducir un efecto multiplicador en la mente  de la gente, ya que es el poder condicionado\u00a0  el que permite reproducir ideolog\u00eda y valores que inciden y controlan el  pensamiento de los individuos.\u00a0\u00a0\u00a0\u00a0\u00a0\u00a0\u00a0\u00a0\u00a0\u00a0\u00a0\u00a0\u00a0\u00a0\u00a0\u00a0\u00a0\u00a0\u00a0\u00a0\u00a0\u00a0\u00a0\u00a0\u00a0\u00a0\u00a0\u00a0\u00a0\u00a0\u00a0\u00a0\u00a0\u00a0\u00a0\u00a0\u00a0\u00a0\u00a0\u00a0 \u00a0\u00a0\u00a0\u00a0\u00a0\u00a0\u00a0\u00a0\u00a0\u00a0\u00a0\u00a0\u00a0\u00a0\u00a0\u00a0\u00a0\u00a0\u00a0\u00a0\u00a0\u00a0\u00a0\u00a0\u00a0\u00a0\u00a0\u00a0\u00a0\u00a0\u00a0\u00a0\u00a0\u00a0\u00a0\u00a0\u00a0\u00a0\u00a0\u00a0\u00a0\u00a0\u00a0<br \/>&#13;<br \/>\n  Cuando un l\u00edder logra transmitir una comunicaci\u00f3n  efectiva, en donde las personas aceptan que \u00e9l est\u00e1 revestido y amparado en esa  fuerza invisible, pero real, ese tipo de liderazgo tiende a prolongarse, en la  creencia y estimaci\u00f3n de la gente. Esa creencia de la gente de que el  l\u00edder\u00a0 tiene una personalidad amparada en  fuerzas sobrenaturales tiene mayor peso que la\u00a0apariencia de gran intelectual que pueda exhibir un liderazgo.\u00a0\u00a0\u00a0\u00a0\u00a0\u00a0\u00a0\u00a0\u00a0\u00a0\u00a0\u00a0\u00a0\u00a0\u00a0\u00a0\u00a0\u00a0\u00a0\u00a0\u00a0\u00a0\u00a0\u00a0\u00a0\u00a0\u00a0\u00a0\u00a0\u00a0\u00a0\u00a0\u00a0\u00a0\u00a0 \u00a0\u00a0\u00a0\u00a0\u00a0\u00a0\u00a0\u00a0\u00a0\u00a0\u00a0\u00a0\u00a0\u00a0\u00a0\u00a0\u00a0\u00a0\u00a0\u00a0\u00a0<br \/>&#13;<br \/>\n  Todo liderazgo pol\u00edtico puede lograr la sumisi\u00f3n de  sus seguidores a sus fines y objetivos, ajustando su pensamiento y expresiones  a lo que son las creencias y aspiraciones de las gentes. La funci\u00f3n del l\u00edder  es acentuar las creencias de los individuos en su liderazgo y en sus  actuaciones, para de esa manera cosechar los aplausos y acentuar su influencia  de poder en el seno de la sociedad. El l\u00edder pol\u00edtico debe dar seguimiento  permanente a la tendencia en las aspiraciones de la gente, porque ello le  permite identificar la voluntad de la mayor\u00eda, y de esa forma puede adaptarla a  sus propios fines y objetivos pol\u00edticos. <\/p>\n<p>&#13;<\/p>\n<p align=\"justify\" class=\"text1noticias\">En cuanto a la poblaci\u00f3n el l\u00edder deber cuidarse de  que no se le vea como a un t\u00edpico demagogo que identifica problemas y  aspiraciones s\u00f3lo con el objetivo de asumir poses\u00a0 y discursos demag\u00f3gicos a favor de la  gente\u00a0 por los medios de comunicaci\u00f3n. El  verdadero l\u00edder debe identificar problemas y aspiraciones de la gente\u00a0 con el fin de ofrecer soluciones a buena  parte de ellos. El l\u00edder que tiene la capacidad\u00a0  de solucionar problemas es la diferencia con el demagogo t\u00edpico que s\u00f3lo  asume poses para vender imagen y halagar a la gente, ese tipo de liderazgo no  ve la pol\u00edtica como una relaci\u00f3n de poder, ya que el mismo proyecta una  personalidad que no se siente asociada con las fuentes del poder. Ese tipo de  liderazgo da una apariencia que no se corresponde con la realidad\u00a0 y ese comportamiento lo conduce a la  desaparici\u00f3n de ese liderazgo m\u00e1s temprano que tarde.<\/p>\n<p>&#13;<\/p>\n<p align=\"justify\" class=\"text1noticias\">El verdadero l\u00edder es el que tiene\u00a0 caracter\u00edsticas\u00a0 y cualidades personales que le permiten  reconocer la voluntad de su organizaci\u00f3n y de la poblaci\u00f3n y se identifica con  ella, como forma de guiar esa voluntad\u00a0 a  objetivos e intereses que son comunes al grupo. El poder de convencimiento de  un l\u00edder comienza cuando \u00e9ste convence a sus\u00a0  seguidores de que acepten las soluciones que \u00e9l propone para\u00a0 solucionar\u00a0  sus problemas. Cuando un grupo acepta el camino y objetivos\u00a0 que el l\u00edder ha trazado para lograr sus  aspiraciones, defender interese comunes\u00a0  o para defender las reivindicaciones generales de la sociedad, se dice,  entonces que ese liderazgo es consistente y se afianza en el seno de la  poblaci\u00f3n.\u00a0\u00a0\u00a0\u00a0\u00a0\u00a0\u00a0\u00a0\u00a0\u00a0\u00a0\u00a0\u00a0\u00a0\u00a0\u00a0\u00a0 <\/p>\n<p>&#13;<\/p>\n<p align=\"justify\" class=\"text1noticias\"><strong>Evelio Arroyo es Soci\u00f3logo, Abogado y Escritor. Estos  temas son publicados de su libro \u201cLideres y Liderazgos\u201d\u00a0\u00a0\u00a0\u00a0\u00a0\u00a0\u00a0\u00a0\u00a0\u00a0\u00a0\u00a0\u00a0\u00a0\u00a0\u00a0\u00a0\u00a0\u00a0\u00a0\u00a0\u00a0\u00a0\u00a0\u00a0\u00a0\u00a0\u00a0\u00a0\u00a0 <\/strong><\/p>\n<p>&#13;<\/p>\n<h6> 2008-02-26 00:45:38 <\/h6>\n<p><!--\n<link rel=\"stylesheet\" href=\"css\/bootstrap.min.css\">\n\n\n<ul class=\"pagination\">\n\t    \n\t\n\n<li >\n\t<a href='?page_no=12238'>Previous<\/a>\n\t<\/li>\n\n\n       \n    \n\n<li><a href='?page_no=1'>1<\/a><\/li>\n\n\n\n<li><a href='?page_no=2'>2<\/a><\/li>\n\n\n\n<li><a>...<\/a><\/li>\n\n\n\n<li><a href='?page_no=12237'>12237<\/a><\/li>\n\n\n\n<li><a href='?page_no=12238'>12238<\/a><\/li>\n\n\n\n<li class='active'><a>12239<\/a><\/li>\n\n\n\n<li><a href='?page_no=12240'>12240<\/a><\/li>\n\n\n\n<li><a href='?page_no=12241'>12241<\/a><\/li>\n\n\n\n<li><a>...<\/a><\/li>\n\n\n\n<li><a href='?page_no=13611'>13611<\/a><\/li>\n\n\n\n<li><a href='?page_no=13612'>13612<\/a><\/li>\n\n    \n\t\n\n<li >\n\t<a href='?page_no=12240'>Next<\/a>\n\t<\/li>\n\n\n    \n\n<li><a href='?page_no=13612'>Last &rsaquo;&rsaquo;<\/a><\/li>\n\n<\/ul>\n\n\n--><br \/>\n<\/body><\/p>\n","protected":false},"excerpt":{"rendered":"<p>El L\u00edder Pol\u00edtico y sus Cualidades &#13; Charles de Gaulle, que fue presidente de Francia, entend\u00eda que el l\u00edder deb\u00eda tener car\u00e1cter y fortaleza moral. En este aspecto defin\u00eda el car\u00e1cter del l\u00edder como el ferviente deseo y la fuerza interior de ejercer sus deseos y su voluntad. De Gaulle cre\u00eda que las acciones del [&hellip;]<\/p>\n","protected":false},"author":3,"featured_media":0,"comment_status":"open","ping_status":"open","sticky":false,"template":"","format":"standard","meta":{"footnotes":""},"categories":[16],"tags":[],"class_list":["post-36369","post","type-post","status-publish","format-standard","hentry","category-opiniones"],"_links":{"self":[{"href":"https:\/\/diariodominicano.com\/index.php?rest_route=\/wp\/v2\/posts\/36369","targetHints":{"allow":["GET"]}}],"collection":[{"href":"https:\/\/diariodominicano.com\/index.php?rest_route=\/wp\/v2\/posts"}],"about":[{"href":"https:\/\/diariodominicano.com\/index.php?rest_route=\/wp\/v2\/types\/post"}],"author":[{"embeddable":true,"href":"https:\/\/diariodominicano.com\/index.php?rest_route=\/wp\/v2\/users\/3"}],"replies":[{"embeddable":true,"href":"https:\/\/diariodominicano.com\/index.php?rest_route=%2Fwp%2Fv2%2Fcomments&post=36369"}],"version-history":[{"count":0,"href":"https:\/\/diariodominicano.com\/index.php?rest_route=\/wp\/v2\/posts\/36369\/revisions"}],"wp:attachment":[{"href":"https:\/\/diariodominicano.com\/index.php?rest_route=%2Fwp%2Fv2%2Fmedia&parent=36369"}],"wp:term":[{"taxonomy":"category","embeddable":true,"href":"https:\/\/diariodominicano.com\/index.php?rest_route=%2Fwp%2Fv2%2Fcategories&post=36369"},{"taxonomy":"post_tag","embeddable":true,"href":"https:\/\/diariodominicano.com\/index.php?rest_route=%2Fwp%2Fv2%2Ftags&post=36369"}],"curies":[{"name":"wp","href":"https:\/\/api.w.org\/{rel}","templated":true}]}}