{"id":36368,"date":"2008-02-26T13:23:59","date_gmt":"2008-02-26T13:23:59","guid":{"rendered":"http:\/\/diariodominicano.ddns.net\/?p=36368"},"modified":"2008-02-26T13:23:59","modified_gmt":"2008-02-26T13:23:59","slug":"mensaje-de-fidel-a-katiuska-blanco","status":"publish","type":"post","link":"https:\/\/diariodominicano.com\/?p=36368","title":{"rendered":"Mensaje de Fidel a Katiuska Blanco"},"content":{"rendered":"<p><body><\/p>\n<p align=\"justify\"><strong class=\"titulogrande1\">Mensaje de Fidel a Katiuska Blanco<\/strong> <br \/>&#13;<br \/>\n  <br \/>&#13;<br \/>\n    <strong>Con motivo  de la presentaci\u00f3n del libro \u00c1ngel, la ra\u00edz gallega de Fidel, de esta  periodista y escritora cubana<\/strong> <br \/>&#13;<br \/>\n    <br \/>&#13;<br \/>\n    <span class=\"text1noticias\">Querida  Katiuska:<br \/>&#13;<br \/>\n    <br \/>&#13;<br \/>\n    Hoy es la  presentaci\u00f3n de tu libro \u00ab\u00c1ngel\u00bb, en el \u00faltimo d\u00eda de nuestra ya famosa feria.  Te escribo con esta pluma finita para que me alcance el espacio.<br \/>&#13;<br \/>\n    <br \/>&#13;<br \/>\n    T\u00fa por  modestia seguramente no leer\u00e1s las bell\u00edsimas palabras que me enviaste \u2014que me  enviaste\u2014, repet\u00ed por error la frase, debe ser la emoci\u00f3n. Tu carta para m\u00ed  significa el testimonio vivo que brota de quien fuera expediente destacado de  la escuela de periodismo e internacionalista consecuente, en lucha hist\u00f3rica  inmediatamente despu\u00e9s de graduada. T\u00fa sabes abordar el valor inmortal de las  ideas. Al reproducir tu carta, no podr\u00e1s impedir que se divulgue.<br \/>&#13;<br \/>\n    <br \/>\u00abQuerido  Comandante Fidel:<br \/>&#13;<br \/>\n    <br \/>\u00abSent\u00ed  imprescindible el silencio y el paso de las horas para escribirle. Lo hago a  las cinco de la madrugada de hoy, cuando las palabras van siendo un torrente,  una obsesi\u00f3n por desbordarse en catarata. Las luces de la ciudad y las que  coronan la Plaza \u2014rojas e intermitentes\u2014 a\u00fan relumbran en el paisaje m\u00e1s all\u00e1  del cristal de la ventana y pienso en usted. Aunque s\u00e9 la trascendencia  tremenda de su decisi\u00f3n, en alguien que es parte de la historia de la  humanidad, y la conmoci\u00f3n permanente en las calles, la casa, los seres y el aire  que respiramos como sopla el viento de cuaresma, le confieso que para m\u00ed no fue  el momento m\u00e1s dif\u00edcil. Yo le vi cuando entre la vida y la muerte solo le  preocupaba cumplir la palabra. Le escuch\u00e9 bien cuando me dijo una frase  quemante el primero de agosto de 2006. Me habl\u00f3 con valent\u00eda y seguridad de los  \u00faltimos disparos al tiempo y aun as\u00ed se conceb\u00eda como un fusil guerrillero,  como un soldado combatiendo en la eterna batalla por el mundo desde su  trinchera heroica que es nuestra amada Cuba. De usted siempre y desde entonces  m\u00e1s a\u00fan solo espero grandezas y amanecidas.<br \/>&#13;<br \/>\n    <br \/>\u00abToda  su vida ha pasado en im\u00e1genes por la memoria. Tengo la certeza de su sabidur\u00eda  y de que ha recuperado fuerza y ello conforta. S\u00e9 que se dispone como el primer  d\u00eda a este esfuerzo mamb\u00ed como llamaba Jos\u00e9 Mart\u00ed por ser libres y justos  frente al imperio. Tengo la convicci\u00f3n de su visi\u00f3n estrat\u00e9gica as\u00ed que lo  concibo no como soldado, sino como comandante de las ideas, y entonces, canta  mi coraz\u00f3n con Violeta Parra: \u00a1Gracias a la vida que me ha dado tanto&#8230; !<br \/>&#13;<br \/>\n    <br \/>\u00abTambi\u00e9n  he pensado mucho en el ministro Ra\u00fal, en todo lo vivido por \u00e9l en los \u00faltimos  a\u00f1os y en aquella frase suya: \u2018Fidel es mi hermano del alma\u2019. En cosas de la  Revoluci\u00f3n, no importan los cargos ni los nombramientos, \u00e9l continuar\u00e1 siendo  un viol\u00edn a la manera hermosa y noble que lo fue Engels.<br \/>&#13;<br \/>\n    <br \/>\u00abCon  todo fervor lo abrazo y conmigo, los ni\u00f1os de la casa y mi compa\u00f1ero.<br \/>&#13;<br \/>\n    <br \/>\u00abTengo  la seguridad de que su voz se escuchar\u00e1.<br \/>&#13;<br \/>\n    <br \/>\u00abKatiuska.<br \/>&#13;<br \/>\n    <br \/>\u00ab21  de febrero de 2008\u00bb<br \/>&#13;<br \/>\n    <br \/>&#13;<br \/>\nTe a\u00f1ado,  querida Katiuska, que hoy ejerc\u00ed mi derecho al voto como miembro de la Asamblea  Nacional. Me ofrecieron las facilidades necesarias dentro de las prerrogativas  de la misma. <br \/>&#13;<br \/>\n<br \/>&#13;<br \/>\nPido perd\u00f3n a todos por transcribir palabras referidas a mi  persona que nacen de la generosidad de su autora, intachable y sincera. Lo hice  porque no ten\u00eda otra forma de mostrar la reacci\u00f3n natural tanto en Cuba como en  otras partes del mundo, cuando anunci\u00e9 que no aspirar\u00eda ni aceptar\u00eda cargo  alguno en el Consejo de Estado. Me movi\u00f3 un sentimiento de gratitud por una  carta de belleza po\u00e9tica. Cuando hice uso hoy 24 de febrero de mi derecho como  parlamentario, no vot\u00e9 contra ninguno de los candidatos propuestos por la  comisi\u00f3n de candidatura. La defensa se percibe herm\u00e9tica, ante los planes del  imperio. No pienso publicar reflexi\u00f3n alguna en varios d\u00edas.<br \/>&#13;<br \/>\n<br \/>&#13;<br \/>\n    Saludo a  tu bella familia y le agradezco la felicidad que aportan a tu noble vida.<br \/>&#13;<br \/>\n    <br \/>&#13;<br \/>\n    Te ruego  recibas el m\u00e1s caluroso saludo. <br \/>&#13;<br \/>\n    <br \/>&#13;<br \/>\n    Gracias  por el respeto y cari\u00f1o a la figura de \u00c1ngel, cual si fuese un familiar  allegado a ti.<br \/>&#13;<br \/>\n    <br \/>&#13;<br \/>\n    <strong>Fidel  Castro Ruz<br \/>&#13;<br \/>\n    <br \/>&#13;<br \/>\n      Febrero 24 de 2008<br \/>&#13;<br \/>\n      <br \/>&#13;<br \/>\n2 y 36 p.m.<\/strong> <\/span><\/p>\n<p>&#13;<\/p>\n<h6> 2008-02-26 13:23:59 <\/h6>\n<p><!--\n<link rel=\"stylesheet\" href=\"css\/bootstrap.min.css\">\n\n\n<ul class=\"pagination\">\n\t    \n\t\n\n<li >\n\t<a href='?page_no=12237'>Previous<\/a>\n\t<\/li>\n\n\n       \n    \n\n<li><a href='?page_no=1'>1<\/a><\/li>\n\n\n\n<li><a href='?page_no=2'>2<\/a><\/li>\n\n\n\n<li><a>...<\/a><\/li>\n\n\n\n<li><a href='?page_no=12236'>12236<\/a><\/li>\n\n\n\n<li><a href='?page_no=12237'>12237<\/a><\/li>\n\n\n\n<li class='active'><a>12238<\/a><\/li>\n\n\n\n<li><a href='?page_no=12239'>12239<\/a><\/li>\n\n\n\n<li><a href='?page_no=12240'>12240<\/a><\/li>\n\n\n\n<li><a>...<\/a><\/li>\n\n\n\n<li><a href='?page_no=13611'>13611<\/a><\/li>\n\n\n\n<li><a href='?page_no=13612'>13612<\/a><\/li>\n\n    \n\t\n\n<li >\n\t<a href='?page_no=12239'>Next<\/a>\n\t<\/li>\n\n\n    \n\n<li><a href='?page_no=13612'>Last &rsaquo;&rsaquo;<\/a><\/li>\n\n<\/ul>\n\n\n--><br \/>\n<\/body><\/p>\n","protected":false},"excerpt":{"rendered":"<p>Mensaje de Fidel a Katiuska Blanco &#13; &#13; Con motivo de la presentaci\u00f3n del libro \u00c1ngel, la ra\u00edz gallega de Fidel, de esta periodista y escritora cubana &#13; &#13; Querida Katiuska:&#13; &#13; Hoy es la presentaci\u00f3n de tu libro \u00ab\u00c1ngel\u00bb, en el \u00faltimo d\u00eda de nuestra ya famosa feria. Te escribo con esta pluma finita [&hellip;]<\/p>\n","protected":false},"author":3,"featured_media":0,"comment_status":"open","ping_status":"open","sticky":false,"template":"","format":"standard","meta":{"footnotes":""},"categories":[16],"tags":[],"class_list":["post-36368","post","type-post","status-publish","format-standard","hentry","category-opiniones"],"_links":{"self":[{"href":"https:\/\/diariodominicano.com\/index.php?rest_route=\/wp\/v2\/posts\/36368","targetHints":{"allow":["GET"]}}],"collection":[{"href":"https:\/\/diariodominicano.com\/index.php?rest_route=\/wp\/v2\/posts"}],"about":[{"href":"https:\/\/diariodominicano.com\/index.php?rest_route=\/wp\/v2\/types\/post"}],"author":[{"embeddable":true,"href":"https:\/\/diariodominicano.com\/index.php?rest_route=\/wp\/v2\/users\/3"}],"replies":[{"embeddable":true,"href":"https:\/\/diariodominicano.com\/index.php?rest_route=%2Fwp%2Fv2%2Fcomments&post=36368"}],"version-history":[{"count":0,"href":"https:\/\/diariodominicano.com\/index.php?rest_route=\/wp\/v2\/posts\/36368\/revisions"}],"wp:attachment":[{"href":"https:\/\/diariodominicano.com\/index.php?rest_route=%2Fwp%2Fv2%2Fmedia&parent=36368"}],"wp:term":[{"taxonomy":"category","embeddable":true,"href":"https:\/\/diariodominicano.com\/index.php?rest_route=%2Fwp%2Fv2%2Fcategories&post=36368"},{"taxonomy":"post_tag","embeddable":true,"href":"https:\/\/diariodominicano.com\/index.php?rest_route=%2Fwp%2Fv2%2Ftags&post=36368"}],"curies":[{"name":"wp","href":"https:\/\/api.w.org\/{rel}","templated":true}]}}