{"id":36364,"date":"2008-02-28T15:44:24","date_gmt":"2008-02-28T15:44:24","guid":{"rendered":"http:\/\/diariodominicano.ddns.net\/?p=36364"},"modified":"2008-02-28T15:44:24","modified_gmt":"2008-02-28T15:44:24","slug":"el-tiro-rapido-289","status":"publish","type":"post","link":"https:\/\/diariodominicano.com\/?p=36364","title":{"rendered":"EL TIRO RAPIDO"},"content":{"rendered":"<p><body><\/p>\n<p><span class=\"titulogrande1\">EL TIRO RAPIDO<\/span><br \/>&#13;<br \/>\n  <br \/>&#13;<br \/>\n    <strong>de<\/strong><br \/>&#13;<br \/>\n  <br \/>&#13;<br \/>\n  <span class=\"textogrande\">Mario  Rivadulla<\/span><\/p>\n<p>&#13;<\/p>\n<p align=\"justify\" class=\"text1noticias\">Si el hecho criminal que motiv\u00f2 la vigilia montada\u00a0 frente al edificio de la Suprema Corte de  Justicia por un grupo de organizaciones reclamando el apresamiento de seis de  los siete hombres que habr\u00ecan violado durante dos d\u00ecas consecutivos a una menor  hu\u00e8rfana se corresponde con el relato publicado por\u00a0 el List\u00ecn Diario, entonces estamos en  presencia de un drama jur\u00ecdico pero tambi\u00e8n humano que estremece hasta lo m\u00e0s  profundo de la conciencia.<\/p>\n<p>&#13;<\/p>\n<p align=\"justify\" class=\"text1noticias\">Seg\u00f9n el reportaje del centenario  matutino, que firma Ram\u00f2n Cruz Benz\u00e0n, la menor, cuyo nombre de omite por  razones legales, fue v\u00ecctima de este salvaje atentado el 21 de febrero del  2006. Desde entonces han pasado m\u00e0s de dos a\u00f1os.<\/p>\n<p>&#13;<\/p>\n<p align=\"justify\" class=\"text1noticias\">Previamente la menor ya hab\u00eca  sido cruelmente marcada por el destino por otra circunstancia no menos horrenda  cuando tuvo que asistir a la violaci\u00f2n de su propia madre, quien d\u00ecas despu\u00e8s  apareci\u00f2 asesinada.<\/p>\n<p>&#13;<\/p>\n<p align=\"justify\" class=\"text1noticias\">En el documento entregado al  Presidente de la Suprema, doctor Jorge Subero Isa, por dos representantes de  las organizaciones que realizaron la demostraci\u00f2n y dos t\u00ecas de la menor  abusada, no solo reclaman el apresamiento y sanci\u00f2n para los presuntos  violadores.<\/p>\n<p>&#13;<\/p>\n<p align=\"justify\" class=\"text1noticias\">Se cuestiona tambi\u00e8n el hecho  de que el Tribunal Colegiado de Jiman\u00ec dispusiera la libertad de Ernesto P\u00e8rez,  alias \u201cMeneo\u201d, \u00f9nico apresado del grupo de siete implicados en el caso.Y se  reclama del Jefe de la Polic\u00eca Nacional disponer la cancelaci\u00f2n y env\u00eco a los  tribunales civiles del personal policial que integra la dotaci\u00f2n de Jiman\u00ec, a  la que acusan de negligencia y posible complicidad al facilitar la fuga de otro  acusado Tirson V\u00e0zquez Mancebo, al\u00ecas \u201cChita\u201d.<\/p>\n<p>&#13;<\/p>\n<p align=\"justify\" class=\"text1noticias\">El caso que comentamos presenta  aspectos tan horrendos y repulsivos a la par que preocupantes, en tanto arroja  dudas sobre el comportamiento de los miembros de un tribunal y de una dotaci\u00f2n  policial, que exige ser investigado en profundidad para depurar posibles  responsabilidades si las hubiese.\u00a0 Al  mismo tiempo,\u00a0 una diligente acci\u00f2n  policial para apresar a los presuntos autores de los hechos imputados,  establecer `posibles niveles de culpa, someter a la Justicia y \u00e8sta aplicar las  sanciones m\u00e0s rigurosas establecidas en el actual C\u00f2digo Procesal Penal.<\/p>\n<p>&#13;<\/p>\n<p align=\"justify\" class=\"text1noticias\">Este, en tanto cuenta con  defensores que lo consideran un instrumento de modernizaci\u00f2n de la  justicia,\u00a0 ha sido y sigue siendo objeto  de muchas cr\u00ecticas por parte de reconocidos juristas, entre \u00e8stos el muy  respetado magistrado de la Suprema Rafael Luciano Pichardo.<\/p>\n<p>&#13;<\/p>\n<p align=\"justify\" class=\"text1noticias\">Entre las principales  objecciones figuran el que no se adapta a nuestra realidad; que en muchos  aspectos protege en demas\u00eca a los delincuentes,\u00a0  a\u00f9n los pertinaces reincidentes,\u00a0en desmedro de los derechos de la sociedad; que contiene normas de procedimiento  que representan una verdadera camisa de fuerza para jueces y magistrados verse  obligados a dictar autos de no ha lugar y facilitar la libertad de elementos  peligrosos y reconocidos criminales.<\/p>\n<p>&#13;<\/p>\n<p align=\"justify\" class=\"text1noticias\">En este sentido, es posible que  al disponer la libertad del \u00f9nico encarcelado por el hecho criminal que  comentamos,\u00a0 el tribunal de Jiman\u00ec se  haya visto compelido a hacerlo por inexorable apego al C\u00f2digo. Pero la raz\u00f2n  del fallo dictado deber\u00e0 ser investigado y evaluado por la Suprema Corte de  Justicia, tambi\u00e8n con estricto apego al Derecho.<\/p>\n<p>&#13;<\/p>\n<p align=\"justify\" class=\"text1noticias\">En cuanto al comportamiento de  la dotaci\u00f2n policial de Jiman\u00ec, corresponder\u00e0 tambi\u00e8n al propio cuerpo a que  pertenecen,\u00a0 que cuenta con un  Departamento de Asuntos Internos, establecer si fue descuido o complicidad lo  que permiti\u00f2 la fuga de uno de los implicados en la repugnante acci\u00f2n. Pero tambi\u00e8n  ponerse las pilas para reapresarlo y localizar y someter a la totalidad de los  involucrados.\u00a0 El Jefe de la instutici\u00f2n  ha dado seguridades de que no tolerar\u00e0 ni abusos ni inconductas en el personal  uniformado. Tiene ahora oportunidad de probarlo.<\/p>\n<p>&#13;<\/p>\n<p align=\"justify\" class=\"text1noticias\">Aprisionado en medio de estos  dos justos reclamos de justicia, quedar\u00e0\u00a0  el temprano drama que por partida doble le ha tocado en suerte a esta  infortunada ni\u00f1a: primero como obligado testigo del crimen incalificable sobre  su propia madre,\u00a0 y luego como v\u00ecctima  ella misma de la m\u00e0s inhumana y brutal acci\u00f2n criminal, merecedora del mayor de  los castigos.<\/p>\n<p>&#13;<\/p>\n<p align=\"justify\" class=\"text1noticias\">M\u00e0s importante a\u00f9n: una tarea  de infinito amor de sus familiares y de entregada dedicaci\u00f2n de psiquiatras y  psic\u00f2logos para ahuyentar los demonios que pueblan su mente, llevar sosiego a  su alma torturada y ayudarla a recobrar la oportunidad de una vida sana y  provechosa arrebatada por un grupo de desalmados pervertidos y degenerados.<\/p>\n<p>&#13;<\/p>\n<p align=\"justify\" class=\"text1noticias\">Dios lo quiera.<\/p>\n<p>&#13;<\/p>\n<h6> 2008-02-28 15:44:24 <\/h6>\n<p><!--\n<link rel=\"stylesheet\" href=\"css\/bootstrap.min.css\">\n\n\n<ul class=\"pagination\">\n\t    \n\t\n\n<li >\n\t<a href='?page_no=12233'>Previous<\/a>\n\t<\/li>\n\n\n       \n    \n\n<li><a href='?page_no=1'>1<\/a><\/li>\n\n\n\n<li><a href='?page_no=2'>2<\/a><\/li>\n\n\n\n<li><a>...<\/a><\/li>\n\n\n\n<li><a href='?page_no=12232'>12232<\/a><\/li>\n\n\n\n<li><a href='?page_no=12233'>12233<\/a><\/li>\n\n\n\n<li class='active'><a>12234<\/a><\/li>\n\n\n\n<li><a href='?page_no=12235'>12235<\/a><\/li>\n\n\n\n<li><a href='?page_no=12236'>12236<\/a><\/li>\n\n\n\n<li><a>...<\/a><\/li>\n\n\n\n<li><a href='?page_no=13611'>13611<\/a><\/li>\n\n\n\n<li><a href='?page_no=13612'>13612<\/a><\/li>\n\n    \n\t\n\n<li >\n\t<a href='?page_no=12235'>Next<\/a>\n\t<\/li>\n\n\n    \n\n<li><a href='?page_no=13612'>Last &rsaquo;&rsaquo;<\/a><\/li>\n\n<\/ul>\n\n\n--><br \/>\n<\/body><\/p>\n","protected":false},"excerpt":{"rendered":"<p>EL TIRO RAPIDO&#13; &#13; de&#13; &#13; Mario Rivadulla &#13; Si el hecho criminal que motiv\u00f2 la vigilia montada\u00a0 frente al edificio de la Suprema Corte de Justicia por un grupo de organizaciones reclamando el apresamiento de seis de los siete hombres que habr\u00ecan violado durante dos d\u00ecas consecutivos a una menor hu\u00e8rfana se corresponde con [&hellip;]<\/p>\n","protected":false},"author":3,"featured_media":0,"comment_status":"open","ping_status":"open","sticky":false,"template":"","format":"standard","meta":{"footnotes":""},"categories":[16],"tags":[],"class_list":["post-36364","post","type-post","status-publish","format-standard","hentry","category-opiniones"],"_links":{"self":[{"href":"https:\/\/diariodominicano.com\/index.php?rest_route=\/wp\/v2\/posts\/36364","targetHints":{"allow":["GET"]}}],"collection":[{"href":"https:\/\/diariodominicano.com\/index.php?rest_route=\/wp\/v2\/posts"}],"about":[{"href":"https:\/\/diariodominicano.com\/index.php?rest_route=\/wp\/v2\/types\/post"}],"author":[{"embeddable":true,"href":"https:\/\/diariodominicano.com\/index.php?rest_route=\/wp\/v2\/users\/3"}],"replies":[{"embeddable":true,"href":"https:\/\/diariodominicano.com\/index.php?rest_route=%2Fwp%2Fv2%2Fcomments&post=36364"}],"version-history":[{"count":0,"href":"https:\/\/diariodominicano.com\/index.php?rest_route=\/wp\/v2\/posts\/36364\/revisions"}],"wp:attachment":[{"href":"https:\/\/diariodominicano.com\/index.php?rest_route=%2Fwp%2Fv2%2Fmedia&parent=36364"}],"wp:term":[{"taxonomy":"category","embeddable":true,"href":"https:\/\/diariodominicano.com\/index.php?rest_route=%2Fwp%2Fv2%2Fcategories&post=36364"},{"taxonomy":"post_tag","embeddable":true,"href":"https:\/\/diariodominicano.com\/index.php?rest_route=%2Fwp%2Fv2%2Ftags&post=36364"}],"curies":[{"name":"wp","href":"https:\/\/api.w.org\/{rel}","templated":true}]}}