{"id":363630,"date":"2022-06-24T00:00:29","date_gmt":"2022-06-24T04:00:29","guid":{"rendered":"http:\/\/diariodominicano.com\/?p=363630"},"modified":"2022-06-24T00:02:13","modified_gmt":"2022-06-24T04:02:13","slug":"la-dictadura-de-trujillo-anuncio-la-muerte-de-217-expedicionarios-de-junio-de-1959","status":"publish","type":"post","link":"https:\/\/diariodominicano.com\/?p=363630","title":{"rendered":"La dictadura de Trujillo anunci\u00f3 la muerte de 217 expedicionarios de junio de 1959"},"content":{"rendered":"\n<p>SANTO DOMINGO, el\u00a0 24 de junio de 1959, las fuerzas militares  de la dictadura de Rafael Le\u00f3nidas Trujillo\u00a0 Molina,  continuaron la caza de los expedicionarios  que a\u00fan sobreviv\u00edan de la gesta de junio de 1959.<\/p>\n\n\n\n<p>&nbsp;&nbsp;&nbsp; El d\u00eda 24 de junio de 1959, a las 8:45 de la ma\u00f1ana, el teniente coronel&nbsp; Renato Hungr\u00eda Morel, Ej\u00e9rcito Nacional, inform\u00f3 que fue hecho prisionero gravemente herido, por el campesino Florentino Tamarez, el barbudo V\u00edctor Rivera, dominicano,&nbsp; natural de ciudad Trujillo, quien declar\u00f3 que&nbsp; despu\u00e9s del bombardeo un amigo suyo de apellido Del Giudice se escap\u00f3, pero lo mataron posteriormente.<\/p>\n\n\n\n<p>&nbsp;&nbsp;&nbsp; Barbudo fue el mote que la dictadura le puso a los expedicionarios de junio de 1959, pues iban con barbas porque no ten\u00edan facilidades para afeitarse.<\/p>\n\n\n\n<p>\u00a0\u00a0\u00a0 El 24 de junio de 1959, se public\u00f3 en la prensa trujillista un comunicado de las Fuerzas Armadas, en el que se\u00a0\u00a0 daba cuenta que a la\u00a0 fecha\u00a0 hay 217 expedicionarios muertos.<\/p>\n\n\n\n<p><strong>\u00a0\u00a0\u00a0\u00a0 La mayor\u00eda murieron fusilados y en emboscadas<\/strong><\/p>\n\n\n\n<p>&nbsp;&nbsp;&nbsp;&nbsp; Las fuerzas Armadas pudieron acabar con rapidez con los expedicionarios, porque el hambre, la sed y el agotamiento f\u00edsico los convirtieron en presas f\u00e1ciles de las fuerzas regulares.<\/p>\n\n\n\n<p>&nbsp;&nbsp;&nbsp;&nbsp;&nbsp;&nbsp;&nbsp;&nbsp;&nbsp; La dictadura tambi\u00e9n form\u00f3 grupos campesinos armados que se dedicaron&nbsp; a perseguir y matar a los guerrilleros que localizaron.<\/p>\n\n\n\n<p>&nbsp;&nbsp;&nbsp;&nbsp; La gesta de junio de 1959, constituy\u00f3 para los dominicanos un despertar.&nbsp; Una derrota militar que se\u00f1alar\u00eda la v\u00eda para la lucha que no se detendr\u00eda hasta terminar con la dictadura de Trujillo.<\/p>\n\n\n\n<p>&nbsp;&nbsp; Entre los primeros objetivos de los expedicionarios figuran: Derrocar por todos los medios a su alcance el r\u00e9gimen de opresi\u00f3n y sangre establecido en la Rep\u00fablica Dominicana por Rafael Le\u00f3nidas Trujillo desde el a\u00f1o 1930.<\/p>\n\n\n\n<p>&nbsp;&nbsp;&nbsp;&nbsp;&nbsp;&nbsp;&nbsp; As\u00ed como establecer, un gobierno provisional democr\u00e1tico revolucionario que en un per\u00edodo de dos a\u00f1os ponga en marcha el programa de la Revoluci\u00f3n y cree las condiciones para que el pueblo dominicano pueda ejercer libremente sus derechos pol\u00edticos y sociales. Y derogar toda la legislaci\u00f3n antidemocr\u00e1tica de la tiran\u00eda.<\/p>\n\n\n\n<p>&nbsp;&nbsp;&nbsp;&nbsp;&nbsp;&nbsp; A la dictadura de Trujillo le result\u00f3 f\u00e1cil aniquilar los expedicionarios que llegaron por Maim\u00f3n y Estero Hondo, porque los organismos de seguridad ten\u00edan informaciones de sus servicios de espionaje en Cuba y establecieron vigilancia en la costa norte, lo que le permiti\u00f3 a la Marina de Guerra, a la Aviaci\u00f3n Militar y al Ej\u00e9rcito entrar en&nbsp; acci\u00f3n tan pronto fue detectada en aguas de Maim\u00f3n la primera lancha, la Carmen Elsa.<\/p>\n\n\n\n<p>El&nbsp; 21 de junio de 1959, el peri\u00f3dico El Caribe public\u00f3 una informaci\u00f3n en la que difundi\u00f3 la versi\u00f3n de la&nbsp; Dictadura de Trujillo, que indic\u00f3&nbsp; las fuerzas regulares aplastaron las expediciones de junio de 1959.<\/p>\n\n\n\n<p>&nbsp;&nbsp;&nbsp; &nbsp;&nbsp;&nbsp;&nbsp;&nbsp; Seg\u00fan El Caribe del d\u00eda 21 de junio de 1959,&nbsp; las operaciones para acabar con los expedicionarios la dirigi\u00f3&nbsp; \u201cpersonalmente\u201d el dictador Rafael Le\u00f3nidas Trujillo Molina.<\/p>\n\n\n\n<p>&nbsp;&nbsp;&nbsp; &nbsp;&nbsp;&nbsp;&nbsp;&nbsp; La informaci\u00f3n calific\u00f3 a los h\u00e9roes de junio de 1959, como \u201csediciosos\u201d. Asimismo, sostuvo que el aplastamiento de las expediciones fue una gesta heroica para preservar la tranquilidad y la paz de la ciudadan\u00eda.<\/p>\n\n\n\n<p>&nbsp;&nbsp; &nbsp;&nbsp;&nbsp;&nbsp;&nbsp;&nbsp; El primer grupo de los&nbsp; expedicionarios lleg\u00f3&nbsp; a&nbsp; Rep\u00fablica Dominicana&nbsp; el 14 de junio de 1959, en un avi\u00f3n Catalina que aterriz\u00f3 en Constanza, y el segundo grupo, en dos lanchas que tocaron aguas del Atl\u00e1ntico por Maim\u00f3n y Estero Hondo, en la provincia Puerto Plata, el 20 de junio.<\/p>\n","protected":false},"excerpt":{"rendered":"<p>SANTO DOMINGO, el\u00a0 24 de junio de 1959, las fuerzas militares de la dictadura de Rafael Le\u00f3nidas Trujillo\u00a0 Molina, continuaron la caza de los expedicionarios que a\u00fan sobreviv\u00edan de la gesta de junio de 1959. &nbsp;&nbsp;&nbsp; El d\u00eda 24 de junio de 1959, a las 8:45 de la ma\u00f1ana, el teniente coronel&nbsp; Renato Hungr\u00eda Morel, [&hellip;]<\/p>\n","protected":false},"author":28,"featured_media":361439,"comment_status":"closed","ping_status":"","sticky":true,"template":"","format":"standard","meta":{"footnotes":""},"categories":[26,27],"tags":[],"class_list":["post-363630","post","type-post","status-publish","format-standard","has-post-thumbnail","hentry","category-efemerides","category-portada"],"_links":{"self":[{"href":"https:\/\/diariodominicano.com\/index.php?rest_route=\/wp\/v2\/posts\/363630","targetHints":{"allow":["GET"]}}],"collection":[{"href":"https:\/\/diariodominicano.com\/index.php?rest_route=\/wp\/v2\/posts"}],"about":[{"href":"https:\/\/diariodominicano.com\/index.php?rest_route=\/wp\/v2\/types\/post"}],"author":[{"embeddable":true,"href":"https:\/\/diariodominicano.com\/index.php?rest_route=\/wp\/v2\/users\/28"}],"replies":[{"embeddable":true,"href":"https:\/\/diariodominicano.com\/index.php?rest_route=%2Fwp%2Fv2%2Fcomments&post=363630"}],"version-history":[{"count":1,"href":"https:\/\/diariodominicano.com\/index.php?rest_route=\/wp\/v2\/posts\/363630\/revisions"}],"predecessor-version":[{"id":363631,"href":"https:\/\/diariodominicano.com\/index.php?rest_route=\/wp\/v2\/posts\/363630\/revisions\/363631"}],"wp:featuredmedia":[{"embeddable":true,"href":"https:\/\/diariodominicano.com\/index.php?rest_route=\/wp\/v2\/media\/361439"}],"wp:attachment":[{"href":"https:\/\/diariodominicano.com\/index.php?rest_route=%2Fwp%2Fv2%2Fmedia&parent=363630"}],"wp:term":[{"taxonomy":"category","embeddable":true,"href":"https:\/\/diariodominicano.com\/index.php?rest_route=%2Fwp%2Fv2%2Fcategories&post=363630"},{"taxonomy":"post_tag","embeddable":true,"href":"https:\/\/diariodominicano.com\/index.php?rest_route=%2Fwp%2Fv2%2Ftags&post=363630"}],"curies":[{"name":"wp","href":"https:\/\/api.w.org\/{rel}","templated":true}]}}