{"id":363626,"date":"2022-06-23T23:50:31","date_gmt":"2022-06-24T03:50:31","guid":{"rendered":"http:\/\/diariodominicano.com\/?p=363626"},"modified":"2022-06-23T23:51:33","modified_gmt":"2022-06-24T03:51:33","slug":"juan-bautista-perez-rancier-el-juez-que-defendio-la-independencia-del-poder-judicial","status":"publish","type":"post","link":"https:\/\/diariodominicano.com\/?p=363626","title":{"rendered":"Juan Bautista P\u00e9rez Rancier: el juez que defendi\u00f3 la independencia del Poder Judicial"},"content":{"rendered":"\n<p><strong>Imagen de Juan Bautista P\u00e9rez Rancier y Cayo B\u00e1ez.<\/strong><\/p>\n\n\n\n<p><strong>Por H\u00e9ctor Tineo Nolasco<\/strong><\/p>\n\n\n\n<p>Diariodominicano.com<\/p>\n\n\n\n<p><\/p>\n\n\n\n<p>\u00a0 SANTO DOMINGO,\u00a0 el 24 de junio de 1883, naci\u00f3 en la ciudad Santiago de los Caballeros, Juan Bautista P\u00e9rez Rancier, \u00a0hijo del licenciado Genaro P\u00e9rez Tavares y Elisa Rancier Valverde.<\/p>\n\n\n\n<p><strong>Se \u00a0destac\u00f3\u00a0 como abogado defensor de la independencia\u00a0 del Poder Judicial y\u00a0 promotor de acciones para evitar el deterioro del medio ambiente.<\/strong><\/p>\n\n\n\n<p>&nbsp; &nbsp;&nbsp;&nbsp;Curs\u00f3 sus estudios primarios en Santiago y los estudios secundarios&nbsp; en&nbsp; Estados Unidos y Canad\u00e1, durante el&nbsp; per\u00edodo de 1901 al 1908.<\/p>\n\n\n\n<p>&nbsp;&nbsp;&nbsp;&nbsp; De 1909 a 1914 estudi\u00f3 en la facultad de derecho de la Universidad de Par\u00eds, donde obtuvo el t\u00edtulo de&nbsp; Doctor en Derecho,&nbsp; y un diploma especial&nbsp; en la Escuela de Derecho Administrativo&nbsp; y Ciencias Financieras.<\/p>\n\n\n\n<p>&nbsp;&nbsp;&nbsp; Durante su residencia en Par\u00eds, aprendi\u00f3 los idiomas ingl\u00e9s, franc\u00e9s,&nbsp; alem\u00e1n y lat\u00edn.<\/p>\n\n\n\n<p>\u00a0\u00a0\u00a0 <strong>El escritor Jos\u00e9 Ulises Franco, en su obra \u201cPerfiles y Cosas Dominicanas\u201d,\u00a0 publicada en Santiago\u00a0 en el a\u00f1o\u00a0 1974,\u00a0 refiere que por su prestigio Juan Bautista P\u00e9rez Rancier, fue propuesto como opci\u00f3n para ser Presidente de la Rep\u00fablica o Vicepresidente, pero siempre declin\u00f3 las ofertas.<\/strong><\/p>\n\n\n\n<p>&nbsp;&nbsp; Destaca que cre\u00eda en un poder judicial independiente y sosten\u00eda la idea de que \u201cCuando la pol\u00edtica entra por la puerta de un tribunal, la justicia salta por la ventana\u201d.<\/p>\n\n\n\n<p>&nbsp;&nbsp;&nbsp; En &nbsp;1915, Juan Bautista P\u00e9rez Rancier&nbsp; fue designado juez de la Corte de Apelaci\u00f3n de Santiago, y en el a\u00f1o 1916, durante los d\u00edas del 4 de julio al 24 de agosto&nbsp; fue designado por el Ayuntamiento de Santiago de los Caballeros, como Gobernador Civil y Militar de la provincia, como una forma de asegurar&nbsp; las garant\u00edas ciudadanas durante la intervenci\u00f3n militar de Estados Unidos.<\/p>\n\n\n\n<p>&nbsp;&nbsp; Durante el&nbsp; a\u00f1o 1916,&nbsp; tambi\u00e9n ejerci\u00f3 las funciones de presidente de la Corte de Apelaci\u00f3n&nbsp; de Santiago y luego fue reelecto para el per\u00edodo 1920-1928.&nbsp; En el mismo per\u00edodo imparti\u00f3 la c\u00e1tedra de Derecho Romano del Instituto&nbsp; Profesional de Santiago de los Caballeros.<\/p>\n\n\n\n<p>&nbsp;&nbsp;&nbsp; El 26 de diciembre de 1917 contrajo matrimonio con Mari\u00e9n Moya Franco, oriunda de La Vega, con quien procre\u00f3 a sus hijos Genaro, Carmen, Tom\u00e1s,&nbsp; Batista, Juan y Luis.<\/p>\n\n\n\n<p>&nbsp;&nbsp;&nbsp; De la vida de magistrado de Juan Bautista P\u00e9rez Rancier, Jos\u00e9&nbsp; Ulises Franco refiere:&nbsp; \u201cCu\u00e9ntase que en cierta ocasi\u00f3n, el 28 de febrero de 1920, durante la causa seguida a un ex comisario municipal de Salcedo, acusado conjuntamente con otras personas, por un delito&nbsp; de crimen, don Juan Bautista P\u00e9rez&nbsp; indignado ante las torturas a que fuera sometido injustamente Ram\u00f3n Leonardo B\u00e1ez, uno de los testigos, estrell\u00f3 el Cristo que presid\u00eda la audiencia, con lo que expres\u00f3 su en\u00e9rgica protesta por tan incalificable atropello. Desde entonces a Juan Bautista P\u00e9rez se le calific\u00f3 como \u201cEl hombre del Cristo\u201d.<\/p>\n\n\n\n<p>&nbsp;&nbsp;&nbsp; Adem\u00e1s de ser un eminente abogado y hombre p\u00fablico, Juan Bautista P\u00e9rez Rancier&nbsp; cultiv\u00f3 el alpinismo, explorando la Cordillera&nbsp; Central en varias ocasiones. Se distingui\u00f3 como un defensor de las riquezas forestales.<\/p>\n\n\n\n<p>&nbsp;&nbsp; En el a\u00f1o 1920, en compa\u00f1\u00eda del eminente M\u00e9dico&nbsp; L\u00e1zaro Canela,&nbsp; levant\u00f3&nbsp; un estudio en el que establece lo que debe ser el \u201cVedado del Yaque\u201d, como una forma de preservar su riqueza como fuente de agua.&nbsp; El documento qued\u00f3 a la posteridad como ejemplo de lo que fue la conclusi\u00f3n de un cient\u00edfico previsor.<\/p>\n\n\n\n<p>En su honor Valle Nuevo fue declarado Parque Nacional Juan Bautista P\u00e9rez Rancier.<\/p>\n\n\n\n<p>&nbsp;&nbsp;&nbsp; Por defender la independencia del Poder Judicial ante las presiones del naciente Gobierno del General Rafael&nbsp; Le\u00f3nidas Trujillo Molina, Juan Bautista P\u00e9rez fue dejado sin funciones en el a\u00f1o 1931 y luego rechaz\u00f3&nbsp; el nombramiento como juez de la Suprema Corte de Justicia.<\/p>\n\n\n\n<p>&nbsp;&nbsp; Como consecuencia de la nueva situaci\u00f3n creada en el pa\u00eds, viaj\u00f3 en julio de 1931 con&nbsp; destino a Europa.&nbsp; Fij\u00f3 domicilio en Las Islas Canarias, en la Ciudad Universitaria de San Crist\u00f3bal de La Laguna. All\u00ed muri\u00f3 el 13 de febrero de&nbsp; 1968.<\/p>\n\n\n\n<p>&nbsp;&nbsp; Parte de los ensayos sobre ciencias, derecho, sociolog\u00eda y geograf\u00eda, fueron publicados en una recopilaci\u00f3n que patrocin\u00f3 la Academia Dominicana de&nbsp; Geograf\u00eda, con el t\u00edtulo&nbsp; de \u201cGeograf\u00eda y Sociedad\u201d (1972).<\/p>\n\n\n\n<p>&nbsp;&nbsp; Su labor cient\u00edfica&nbsp; y de defensa al medio ambiente tambi\u00e9n es resaltada&nbsp; por&nbsp; el maestro de la medicina dominicana, doctor Antonio Zaglul, en su \u00faltima obra sobre el doctor L\u00e1zaro Canela, publicada p\u00f3stumamente en el a\u00f1o 1998.<\/p>\n","protected":false},"excerpt":{"rendered":"<p>Imagen de Juan Bautista P\u00e9rez Rancier y Cayo B\u00e1ez. Por H\u00e9ctor Tineo Nolasco Diariodominicano.com \u00a0 SANTO DOMINGO,\u00a0 el 24 de junio de 1883, naci\u00f3 en la ciudad Santiago de los Caballeros, Juan Bautista P\u00e9rez Rancier, \u00a0hijo del licenciado Genaro P\u00e9rez Tavares y Elisa Rancier Valverde. Se \u00a0destac\u00f3\u00a0 como abogado defensor de la independencia\u00a0 del Poder [&hellip;]<\/p>\n","protected":false},"author":28,"featured_media":265005,"comment_status":"closed","ping_status":"","sticky":true,"template":"","format":"standard","meta":{"footnotes":""},"categories":[26,27],"tags":[],"class_list":["post-363626","post","type-post","status-publish","format-standard","has-post-thumbnail","hentry","category-efemerides","category-portada"],"_links":{"self":[{"href":"https:\/\/diariodominicano.com\/index.php?rest_route=\/wp\/v2\/posts\/363626","targetHints":{"allow":["GET"]}}],"collection":[{"href":"https:\/\/diariodominicano.com\/index.php?rest_route=\/wp\/v2\/posts"}],"about":[{"href":"https:\/\/diariodominicano.com\/index.php?rest_route=\/wp\/v2\/types\/post"}],"author":[{"embeddable":true,"href":"https:\/\/diariodominicano.com\/index.php?rest_route=\/wp\/v2\/users\/28"}],"replies":[{"embeddable":true,"href":"https:\/\/diariodominicano.com\/index.php?rest_route=%2Fwp%2Fv2%2Fcomments&post=363626"}],"version-history":[{"count":3,"href":"https:\/\/diariodominicano.com\/index.php?rest_route=\/wp\/v2\/posts\/363626\/revisions"}],"predecessor-version":[{"id":363629,"href":"https:\/\/diariodominicano.com\/index.php?rest_route=\/wp\/v2\/posts\/363626\/revisions\/363629"}],"wp:featuredmedia":[{"embeddable":true,"href":"https:\/\/diariodominicano.com\/index.php?rest_route=\/wp\/v2\/media\/265005"}],"wp:attachment":[{"href":"https:\/\/diariodominicano.com\/index.php?rest_route=%2Fwp%2Fv2%2Fmedia&parent=363626"}],"wp:term":[{"taxonomy":"category","embeddable":true,"href":"https:\/\/diariodominicano.com\/index.php?rest_route=%2Fwp%2Fv2%2Fcategories&post=363626"},{"taxonomy":"post_tag","embeddable":true,"href":"https:\/\/diariodominicano.com\/index.php?rest_route=%2Fwp%2Fv2%2Ftags&post=363626"}],"curies":[{"name":"wp","href":"https:\/\/api.w.org\/{rel}","templated":true}]}}