{"id":36357,"date":"2008-03-03T14:28:45","date_gmt":"2008-03-03T14:28:45","guid":{"rendered":"http:\/\/diariodominicano.ddns.net\/?p=36357"},"modified":"2008-03-03T14:28:45","modified_gmt":"2008-03-03T14:28:45","slug":"quien-es-jose-rafael-vargas","status":"publish","type":"post","link":"https:\/\/diariodominicano.com\/?p=36357","title":{"rendered":"\u00bfQUI\u00c9N  ES JOS\u00c9  RAFAEL VARGAS?"},"content":{"rendered":"<p><body><\/p>\n<p><span class=\"titulogrande1\">\u00bf QUI\u00c9N \u00a0ES \u00a0JOS\u00c9  \u00a0RAFAEL VARGAS?<\/span><\/p>\n<p>&#13;<\/p>\n<p><strong>Por:<\/strong> <span class=\"textogrande\">Manuel Alm\u00e1nzar<\/span><\/p>\n<p>&#13;<\/p>\n<p align=\"justify\"><span class=\"text1noticias\">Conozco  a Jos\u00e9 Rafael \u00a0Vargas desde que nac\u00ed. Me  autocalifico como el m\u00e1s viejo de sus amigos. Nadie ha estado mas cerca de el  que yo, y mucho menos por un tiempo tan prolongado (toda la vida), pues, tuve  la suerte y el privilegio de que mi casa, y la suya, estaban una al lado de la  otra cuando ambos nacimos, solo la separaba el conuquito de Manuelico. <br \/>&#13;<br \/>\n    <br \/>&#13;<br \/>\n  Si nos  ven \u00a0juntos \u00a0nadie lo creer\u00eda, pues no lo aparenta para  nada, pero\u2026. el me lleva dos a\u00f1os y algo de edad. Me jacto de decir que nadie  lo conoce m\u00e1s que yo. He tenido la suerte de que el ha ejercido conmigo el  papel de hermano mayor. En la ni\u00f1ez, compart\u00eda ese rol con Ram\u00f3n Alm\u00e1nzar. S\u00ed,  ese mismo Ram\u00f3n Alm\u00e1nzar: el de Nueva Alternativa.<br \/>&#13;<br \/>\n  <br \/>&#13;<br \/>\n  Por la  introducci\u00f3n, quiz\u00e1s est\u00e9n pensando que \u00a0voy a defender a Jos\u00e9 Rafael o voy a  recomendarlo para algo. Pero no, \u00e9l no lo necesita. Su mejor recomendaci\u00f3n es su  vida, sus obras. Adem\u00e1s, como no tiene, ni necesita, tener secretos, todo el  mundo tiene una opini\u00f3n sobre el.<br \/>&#13;<br \/>\n  <br \/>&#13;<br \/>\n Jos\u00e9 Rafael fue precoz en todo:  cuando nadie sabia, por la edad que ten\u00edamos, lo que era el trabajo, \u00e9l ya  trabajaba. Desde su m\u00e1s tierna infancia \u00a0ya \u00a0era  ayudante de su padre, don Eladio Vargas, reconocido comerciante del mercado  viejo de moca, \u00a0el cual bregaba con  cuadros, lentes, etc. . Vargas se hizo un experto en eso desde chiquito. Cuando  aun los signos distintivos de la adolescencia no aparec\u00edan, ya era reportero de  Radio Quisqueyana \u00a0y m\u00e1s tarde, \u00a0de la \u201cSituaci\u00f3n Mundial\u201d en santiago. <br \/>&#13;<br \/>\n <br \/>&#13;<br \/>\n Gan\u00f3  fama temprano. Una vez en medio de una huelga, lo agarr\u00f3 la polic\u00eda y le hizo  apagar unas cuantas gomas, enca\u00f1on\u00e1ndolo con viejos fusiles Crist\u00f3bal. Su  mam\u00e1\u00a0 por poco se muere del susto. Pronto pas\u00f3 a ser tomado en cuenta por  los peri\u00f3dicos de la capital. <br \/>&#13;<br \/>\n<br \/>&#13;<br \/>\nRecuerdo que le pagaban por pulgadas las noticias  que le publicaban y el joven aprendiz de periodista, ni tonto ni perezoso, \u00a0andaba con una reglita de metal en los bolsillos.<br \/>&#13;<br \/>\n<br \/>&#13;<br \/>\n Jos\u00e9 Rafael Vargas tiene \u00a0cualidades que le han acompa\u00f1ada toda su vida: <strong>es trabaj\u00f3lico<\/strong>. <br \/>&#13;<br \/>\n <br \/>&#13;<br \/>\n Nunca he visto a nadie  cuya diversi\u00f3n sea el trabajo. Siempre ha tenido algo que hacer, no distingue  entre un lunes y un domingo. Para \u00e9l no existen d\u00edas feriados. <strong>Nunca ha tenido vicios<\/strong>:\u00a0 no fuma, no bebe, baila, pero poco, siempre  en reuniones familiares o en actividades p\u00fablicas, nunca en lugares abiertos de  diversi\u00f3n. <strong>No bota su dinero.<\/strong> Es una  persona econ\u00f3mica pero no taca\u00f1a. No hace alardes de riquezas, ni extravagancias  de ning\u00fan tipo. Es amigo del ahorro como virtud, no como esclavo del dinero. Nunca le ha pedido favores a nadie, \u00a0\u00e9l siempre tiene con que resolver sus asuntos.<\/span><\/p>\n<p>&#13;<\/p>\n<p align=\"justify\" class=\"text1noticias\"> Es un  amante dedicado \u00a0de su familia. Su mam\u00e1,  sus hermanas y Lu\u00eds, su hermano, lo ven como un protector, como el roble fuerte  bajo cuyas ramas se sienten protegidos, aunque respetados en su individualidad.  Es responsable de esa familia, todos profesionales exitosos y de conducta  ejemplar. S\u00f3lo conozco una gente m\u00e1s radicalmente seria que \u00e9l: su hermano Luis  Gabriel, el cual, seg\u00fan dir\u00eda un jevito de hoy d\u00eda \u201c no coge corte\u201d. <br \/>&#13;<br \/>\n  <br \/>&#13;<br \/>\n Vargas es solidario hasta el extremo. Se  preocupa por todo el mundo y est\u00e1 pendiente de todos, a veces me habla de gente  que uno cree que se han muerto, pero \u00e9l est\u00e1 pendiente. <br \/>&#13;<br \/>\n <br \/>&#13;<br \/>\n Sabe todo lo que pasa  en Moca y es la persona que a m\u00e1s velorios va.\u00a0 Javier Gonz\u00e1lez dec\u00eda en  tono de broma, que \u201ccuando Vargas sal\u00eda de su casa, antes de llegar a la  oficina pasaba por la funeraria a ver a quien estaban velando\u201d, pues su  sentido\u00a0 de la amistad y la solidaridad  con el amigo en momentos de tristeza es de leyenda. Siempre est\u00e1 ah\u00ed para el  amigo en apuro o cualquier persona necesitada que se cruce en su camino.<br \/>&#13;<br \/>\n <br \/>&#13;<br \/>\n Por lo  mucho que ha trabajado y por lo\u00a0 medido  en sus gastos que es, yo supongo que tiene sus chelitos. Ha vivido sin lujos y  sin allantes toda su vida. No visita lugares donde se beba, no anda por ah\u00ed  buscando megadivas, ni modelos. No anda en autos de lujos, no vota lo suyo,  nunca le han dado pescosones en p\u00fablico, no le han matado amigos traficantes,  no coge comisiones, no negocia con las instituciones donde ha trabajado, no se  mete en negocios turbios. Siempre ha exhibido una conducta vertical<strong>. Jos\u00e9 Rafael Vargas no tiene cola que le  pisen.<br \/>&#13;<br \/>\n<br \/>&#13;<br \/>\n <\/strong>Parece que alg\u00fan sin juicio  de esos que abundan en el PRD, se le a ocurrido la infausta idea de atacar a  Jos\u00e9 Rafael Vargas. Sin ninguna otra intenci\u00f3n , claro est\u00e1, \u00a0para hacer da\u00f1o, ya que eso es lo \u00fanico que  saben hacer. Pero, y por si las mosca, si en el\u00a0  PRD hay alguien interesado de verdad en preocuparse por los destinos de  nuestro pa\u00eds, le voy a dar una tareita\u2026\u2026.. preg\u00fantele al anterior presidente de  INDOTEL, \u00bfen \u00a0que se invirti\u00f3 \u00a0todo el dinero que produce el FONDO PARA EL  DESARROLLO DE LAS TELECOMUNICACIONES, y cu\u00e1ntos de esos recursos se invirtieron  en las diferentes zonas y pueblos de este pa\u00eds?.\u00a0\u00a0<br \/>&#13;<br \/>\n <br \/> &#13;<br \/>\nCuando tengan ese dato, comp\u00e1renlo con lo  que ha hecho Vargas en el mismo periodo y con los mismo fondos. Despu\u00e9s de  tener esos datos, les aseguro sin ning\u00fan g\u00e9nero de dudas que\u2026.. ustedes sabr\u00e1n  entonces \u00a0a quien es que hay que atacar.  (Manuel Alm\u00e1nzar es C\u00f3nsul dominicano en La Florida, Lic. en Educaci\u00f3n, con  especialidad en Gesti\u00f3n Escolar) <\/p>\n<p>&#13;<\/p>\n<h6> 2008-03-03 14:28:45 <\/h6>\n<p><!--\n<link rel=\"stylesheet\" href=\"css\/bootstrap.min.css\">\n\n\n<ul class=\"pagination\">\n\t    \n\t\n\n<li >\n\t<a href='?page_no=12227'>Previous<\/a>\n\t<\/li>\n\n\n       \n    \n\n<li><a href='?page_no=1'>1<\/a><\/li>\n\n\n\n<li><a href='?page_no=2'>2<\/a><\/li>\n\n\n\n<li><a>...<\/a><\/li>\n\n\n\n<li><a href='?page_no=12226'>12226<\/a><\/li>\n\n\n\n<li><a href='?page_no=12227'>12227<\/a><\/li>\n\n\n\n<li class='active'><a>12228<\/a><\/li>\n\n\n\n<li><a href='?page_no=12229'>12229<\/a><\/li>\n\n\n\n<li><a href='?page_no=12230'>12230<\/a><\/li>\n\n\n\n<li><a>...<\/a><\/li>\n\n\n\n<li><a href='?page_no=13611'>13611<\/a><\/li>\n\n\n\n<li><a href='?page_no=13612'>13612<\/a><\/li>\n\n    \n\t\n\n<li >\n\t<a href='?page_no=12229'>Next<\/a>\n\t<\/li>\n\n\n    \n\n<li><a href='?page_no=13612'>Last &rsaquo;&rsaquo;<\/a><\/li>\n\n<\/ul>\n\n\n--><br \/>\n<\/body><\/p>\n","protected":false},"excerpt":{"rendered":"<p>\u00bf QUI\u00c9N \u00a0ES \u00a0JOS\u00c9 \u00a0RAFAEL VARGAS? &#13; Por: Manuel Alm\u00e1nzar &#13; Conozco a Jos\u00e9 Rafael \u00a0Vargas desde que nac\u00ed. Me autocalifico como el m\u00e1s viejo de sus amigos. Nadie ha estado mas cerca de el que yo, y mucho menos por un tiempo tan prolongado (toda la vida), pues, tuve la suerte y el privilegio [&hellip;]<\/p>\n","protected":false},"author":3,"featured_media":0,"comment_status":"open","ping_status":"open","sticky":false,"template":"","format":"standard","meta":{"footnotes":""},"categories":[16],"tags":[],"class_list":["post-36357","post","type-post","status-publish","format-standard","hentry","category-opiniones"],"_links":{"self":[{"href":"https:\/\/diariodominicano.com\/index.php?rest_route=\/wp\/v2\/posts\/36357","targetHints":{"allow":["GET"]}}],"collection":[{"href":"https:\/\/diariodominicano.com\/index.php?rest_route=\/wp\/v2\/posts"}],"about":[{"href":"https:\/\/diariodominicano.com\/index.php?rest_route=\/wp\/v2\/types\/post"}],"author":[{"embeddable":true,"href":"https:\/\/diariodominicano.com\/index.php?rest_route=\/wp\/v2\/users\/3"}],"replies":[{"embeddable":true,"href":"https:\/\/diariodominicano.com\/index.php?rest_route=%2Fwp%2Fv2%2Fcomments&post=36357"}],"version-history":[{"count":0,"href":"https:\/\/diariodominicano.com\/index.php?rest_route=\/wp\/v2\/posts\/36357\/revisions"}],"wp:attachment":[{"href":"https:\/\/diariodominicano.com\/index.php?rest_route=%2Fwp%2Fv2%2Fmedia&parent=36357"}],"wp:term":[{"taxonomy":"category","embeddable":true,"href":"https:\/\/diariodominicano.com\/index.php?rest_route=%2Fwp%2Fv2%2Fcategories&post=36357"},{"taxonomy":"post_tag","embeddable":true,"href":"https:\/\/diariodominicano.com\/index.php?rest_route=%2Fwp%2Fv2%2Ftags&post=36357"}],"curies":[{"name":"wp","href":"https:\/\/api.w.org\/{rel}","templated":true}]}}