{"id":36354,"date":"2008-03-04T23:14:21","date_gmt":"2008-03-04T23:14:21","guid":{"rendered":"http:\/\/diariodominicano.ddns.net\/?p=36354"},"modified":"2008-03-04T23:14:21","modified_gmt":"2008-03-04T23:14:21","slug":"reflexiones-de-fidel-13","status":"publish","type":"post","link":"https:\/\/diariodominicano.com\/?p=36354","title":{"rendered":"REFLEXIONES DE FIDEL"},"content":{"rendered":"<p><body><\/p>\n<p align=\"justify\"><strong>REFLEXIONES DE  FIDEL<\/strong><strong><br \/>&#13;<br \/>\n  <br \/>&#13;<br \/>\n  <\/strong><strong>Rafael Correa<\/strong><br \/>&#13;<br \/>\n  <br \/>&#13;<br \/>\n  <span class=\"text1noticias\">Recuerdo  cuando nos visit\u00f3, meses antes de la campa\u00f1a electoral donde pensaba  presentarse como candidato a la Presidencia de Ecuador. Hab\u00eda sido Ministro de  Econom\u00eda del gobierno de Alfredo Palacio, m\u00e9dico cirujano con prestigio  profesional, que tambi\u00e9n nos hab\u00eda visitado en su condici\u00f3n de Vicepresidente,  antes de acceder a la presidencia, por situaciones imprevistas que se dieron en  Ecuador. Este hab\u00eda sido receptivo a un programa de operaciones oftalmol\u00f3gicas  que le ofrecimos como forma de cooperaci\u00f3n. Exist\u00edan buenas relaciones entre  ambos gobiernos. <br \/>&#13;<br \/>\n  <br \/>&#13;<br \/>\n  Correa, no hac\u00eda mucho, hab\u00eda  renunciado al Ministerio de Econom\u00eda. Estaba inconforme con lo que calific\u00f3 de  corrupci\u00f3n administrativa promovida por Oxy, empresa extranjera que explor\u00f3 e  invirti\u00f3 importantes sumas, pero que se quedaba con cuatro de cada cinco  barriles de petr\u00f3leo extra\u00eddo. No habl\u00f3 de nacionalizar, sino de cobrarle  elevados impuestos que asignaba de antemano a inversiones sociales  pormenorizadas. Ya hab\u00eda aprobado las medidas y un juez las declar\u00f3 v\u00e1lidas. <br \/>&#13;<br \/>\n  <br \/>&#13;<br \/>\n  Como no mencionaba la palabra  nacionalizar, pens\u00e9 que experimentaba temor al concepto. <br \/>&#13;<br \/>\n  <br \/>&#13;<br \/>\n  No me extra\u00f1aba,  porque era economista graduado con grandes reconocimientos por una conocida  universidad de Estados Unidos. No me ocup\u00e9 mucho en profundizar, lo acosaba con  preguntas del arsenal acumulado en la lucha contra la deuda externa de Am\u00e9rica  Latina en 1985 y de la propia experiencia cubana. <br \/>&#13;<br \/>\n  <br \/>&#13;<br \/>\n  Existen inversiones de riesgo  sumamente altas y de sofisticada tecnolog\u00eda, que ning\u00fan pa\u00eds peque\u00f1o como Cuba  y Ecuador podr\u00eda asumir. <br \/>&#13;<br \/>\n  <br \/>&#13;<br \/>\n  Como est\u00e1bamos ya en el a\u00f1o 2006  decididos a impulsar la revoluci\u00f3n energ\u00e9tica, que fuimos el primer pa\u00eds del  planeta en proclamar como cuesti\u00f3n vital para la humanidad, le hab\u00eda abordado  el tema con especial \u00e9nfasis. Me detuve, hab\u00eda comprendido una de sus razones. <br \/>&#13;<br \/>\n  <br \/>&#13;<br \/>\n  Le cont\u00e9 la conversaci\u00f3n que  hac\u00eda poco hab\u00eda sostenido con el presidente de la empresa espa\u00f1ola REPSOL. La  misma, asociada a otras empresas internacionales, acometer\u00eda una operaci\u00f3n  costosa para perforar en el fondo del mar, a m\u00e1s de 2 000 metros de  profundidad, con empleo de sofisticadas tecnolog\u00edas, dentro de las aguas  jurisdiccionales de Cuba. Dije al jefe de la empresa espa\u00f1ola: \u00bfCu\u00e1nto vale un  pozo exploratorio? Le hago la pregunta porque queremos participar aunque sea en  el uno por ciento del costo, deseamos saber lo que ustedes quieren hacer con  nuestro petr\u00f3leo.<br \/>&#13;<br \/>\n  <br \/>&#13;<br \/>\n  Correa, por su parte, me hab\u00eda  contado que de cada cien d\u00f3lares que extra\u00edan las compa\u00f1\u00edas, solamente veinte  iban para el pa\u00eds; ni siquiera entraban en el presupuesto, expres\u00f3, se dejaban  en un fondo aparte para cualquier cosa menos para mejorar las condiciones de  vida del pueblo.<br \/>&#13;<br \/>\n  <br \/>&#13;<br \/>\n  Yo derogu\u00e9 el fondo, me dijo, y  asign\u00e9 40 por ciento para educaci\u00f3n y salud, desarrollo tecnol\u00f3gico y vial, el  resto para recomprar la deuda si el precio de la misma nos favorec\u00eda, o de lo  contrario invertirlo en otra cosa m\u00e1s \u00fatil. Antes ten\u00edamos que comprar cada a\u00f1o  una parte de esa deuda que se encarec\u00eda.<br \/>&#13;<br \/>\n  <br \/>&#13;<br \/>\n  En el caso del Ecuador \u2014me  a\u00f1adi\u00f3\u2014 la pol\u00edtica petrolera rayaba en traici\u00f3n a la patria. \u00bfPor qu\u00e9 lo  hacen?, le pregunto. \u00bfPor miedo a los yanquis o presi\u00f3n insoportable? Me  responde: Si tienen un Ministro de Econom\u00eda que les dice que privatizando  mejora la eficiencia, usted puede imaginarse. Yo no hice eso.<br \/>&#13;<br \/>\n  <br \/>&#13;<br \/>\n  Lo estimulo a seguir y me  explica con calma. La compa\u00f1\u00eda extranjera Oxy es una empresa que ha roto su  contrato y de acuerdo con la ley ecuatoriana se requiere la caducidad.<br \/>&#13;<br \/>\n  <br \/>  &#13;<br \/>\n  Significa que el campo operado por esa empresa tiene que pasar al Estado, pero  por presiones de los yanquis el gobierno no se atreve a ocuparlo, se crea una  situaci\u00f3n no contemplada por la legislaci\u00f3n. La ley dice caducidad y nada m\u00e1s.  El juez de primera instancia, que era presidente de PETROECUADOR, lo hizo as\u00ed.  Yo era miembro de PETROECUADOR y nos llamaron de urgencia a una reuni\u00f3n para  expulsarlo del cargo. Yo no asist\u00ed y no pudieron despedirlo. El juez declar\u00f3 la  caducidad.<br \/>&#13;<br \/>\n  <br \/>&#13;<br \/>\n\u00bfQu\u00e9 quer\u00edan los yanquis?,  pregunto. Quer\u00edan una multa, explica \u00e9l r\u00e1pido. Escuch\u00e1ndolo comprend\u00ed que lo  hab\u00eda subestimado.<br \/>&#13;<br \/>\n<br \/>&#13;<br \/>\nYo estaba apurado por multitud  de compromisos. Lo invit\u00e9 a presenciar el encuentro con un numeroso grupo de  profesionales cubanos altamente calificados que partir\u00edan para Bolivia, a fin  de integrarse a la Brigada M\u00e9dica; esta cuenta con personal para m\u00e1s de 30  hospitales, entre otras actividades 19 posiciones quir\u00fargicas que pueden  realizar m\u00e1s de 130 mil operaciones oftalmol\u00f3gicas por a\u00f1o; todo bajo forma de  cooperaci\u00f3n gratuita. Ecuador dispone de tres centros similares con seis  posiciones oftalmol\u00f3gicas.<br \/>&#13;<br \/>\n<br \/>&#13;<br \/>\nLa cena con el economista  ecuatoriano fue ya entrada la madrugada del 9 de febrero de 2006. Apenas hubo  puntos de vista que yo no abordara. Le habl\u00e9 hasta del mercurio tan da\u00f1ino que  las industrias modernas esparcen por los mares del planeta. El consumismo fue  por supuesto un tema enfatizado por m\u00ed; el alto costo del kiloWatt\/hora en las  termoel\u00e9ctricas; las diferencias entre las formas de distribuci\u00f3n socialista y  comunista, el papel del dinero, el mill\u00f3n de millones que se gasta en  publicidad sufragado forzosamente por los pueblos en los precios de las  mercanc\u00edas, y los estudios realizados por brigadas sociales universitarias que  descubrieron, entre los 500 mil n\u00facleos de la capital, el n\u00famero de personas  ancianas que viv\u00edan solas. Expliqu\u00e9 la etapa de universalizaci\u00f3n de los  estudios universitarios en que est\u00e1bamos envueltos.<br \/>&#13;<br \/>\n<br \/>&#13;<br \/>\nQuedamos muy amigos, aunque tal  vez se llevara la imagen de que yo era autosuficiente. Si eso ocurri\u00f3, fue  realmente involuntario por mi parte.<br \/>&#13;<br \/>\n<br \/>&#13;<br \/>\nDesde entonces observ\u00e9 cada uno  de sus pasos: proceso electoral, enfoque de los problemas concretos de los  ecuatorianos, y victoria popular sobre la oligarqu\u00eda.<br \/>&#13;<br \/>\n<br \/>&#13;<br \/>\nEn la historia de ambos pueblos  hay muchas cosas que nos unen. Sucre fue siempre una figura extraordinariamente  admirada junto a la de El Libertador Bol\u00edvar, quien para Mart\u00ed, lo que no hizo  en Am\u00e9rica est\u00e1 por hacer todav\u00eda, y como exclam\u00f3 Neruda, despierta cada cien  a\u00f1os. <br \/>&#13;<br \/>\n<br \/>&#13;<br \/>\nEl imperialismo acaba de cometer  un monstruoso crimen en Ecuador. Bombas mort\u00edferas fueron lanzadas en la  madrugada contra un grupo de hombres y mujeres que, casi sin excepci\u00f3n,  dorm\u00edan. Eso se deduce de todos los partes oficiales emitidos desde el primer  instante. Las acusaciones concretas contra ese grupo de seres humanos no justifican  la acci\u00f3n. Fueron bombas yanquis, guiadas por sat\u00e9lites yanquis. <br \/>&#13;<br \/>\n<br \/>&#13;<br \/>\nA sangre fr\u00eda nadie  absolutamente tiene derecho a matar. Si aceptamos ese m\u00e9todo imperial de guerra  y barbarie, bombas yanquis dirigidas por sat\u00e9lites pueden caer sobre cualquier  grupo de hombres y mujeres latinoamericanos, en el territorio de cualquier  pa\u00eds, haya o no guerra. El hecho de que se produjera en tierra probadamente  ecuatoriana es un agravante. <br \/>&#13;<br \/>\n<br \/>&#13;<br \/>\nNo somos enemigos de Colombia.  Las anteriores reflexiones e intercambios demuestran cu\u00e1nto nos hemos  esforzado, tanto el actual Presidente del Consejo de Estado de Cuba como yo, de  atenernos a una pol\u00edtica declarada de principios y de paz, proclamada desde  hace a\u00f1os en nuestras relaciones con los dem\u00e1s Estados de Am\u00e9rica Latina.<br \/>&#13;<br \/>\n<br \/>&#13;<br \/>\nHoy que todo est\u00e1 en riesgo, no  nos convierte en beligerantes. Somos decididos partidarios de la unidad entre  los pueblos de lo que Mart\u00ed llam\u00f3 Nuestra Am\u00e9rica.<br \/>&#13;<br \/>\n<br \/>&#13;<br \/>\nGuardar silencio nos har\u00eda  c\u00f3mplices. Hoy a nuestro amigo, el economista y presidente del Ecuador Rafael  Correa, quieren sentarlo en el banquillo de los acusados, algo que no pod\u00edamos  siquiera concebir aquella madrugada del 9 de febrero de 2006. Parec\u00eda entonces  que mi imaginaci\u00f3n era capaz de abarcar sue\u00f1os y riesgos de todo tipo, menos  algo parecido a lo que ocurri\u00f3 la madrugada del s\u00e1bado 1\u00ba de marzo de 2008.<br \/>&#13;<br \/>\n<br \/>&#13;<br \/>\nCorrea tiene en sus manos los  pocos sobrevivientes y el resto de los cad\u00e1veres. Los dos que faltan demuestran  que el territorio de Ecuador fue ocupado por tropas que cruzaron la frontera.  Puede exclamar ahora como Emilio Zola: \u00a1Yo acuso!<br \/>&#13;<br \/>\n  <br \/>&#13;<br \/>\n  <strong>Fidel Castro Ruz<br \/>&#13;<br \/>\n  <br \/>&#13;<br \/>\n    Marzo 3 de 2008<br \/>&#13;<br \/>\n    <br \/>&#13;<br \/>\n8 y 36 p.m.<\/strong><\/span><\/p>\n<p>&#13;<\/p>\n<h6> 2008-03-04 23:14:21 <\/h6>\n<p><!--\n<link rel=\"stylesheet\" href=\"css\/bootstrap.min.css\">\n\n\n<ul class=\"pagination\">\n\t    \n\t\n\n<li >\n\t<a href='?page_no=12224'>Previous<\/a>\n\t<\/li>\n\n\n       \n    \n\n<li><a href='?page_no=1'>1<\/a><\/li>\n\n\n\n<li><a href='?page_no=2'>2<\/a><\/li>\n\n\n\n<li><a>...<\/a><\/li>\n\n\n\n<li><a href='?page_no=12223'>12223<\/a><\/li>\n\n\n\n<li><a href='?page_no=12224'>12224<\/a><\/li>\n\n\n\n<li class='active'><a>12225<\/a><\/li>\n\n\n\n<li><a href='?page_no=12226'>12226<\/a><\/li>\n\n\n\n<li><a href='?page_no=12227'>12227<\/a><\/li>\n\n\n\n<li><a>...<\/a><\/li>\n\n\n\n<li><a href='?page_no=13611'>13611<\/a><\/li>\n\n\n\n<li><a href='?page_no=13612'>13612<\/a><\/li>\n\n    \n\t\n\n<li >\n\t<a href='?page_no=12226'>Next<\/a>\n\t<\/li>\n\n\n    \n\n<li><a href='?page_no=13612'>Last &rsaquo;&rsaquo;<\/a><\/li>\n\n<\/ul>\n\n\n--><br \/>\n<\/body><\/p>\n","protected":false},"excerpt":{"rendered":"<p>REFLEXIONES DE FIDEL&#13; &#13; Rafael Correa&#13; &#13; Recuerdo cuando nos visit\u00f3, meses antes de la campa\u00f1a electoral donde pensaba presentarse como candidato a la Presidencia de Ecuador. Hab\u00eda sido Ministro de Econom\u00eda del gobierno de Alfredo Palacio, m\u00e9dico cirujano con prestigio profesional, que tambi\u00e9n nos hab\u00eda visitado en su condici\u00f3n de Vicepresidente, antes de acceder [&hellip;]<\/p>\n","protected":false},"author":3,"featured_media":0,"comment_status":"open","ping_status":"open","sticky":false,"template":"","format":"standard","meta":{"footnotes":""},"categories":[16],"tags":[],"class_list":["post-36354","post","type-post","status-publish","format-standard","hentry","category-opiniones"],"_links":{"self":[{"href":"https:\/\/diariodominicano.com\/index.php?rest_route=\/wp\/v2\/posts\/36354","targetHints":{"allow":["GET"]}}],"collection":[{"href":"https:\/\/diariodominicano.com\/index.php?rest_route=\/wp\/v2\/posts"}],"about":[{"href":"https:\/\/diariodominicano.com\/index.php?rest_route=\/wp\/v2\/types\/post"}],"author":[{"embeddable":true,"href":"https:\/\/diariodominicano.com\/index.php?rest_route=\/wp\/v2\/users\/3"}],"replies":[{"embeddable":true,"href":"https:\/\/diariodominicano.com\/index.php?rest_route=%2Fwp%2Fv2%2Fcomments&post=36354"}],"version-history":[{"count":0,"href":"https:\/\/diariodominicano.com\/index.php?rest_route=\/wp\/v2\/posts\/36354\/revisions"}],"wp:attachment":[{"href":"https:\/\/diariodominicano.com\/index.php?rest_route=%2Fwp%2Fv2%2Fmedia&parent=36354"}],"wp:term":[{"taxonomy":"category","embeddable":true,"href":"https:\/\/diariodominicano.com\/index.php?rest_route=%2Fwp%2Fv2%2Fcategories&post=36354"},{"taxonomy":"post_tag","embeddable":true,"href":"https:\/\/diariodominicano.com\/index.php?rest_route=%2Fwp%2Fv2%2Ftags&post=36354"}],"curies":[{"name":"wp","href":"https:\/\/api.w.org\/{rel}","templated":true}]}}