{"id":36353,"date":"2008-03-04T23:19:07","date_gmt":"2008-03-04T23:19:07","guid":{"rendered":"http:\/\/diariodominicano.ddns.net\/?p=36353"},"modified":"2008-03-04T23:19:07","modified_gmt":"2008-03-04T23:19:07","slug":"reflexiones-de-fidel-12","status":"publish","type":"post","link":"https:\/\/diariodominicano.com\/?p=36353","title":{"rendered":"REFLEXIONES DE FIDEL"},"content":{"rendered":"<p><body><\/p>\n<p><strong>REFLEXIONES DE FIDEL<\/strong><strong><br \/>&#13;<br \/>\n<\/strong><strong> <\/strong><\/p>\n<p>&#13;<\/p>\n<p align=\"justify\"><strong>Los cristianos sin Biblias<\/strong><br \/>&#13;<br \/>\n  <br \/>&#13;<br \/>\n    <span class=\"text1noticias\">Los m\u00e9dicos y los dem\u00e1s profesionales y t\u00e9cnicos de  la salud cubanos constituyen una fuerza excepcional. Ning\u00fan pa\u00eds cuenta con  algo similar; igual que los soldados internacionalistas de nuestra isla, se formaron  en el combate. Sus misiones en el exterior se atienen a rigurosas normas  \u00e9ticas. Sus servicios se prestan gratuitamente o se comercializan, seg\u00fan las  circunstancias del pa\u00eds receptor. Ellos no son exportables.<br \/>&#13;<br \/>\n    <br \/>&#13;<br \/>\n    Sin embargo, los libros no alcanzan. No basta que  en las bibliotecas haya suficientes para las consultas incesantes que tienen  lugar. Hace falta que cada uno de nuestros profesionales de la salud posea un  texto cl\u00e1sico de su especialidad, y si desempe\u00f1a o practica dos, tres o m\u00e1s  misiones en el hospital o policl\u00ednico, debe disponer de un ejemplar cl\u00e1sico de  cada una.<br \/>&#13;<br \/>\n    <br \/>&#13;<br \/>\n    Un graduado en Medicina General Integral recibe ese  t\u00edtulo despu\u00e9s de nueve a\u00f1os de intensos estudios te\u00f3ricos y pr\u00e1cticos de nivel  superior. M\u00e1s de 50 especialidades diferentes se aplican en nuestros centros de  salud. Muchas de ellas requieren como base ser graduado de Medicina General  Integral. Las aptitudes se detectan mucho antes como, por ejemplo, en Cirug\u00eda,  Cardiolog\u00eda, Oncolog\u00eda, Hematolog\u00eda, Imaginolog\u00eda, Trasplantes, Medicina  Deportiva, ofreci\u00e9ndoseles a los futuros expertos la oportunidad de la  preparaci\u00f3n simult\u00e1nea.<br \/>&#13;<br \/>\n    <br \/>&#13;<br \/>\n\u00bfQu\u00e9 hace un m\u00e9dico sin el texto actualizado que se  considere ideal sobre esos conocimientos? \u00bfQu\u00e9 hace si es cirujano sin texto  adicional sobre Cirug\u00eda? \u00bfQu\u00e9 hace si su trabajo es como cl\u00ednico de un hospital  general donde adem\u00e1s asiste a numerosos pacientes ancianos? Tres libros  cl\u00e1sicos personales: como m\u00e9dico general integral, como cl\u00ednico y como geriatra  deben estar en sus manos.<br \/>&#13;<br \/>\n<br \/>&#13;<br \/>\nHoy las especialidades se entrelazan y combinan.  Los conocimientos sobre nutrici\u00f3n, sistemas nervioso, cardiaco, \u00f3seo; los  medicamentos adecuados, en constante transformaci\u00f3n, requieren un gran c\u00famulo  de conocimientos, individual o colectivamente, entre los especialistas que integran  por lo general los equipos m\u00e9dicos.<br \/>&#13;<br \/>\n<br \/>&#13;<br \/>\nEn Medicina, muchos problemas son urgentes, y las  urgencias requieren decisiones inmediatas. Mis compatriotas comprenden de qu\u00e9  les hablo, porque saben de centros de asistencia y de servicios, d\u00f3nde est\u00e1n y  qui\u00e9nes los atienden, a nivel local, regional o nacional, m\u00e1s de lo que nadie  se imagina. A los conocimientos b\u00e1sicos del especialista hay que a\u00f1adir el uso  intensivo de la computaci\u00f3n para informaci\u00f3n e interconsultas.<br \/>&#13;<br \/>\n<br \/>&#13;<br \/>\nEn nuestra legislaci\u00f3n nacional, se establece el  derecho a utilizar con fines educativos cualquier texto que se publique en el  mundo desde <em>La Il\u00edada<\/em> hasta <em>Cien a\u00f1os de Soledad<\/em>. No as\u00ed el de  imprimir con fines comerciales obras protegidas por legislaciones sobre derecho  de autor. Alg\u00fan est\u00edmulo hay que ofrecer a los que se esmeran en crear arte y  ciencia, es decir, bienes para la vida espiritual y material.<br \/>&#13;<br \/>\n<br \/>&#13;<br \/>\nHace solo unos d\u00edas, alguien me facilit\u00f3 una  filmaci\u00f3n no profesional del conocido ballet <em>\u00abEl Lago de los  Cisnes\u00bb<\/em>, tema en el que estoy lejos de ser un experto, pero que en las  circunstancias actuales constituye para m\u00ed una agradable forma de olvido casi  total del tiempo. Observ\u00e9 durante casi dos horas la incre\u00edble actuaci\u00f3n de la  que tal vez sea hoy la mejor int\u00e9rprete de ese ballet en el mundo: Viengsay,  hija de una pareja diplom\u00e1tica cubana, a quien le pusieron ese nombre en honor  a una regi\u00f3n de Lao, donde ellos representaron a Cuba.<br \/>&#13;<br \/>\n<br \/>&#13;<br \/>\n\u00a1Hay actuaciones que son irrepetibles!, exclam\u00f3 un  cr\u00edtico europeo. Pienso igual. No conceb\u00eda tan asombrosa elegancia y  flexibilidad, sin la m\u00e1s m\u00ednima imprecisi\u00f3n. Este es el fruto de toda una  escuela guiada por Alicia Alonso, genial inspiradora del Ballet Nacional,  compa\u00f1\u00eda art\u00edstica que estuvo a la altura de la int\u00e9rprete.<br \/>&#13;<br \/>\n<br \/>&#13;<br \/>\nSab\u00eda que detr\u00e1s de la bailarina estaba igualmente  un fisioterapeuta, ya retirado, que durante 36 a\u00f1os trabaj\u00f3 en un hospital  general de la ciudad, y que despu\u00e9s de cada jornada agotadora de la artista en  su entrenamiento, trabajaba con ella una hora diaria para garantizar la  elasticidad y fortaleza de cada uno de los m\u00fasculos que interven\u00edan en sus  movimientos. \u00abMe evita riesgos de distensi\u00f3n\u00bb, exclam\u00f3 Viengsay hace  varios a\u00f1os.<br \/>&#13;<br \/>\n<br \/>&#13;<br \/>\nDe fisioterapeuta art\u00edstico lo califiqu\u00e9 en un  breve mensaje en que lo exhortaba a escribir un libro sobre su experiencia con  la notable bailarina.<br \/>&#13;<br \/>\n<br \/>&#13;<br \/>\nSeg\u00fan me contaron despu\u00e9s ellos mismos, ambos  hab\u00edan pensado igual hace alrededor de 5 a\u00f1os; pero entre las m\u00faltiples tareas  diarias, nadie pudo ocuparse del asunto. Creo que esta vez lo compromet\u00ed en  serio.<br \/>&#13;<br \/>\n<br \/>&#13;<br \/>\nEsta disquisici\u00f3n tal vez sirva para transmitir la  idea que vengo sosteniendo. En enero pasado, habl\u00e9 de Elena Pedraza, la  fisioterapeuta chilena de 97 a\u00f1os, que tanto nos ayud\u00f3 en el desarrollo de esa  especialidad que apenas exist\u00eda en Cuba antes de la Revoluci\u00f3n. <br \/>&#13;<br \/>\n<br \/>&#13;<br \/>\nDespu\u00e9s de mi  Reflexi\u00f3n, ella envi\u00f3 un ejemplar escrito por Debra J. Rose, fisioterapeuta de  California, publicado por una editorial espa\u00f1ola. De ese ejemplar, editamos 10  000 para los que prestan esos servicios en Cuba, entre ellos estudiantes de los  \u00faltimos cursos, y 500 ser\u00e1n adquiridos en la casa editora para los  fisioterapeutas cubanos que laboran en Venezuela.<br \/>&#13;<br \/>\n<br \/>&#13;<br \/>\nDe ese texto, seleccionamos ejercicios  fundamentales de aplicaci\u00f3n general a la poblaci\u00f3n mayor de 50 a\u00f1os, ya que es  necesario educar al pueblo para actividades de salud que se generalizan. Es  imposible un fisioterapeuta para cada persona de los millones que necesitan  aplicar esos ejercicios.<br \/>&#13;<br \/>\n<br \/>&#13;<br \/>\n\u00a1C\u00f3mo les gustar\u00eda a los jerarcas europeos y  estadounidenses, comprar m\u00e9dicos cubanos, como hacen con los graduados de los  pa\u00edses africanos, latinoamericanos y de otras partes del Tercer Mundo,  priv\u00e1ndolos de los profesionales que con tantos sacrificios preparan!<br \/>&#13;<br \/>\n<br \/>&#13;<br \/>\nEn una aldea de \u00c1frica \u2014como ya hemos dicho y  diremos cuantas veces sea necesario\u2014, un m\u00e9dico internacionalista cubano puede  formar a la vez a varios excelentes m\u00e9dicos junto a \u00e9l, en el mayor laboratorio  del mundo, que es la comunidad, y combatir en ella los padecimientos concretos  de cada regi\u00f3n espec\u00edfica de \u00c1frica. Los libros que ese m\u00e9dico lleve consigo  servir\u00e1n como un fondo com\u00fan de conocimientos.<br \/>&#13;<br \/>\n<br \/>&#13;<br \/>\n  Un profesional de la salud sin un texto  especializado en sus manos es como un cristiano sin Biblia.<br \/>&#13;<br \/>\n  <br \/>&#13;<br \/>\n  Mientras escribo estas l\u00edneas en la tarde del  domingo, reitero la idea, si el tiempo me lo permite, de elaborar unas  Memorias. Si alguien paga por ellas, destinar\u00eda esos fondos a la impresi\u00f3n en  Cuba de textos para nuestros profesionales de la salud. Mientras tanto, hay ya  m\u00e1s de 100 mil garantizados con anterioridad, que en los pr\u00f3ximos meses se  distribuir\u00e1n, no en gruesos y pesados vol\u00famenes como los importados, sino  divididos en tomos m\u00e1s peque\u00f1os por grupos de cap\u00edtulos.<br \/>&#13;<br \/>\n  <br \/>&#13;<br \/>\n  Ma\u00f1ana se inicia el Encuentro sobre Globalizaci\u00f3n y  Problemas del Desarrollo. Su orador central el primer d\u00eda ser\u00eda nuestro querido  amigo el presidente de Ecuador, Rafael Correa. No podr\u00e1 asistir. Se escuchan  con fuerza en el sur de nuestro continente las trompetas de la guerra, como  consecuencia de los planes genocidas del imperio yanqui.<br \/>&#13;<br \/>\n  <br \/>&#13;<br \/>\n\u00a1Nada es nuevo! \u00a1Estaba previsto!<br \/>&#13;<br \/>\n<br \/>&#13;<br \/>\n  <strong>Fidel Castro Ruz<\/strong><br \/>&#13;<br \/>\n  <br \/>&#13;<br \/>\n  <strong>Marzo 2 de 2008<\/strong><br \/>&#13;<br \/>\n  <br \/>&#13;<br \/>\n  <strong>7 y 42 p.m.<\/strong><\/span><\/p>\n<p>&#13;<\/p>\n<h6> 2008-03-04 23:19:07 <\/h6>\n<p><!--\n<link rel=\"stylesheet\" href=\"css\/bootstrap.min.css\">\n\n\n<ul class=\"pagination\">\n\t    \n\t\n\n<li >\n\t<a href='?page_no=12223'>Previous<\/a>\n\t<\/li>\n\n\n       \n    \n\n<li><a href='?page_no=1'>1<\/a><\/li>\n\n\n\n<li><a href='?page_no=2'>2<\/a><\/li>\n\n\n\n<li><a>...<\/a><\/li>\n\n\n\n<li><a href='?page_no=12222'>12222<\/a><\/li>\n\n\n\n<li><a href='?page_no=12223'>12223<\/a><\/li>\n\n\n\n<li class='active'><a>12224<\/a><\/li>\n\n\n\n<li><a href='?page_no=12225'>12225<\/a><\/li>\n\n\n\n<li><a href='?page_no=12226'>12226<\/a><\/li>\n\n\n\n<li><a>...<\/a><\/li>\n\n\n\n<li><a href='?page_no=13611'>13611<\/a><\/li>\n\n\n\n<li><a href='?page_no=13612'>13612<\/a><\/li>\n\n    \n\t\n\n<li >\n\t<a href='?page_no=12225'>Next<\/a>\n\t<\/li>\n\n\n    \n\n<li><a href='?page_no=13612'>Last &rsaquo;&rsaquo;<\/a><\/li>\n\n<\/ul>\n\n\n--><br \/>\n<\/body><\/p>\n","protected":false},"excerpt":{"rendered":"<p>REFLEXIONES DE FIDEL&#13; &#13; Los cristianos sin Biblias&#13; &#13; Los m\u00e9dicos y los dem\u00e1s profesionales y t\u00e9cnicos de la salud cubanos constituyen una fuerza excepcional. Ning\u00fan pa\u00eds cuenta con algo similar; igual que los soldados internacionalistas de nuestra isla, se formaron en el combate. Sus misiones en el exterior se atienen a rigurosas normas \u00e9ticas. [&hellip;]<\/p>\n","protected":false},"author":3,"featured_media":0,"comment_status":"open","ping_status":"open","sticky":false,"template":"","format":"standard","meta":{"footnotes":""},"categories":[16],"tags":[],"class_list":["post-36353","post","type-post","status-publish","format-standard","hentry","category-opiniones"],"_links":{"self":[{"href":"https:\/\/diariodominicano.com\/index.php?rest_route=\/wp\/v2\/posts\/36353","targetHints":{"allow":["GET"]}}],"collection":[{"href":"https:\/\/diariodominicano.com\/index.php?rest_route=\/wp\/v2\/posts"}],"about":[{"href":"https:\/\/diariodominicano.com\/index.php?rest_route=\/wp\/v2\/types\/post"}],"author":[{"embeddable":true,"href":"https:\/\/diariodominicano.com\/index.php?rest_route=\/wp\/v2\/users\/3"}],"replies":[{"embeddable":true,"href":"https:\/\/diariodominicano.com\/index.php?rest_route=%2Fwp%2Fv2%2Fcomments&post=36353"}],"version-history":[{"count":0,"href":"https:\/\/diariodominicano.com\/index.php?rest_route=\/wp\/v2\/posts\/36353\/revisions"}],"wp:attachment":[{"href":"https:\/\/diariodominicano.com\/index.php?rest_route=%2Fwp%2Fv2%2Fmedia&parent=36353"}],"wp:term":[{"taxonomy":"category","embeddable":true,"href":"https:\/\/diariodominicano.com\/index.php?rest_route=%2Fwp%2Fv2%2Fcategories&post=36353"},{"taxonomy":"post_tag","embeddable":true,"href":"https:\/\/diariodominicano.com\/index.php?rest_route=%2Fwp%2Fv2%2Ftags&post=36353"}],"curies":[{"name":"wp","href":"https:\/\/api.w.org\/{rel}","templated":true}]}}