{"id":36352,"date":"2008-03-05T16:52:03","date_gmt":"2008-03-05T16:52:03","guid":{"rendered":"http:\/\/diariodominicano.ddns.net\/?p=36352"},"modified":"2008-03-05T16:52:03","modified_gmt":"2008-03-05T16:52:03","slug":"el-tiro-rapido-285","status":"publish","type":"post","link":"https:\/\/diariodominicano.com\/?p=36352","title":{"rendered":"EL TIRO R\u00c1PIDO"},"content":{"rendered":"<p><body><\/p>\n<p><span class=\"titulogrande1\">EL TIRO RAPIDO<\/span><br \/>&#13;<br \/>\n  <br \/>&#13;<br \/>\n    <strong>de<br \/>&#13;<br \/>\n    <\/strong><br \/>&#13;<br \/>\n    <span class=\"textogrande\">Mario  Rivadulla<\/span><\/p>\n<p>&#13;<\/p>\n<p align=\"justify\" class=\"text1noticias\">La organizaci\u00f3n \u201cFe y Alegr\u00eca\u201d, que dirige el laborioso  sacerdote y talentoso soci\u00f2logo Jorge Cela, con una larga y provechosa data de  valiosos servicios a la sociedad, sobre todo en los segmentos m\u00e0s necesitados  de la poblaci\u00f2n, se aboca ahora a la que pudiera representar la m\u00e0s exigente y  ambiciosa de sus metas.<\/p>\n<p>&#13;<\/p>\n<p align=\"justify\" class=\"text1noticias\">La tarea que se ha impuesto es  la de comprometer a los diferentes sectores que integran la sociedad dominicana  en el empe\u00f1o com\u00f9n de impulsar mejoras significativas en nuestro todav\u00eca muy  precario sistema educativo.<\/p>\n<p>&#13;<\/p>\n<p align=\"justify\" class=\"text1noticias\">El lanzamiento de esta campa\u00f1a  que promueve la Iglesia Cat\u00f2lica y que se est\u00e0 llevando a cabo en otros  di\u00e8ciseis pa\u00ecses de la regi\u00f2n, fue realizado en el curso de un desayuno que se  efectu\u00f2 ayer en un hotel de la capital.\u00a0  En ese encuentro, se identificaron los principales problemas b\u00e0sicos que  afectan nuestra docencia.\u00a0 En lugar de  cabecera, se sit\u00f9an la inequidad, la baja calidad y la desvalorizaci\u00f2n de la  profesi\u00f2n docente.<\/p>\n<p>&#13;<\/p>\n<p align=\"justify\" class=\"text1noticias\">Pero en el evento se puso  tambi\u00e8n de relieve, una vez m\u00e0s, la necesidad del pa\u00ecs de dotar de mayores  recursos a la ense\u00f1anza.\u00a0 El  planteamiento viene avalado por el hecho de que de los 16 pa\u00ecses involucrados  en este esfuerzo regional, el nuestro ocupa el \u00f9ltimo lugar en cuanto a  inversi\u00f2n total en la educaci\u00f2n.\u00a0 En lo  tocante al gasto p\u00f9blico,\u00a0 compartimos  con Panam\u00e0 y Uruguay el negativo privilegio de figurar entre los que dedican  menor cantidad de recursos estatales a esta importante \u00e0rea.<\/p>\n<p>&#13;<\/p>\n<p align=\"justify\" class=\"text1noticias\">La propuesta de \u201cFe y Alegr\u00eca\u201d  establece aumentar progresivamente el gasto p\u00f9blico para la educaci\u00f2n hasta un  6 por ciento del Producto Interno Bruto,\u00a0  as\u00ec como crear mecanismos de control que garanticen tanto la  transparencia como el uso m\u00e0s adecuado de los fondos para esta \u00e0rea,  provenientes de la ayuda internacional.<\/p>\n<p>&#13;<\/p>\n<p align=\"justify\" class=\"text1noticias\">Otros dos aspectos esenciales  del programa son la mejor\u00eca de la calidad de la ense\u00f1anza, mediante la  flexibilizaci\u00f2n de los contenidos curriculares para adaptarlos a las  necesidades de los estudiantes, y el fortalecimiento de la profesi\u00f2n docente  remunerando a los profesores con salarios decorosos,\u00a0 un sistema de incentivos y programas de  actualizaci\u00f2n.<\/p>\n<p>&#13;<\/p>\n<p align=\"justify\" class=\"text1noticias\">Todas son propuestas  interesantes, valiosas y atinadas que est\u00e0n avaladas por la larga experiencia  que en este campo asisten a quienes participaron del encuentro,\u00a0 tanto como a la instituci\u00f2n que lo promovi\u00f2 y  al padre Cela.<\/p>\n<p>&#13;<\/p>\n<p align=\"justify\" class=\"text1noticias\">Se ha dicho y repetido hasta el  cansancio que la educaci\u00f2n es la base fundamental del desarrollo.\u00a0 El progreso no depende tanto de la cantidad  de recursos naturales y materiales que posea una sociedad, sino de la calidad  de los recursos humanos de que disponga.\u00a0  Esta calidad solo puede lograrse a trav\u00e8s de la educaci\u00f2n, entendida  como un proceso de formaci\u00f2n integral que nos provea de ciudadanos capaces al tiempo  que responsables.<\/p>\n<p>&#13;<\/p>\n<p align=\"justify\" class=\"text1noticias\">Es una tarea que compete tanto  al Estado como a la Sociedad.\u00a0 Al  gobierno, pero tambi\u00e8n a todos los diversos sectores del pa\u00ecs.\u00a0 El progreso nos interesa a todos, pero es  tambi\u00e8n tarea de todos.\u00a0 <\/p>\n<p>&#13;<\/p>\n<p align=\"justify\" class=\"text1noticias\">En el pa\u00ecs hay entidades  particulares y grupos empresariales que aquilatando la importancia de la  educacion y ejerciendo su responsabilidad social corporativa, han venido  haciendo aportes cada vez m\u00e0s significativos en este campo.\u00a0 Esto es alentador.\u00a0 Pero es preciso ampliar y convertir en un  todo m\u00e0s coherente esas contribuciones aisladas a fin de sacarle el mayor  millaje as\u00ec como aunar el trabajo del sector p\u00f9blico y privado, asumiendo un  compromiso colectivo de naci\u00f2n con la educaci\u00f2n.\u00a0 <\/p>\n<p>&#13;<\/p>\n<p align=\"justify\" class=\"text1noticias\">Tratar de lograrlo puede ser la  tarea m\u00e0s desafiante que tenga por delante este importante proyecto  educativo.\u00a0 Es el reto que enfrentar\u00e0 \u201cFe  y Alegr\u00eca\u201d para lo cual dispone de amplia experiencia,\u00a0 y de seguro contar\u00e0 con el entusiasta  respaldo de imp\u00f2rtantes factores y sectores dentro de nuestra sociedad, al cual  sumamos nuestro modesto pero firme e incondicional respaldo.<\/p>\n<p>&#13;<\/p>\n<p align=\"justify\" class=\"text1noticias\">Porque si de algo estamos  convencidos y hemos venido proclamando con insistencia,\u00a0 es que el progreso y el bienestar son metas  que depender\u00e0n exclusivamente de nuestros niveles de capacitaci\u00f2n, dedicaci\u00f2n  al trabajo y esp\u00ecritu de superaci\u00f2n.<\/p>\n<p>&#13;<\/p>\n<h6> 2008-03-05 16:52:03 <\/h6>\n<p><!--\n<link rel=\"stylesheet\" href=\"css\/bootstrap.min.css\">\n\n\n<ul class=\"pagination\">\n\t    \n\t\n\n<li >\n\t<a href='?page_no=12222'>Previous<\/a>\n\t<\/li>\n\n\n       \n    \n\n<li><a href='?page_no=1'>1<\/a><\/li>\n\n\n\n<li><a href='?page_no=2'>2<\/a><\/li>\n\n\n\n<li><a>...<\/a><\/li>\n\n\n\n<li><a href='?page_no=12221'>12221<\/a><\/li>\n\n\n\n<li><a href='?page_no=12222'>12222<\/a><\/li>\n\n\n\n<li class='active'><a>12223<\/a><\/li>\n\n\n\n<li><a href='?page_no=12224'>12224<\/a><\/li>\n\n\n\n<li><a href='?page_no=12225'>12225<\/a><\/li>\n\n\n\n<li><a>...<\/a><\/li>\n\n\n\n<li><a href='?page_no=13611'>13611<\/a><\/li>\n\n\n\n<li><a href='?page_no=13612'>13612<\/a><\/li>\n\n    \n\t\n\n<li >\n\t<a href='?page_no=12224'>Next<\/a>\n\t<\/li>\n\n\n    \n\n<li><a href='?page_no=13612'>Last &rsaquo;&rsaquo;<\/a><\/li>\n\n<\/ul>\n\n\n--><br \/>\n<\/body><\/p>\n","protected":false},"excerpt":{"rendered":"<p>EL TIRO RAPIDO&#13; &#13; de&#13; &#13; Mario Rivadulla &#13; La organizaci\u00f3n \u201cFe y Alegr\u00eca\u201d, que dirige el laborioso sacerdote y talentoso soci\u00f2logo Jorge Cela, con una larga y provechosa data de valiosos servicios a la sociedad, sobre todo en los segmentos m\u00e0s necesitados de la poblaci\u00f2n, se aboca ahora a la que pudiera representar la [&hellip;]<\/p>\n","protected":false},"author":3,"featured_media":0,"comment_status":"open","ping_status":"open","sticky":false,"template":"","format":"standard","meta":{"footnotes":""},"categories":[16],"tags":[],"class_list":["post-36352","post","type-post","status-publish","format-standard","hentry","category-opiniones"],"_links":{"self":[{"href":"https:\/\/diariodominicano.com\/index.php?rest_route=\/wp\/v2\/posts\/36352","targetHints":{"allow":["GET"]}}],"collection":[{"href":"https:\/\/diariodominicano.com\/index.php?rest_route=\/wp\/v2\/posts"}],"about":[{"href":"https:\/\/diariodominicano.com\/index.php?rest_route=\/wp\/v2\/types\/post"}],"author":[{"embeddable":true,"href":"https:\/\/diariodominicano.com\/index.php?rest_route=\/wp\/v2\/users\/3"}],"replies":[{"embeddable":true,"href":"https:\/\/diariodominicano.com\/index.php?rest_route=%2Fwp%2Fv2%2Fcomments&post=36352"}],"version-history":[{"count":0,"href":"https:\/\/diariodominicano.com\/index.php?rest_route=\/wp\/v2\/posts\/36352\/revisions"}],"wp:attachment":[{"href":"https:\/\/diariodominicano.com\/index.php?rest_route=%2Fwp%2Fv2%2Fmedia&parent=36352"}],"wp:term":[{"taxonomy":"category","embeddable":true,"href":"https:\/\/diariodominicano.com\/index.php?rest_route=%2Fwp%2Fv2%2Fcategories&post=36352"},{"taxonomy":"post_tag","embeddable":true,"href":"https:\/\/diariodominicano.com\/index.php?rest_route=%2Fwp%2Fv2%2Ftags&post=36352"}],"curies":[{"name":"wp","href":"https:\/\/api.w.org\/{rel}","templated":true}]}}