{"id":36351,"date":"2008-03-06T18:38:30","date_gmt":"2008-03-06T18:38:30","guid":{"rendered":"http:\/\/diariodominicano.ddns.net\/?p=36351"},"modified":"2008-03-06T18:38:30","modified_gmt":"2008-03-06T18:38:30","slug":"el-tiro-rapido-284","status":"publish","type":"post","link":"https:\/\/diariodominicano.com\/?p=36351","title":{"rendered":"EL TIRO R\u00c1PIDO"},"content":{"rendered":"<p><body><\/p>\n<p><span class=\"titulogrande1\">EL TIRO R\u00c1PIDO<\/span><br \/>&#13;<br \/>\n  <br \/>&#13;<br \/>\n    <strong>de<\/strong><br \/>&#13;<br \/>\n  <br \/>&#13;<br \/>\n  <span class=\"textogrande\">Mario  Rivadulla<\/span><\/p>\n<p>&#13;<\/p>\n<p align=\"justify\" class=\"text1noticias\">De pronto la XX Cumbre de R\u00eco a inaugurarse el viernes en  nuestra capital, que en principio parec\u00eca otro eslab\u00f2n de un evento  tradicionalmente formal, ha adquirido una importancia capital.<\/p>\n<p>&#13;<\/p>\n<p align=\"justify\" class=\"text1noticias\">Esto as\u00ec por una raz\u00f2n no precisamente  agradable como es el grave conflicto que envuelve a los gobiernos de Venezuela  y Ecuador por un lado y al de Colombia por otro, y a la anunciada asistencia a  la Cumbre de los respectivos presidentes Hugo Ch\u00e0vez, Rafael Correa y Alvaro  Uribe envueltos en un espeso clima de hostilidad, que ha llegado inclusive al  plano de los m\u00e0s fuertes insultos personales.<\/p>\n<p>&#13;<\/p>\n<p align=\"justify\" class=\"text1noticias\">Tanto Venezuela como Ecuador  han denunciado ante la comunidad internacional y presentado formal acusaci\u00f2n en  la OEA, como violaci\u00f2n a la soberan\u00eca territorial del segundo,\u00a0 la incursi\u00f2n militar de Colombia que cost\u00f2 la  vida al comandante Ra\u00f9l Reyes, segundo en la l\u00ecnea de mando de las FARC, y a la  tropa que lo acompa\u00f1aba.<\/p>\n<p>&#13;<\/p>\n<p align=\"justify\" class=\"text1noticias\">Colombia, por su parte, despu\u00e8s  de ver rechazadas las excusas diplom\u00e0ticas que ofreci\u00f2 al gobierno de Correa,  ha anunciado que llevar\u00e0 ante la Corte Internacional de La Haya pruebas  concluyentes de la estrecha asociaci\u00f2n de la narcoguerrilla colombiana con los  gobiernos de Ch\u00e0vez y Correa.\u00a0 Estas  pruebas habr\u00ecan sido ocupados por la inteligencia militar colombiana en el  cad\u00e0ver de Reyes, revelando que el presidente de Venezuela habr\u00eca facilitado a  las FARC trescientos millones de d\u00f2lares para financiar sus operaciones,\u00a0 y que el mandatario ecuatoriano, por su  parte, estar\u00eca facilitando el territorio de su pa\u00ecs como refugio y base de  operaciones de la narcoguerrilla.<\/p>\n<p>&#13;<\/p>\n<p align=\"justify\" class=\"text1noticias\">Estos hechos, el clima de  hostilidad verbal, la movilizaci\u00f2n militar de los tres pa\u00ecses hacia sus  correspondientes fronteras y el riesgo de que la situaci\u00f2n pudiera llegar a  males mayores desestabilizando la regi\u00f2n, ha motivado adem\u00e0s el inter\u00e8s de  otros mandatarios que en principio no pensaban asistir al evento. As\u00ec de nueve  presidentes que hab\u00ecan confirmado su asistencia originalmente,\u00a0 el n\u00f9mero se ha elevado a catorce obligando a  \u00f9ltima hora a introducir reajustes en la ambientaci\u00f2n y el protocolo del  encuentro.\u00a0 De igual modo, decenas de  corresponsales de prensa que en condiciones normales se hubiesen abstenido de  venir, viajar\u00e0n para cubrir las incidencias del evento.<\/p>\n<p>&#13;<\/p>\n<p align=\"justify\" class=\"text1noticias\">Pero a todo este escenario, un  tanto espectacular, en que se ha convertido la Cumbre de los Pa\u00ecses de R\u00eco y  colocar\u00e0 los ojos del Continente sobre todo, en la Rep\u00f9blica Dominicana, se  suma otra circunstancia de no menor importancia.<br \/>&#13;<br \/>\n  <br \/>&#13;<br \/>\n  Es la oportunidad que se le  brinda al Presidente Leonel Fern\u00e0ndez, como anfitri\u00f2n del encuentro y al mismo  tiempo como amigo personal de los tres mandatarios en pugna, de servir de  mediador para lograr si no la reconciliaci\u00f2n entre ellos, al menos que asuman  un compromiso de contribuir a bajar la tensi\u00f2n y disipar el peligro de una  posible confrontaci\u00f2n b\u00e8lica.<\/p>\n<p>&#13;<\/p>\n<p align=\"justify\" class=\"text1noticias\">La tarea no es f\u00e0cil, a\u00f9n  cuando al Presidente Fern\u00e0ndez se le reconocen probadas dotes conciliadoras y  ya en oportunidades anteriores, ha asumido estas mismas funciones.\u00a0 Sin embargo, en ninguna de esas ocasiones  previas la situaci\u00f2n creada presenta caracter\u00ecsticas tan explosivas como la  actual.<\/p>\n<p>&#13;<\/p>\n<p align=\"justify\" class=\"text1noticias\">Por lo pronto, hay que partir  de la base de que los tres gobiernos en contienda tienen posiciones muy  definidas y contrapuestas, y por consiguiente, extremadamente dif\u00ecciles de  conciliar.<\/p>\n<p>&#13;<\/p>\n<p align=\"justify\" class=\"text1noticias\">Est\u00e0 claro que Hugo Ch\u00e0vez ha  asumido partido por las FARC.\u00a0 Para que  no haya dudas ha hecho p\u00f9blicas sus simpat\u00ecas por esos grupos, tratando  inclusive de que sean desclasificados como \u201cterroristas\u201d y se les conceda el  status de \u201cinsurgentes\u201d. Y aunque sus empe\u00f1os en este sentido han chocado  contra el firme rechazo de los Estados Unidos, la Uni\u00f2n Europea y gobiernos del  propio Cono Sur, como Chile y Per\u00f9, no parece estar en disposici\u00f2n de cejar en  dicho prop\u00f2sito.<\/p>\n<p>&#13;<\/p>\n<p align=\"justify\" class=\"text1noticias\">El Presidente de Ecuador por su  lado,\u00a0 ha admitido la frecuente presencia  de partidas de las FARC en territorio fronterizo de su pa\u00ecs. Estrechamente  vinculado a Ch\u00e0vez, hace causa com\u00f9n con \u00e8ste.<\/p>\n<p>&#13;<\/p>\n<p align=\"justify\" class=\"text1noticias\">Y por su parte, el Presidente  Alvaro Uribe de Colombia, contando con un gran respaldo mayoritario de su  pueblo, no pierde pie ni pisada a las FARC ni oportunidad de asestarle los m\u00e0s  contundentes golpes.<\/p>\n<p>&#13;<\/p>\n<p align=\"justify\" class=\"text1noticias\">Frente a este cuadro \u00bfpodr\u00e0 el  Presidente Fern\u00e0ndez lograr un compromiso de pacificaci\u00f2n de los  contendores?\u00a0 Luce, si no imposible, al  menos bien dif\u00eccil.\u00a0 Pero de todos modos  no hay peor gesti\u00f2n que la que no se hace.\u00a0  Y el solo hecho de que se le asigne y se le reconozca en el papel de  mediador, sin dudas que acrece su figura y su liderazgo y debe proyectar  reflejos positivos sobre su candidatura en el plano local.<\/p>\n<p>&#13;<\/p>\n<h6> 2008-03-06 18:38:30 <\/h6>\n<p><!--\n<link rel=\"stylesheet\" href=\"css\/bootstrap.min.css\">\n\n\n<ul class=\"pagination\">\n\t    \n\t\n\n<li >\n\t<a href='?page_no=12221'>Previous<\/a>\n\t<\/li>\n\n\n       \n    \n\n<li><a href='?page_no=1'>1<\/a><\/li>\n\n\n\n<li><a href='?page_no=2'>2<\/a><\/li>\n\n\n\n<li><a>...<\/a><\/li>\n\n\n\n<li><a href='?page_no=12220'>12220<\/a><\/li>\n\n\n\n<li><a href='?page_no=12221'>12221<\/a><\/li>\n\n\n\n<li class='active'><a>12222<\/a><\/li>\n\n\n\n<li><a href='?page_no=12223'>12223<\/a><\/li>\n\n\n\n<li><a href='?page_no=12224'>12224<\/a><\/li>\n\n\n\n<li><a>...<\/a><\/li>\n\n\n\n<li><a href='?page_no=13611'>13611<\/a><\/li>\n\n\n\n<li><a href='?page_no=13612'>13612<\/a><\/li>\n\n    \n\t\n\n<li >\n\t<a href='?page_no=12223'>Next<\/a>\n\t<\/li>\n\n\n    \n\n<li><a href='?page_no=13612'>Last &rsaquo;&rsaquo;<\/a><\/li>\n\n<\/ul>\n\n\n--><br \/>\n<\/body><\/p>\n","protected":false},"excerpt":{"rendered":"<p>EL TIRO R\u00c1PIDO&#13; &#13; de&#13; &#13; Mario Rivadulla &#13; De pronto la XX Cumbre de R\u00eco a inaugurarse el viernes en nuestra capital, que en principio parec\u00eca otro eslab\u00f2n de un evento tradicionalmente formal, ha adquirido una importancia capital. &#13; Esto as\u00ec por una raz\u00f2n no precisamente agradable como es el grave conflicto que envuelve [&hellip;]<\/p>\n","protected":false},"author":3,"featured_media":0,"comment_status":"open","ping_status":"open","sticky":false,"template":"","format":"standard","meta":{"footnotes":""},"categories":[16],"tags":[],"class_list":["post-36351","post","type-post","status-publish","format-standard","hentry","category-opiniones"],"_links":{"self":[{"href":"https:\/\/diariodominicano.com\/index.php?rest_route=\/wp\/v2\/posts\/36351","targetHints":{"allow":["GET"]}}],"collection":[{"href":"https:\/\/diariodominicano.com\/index.php?rest_route=\/wp\/v2\/posts"}],"about":[{"href":"https:\/\/diariodominicano.com\/index.php?rest_route=\/wp\/v2\/types\/post"}],"author":[{"embeddable":true,"href":"https:\/\/diariodominicano.com\/index.php?rest_route=\/wp\/v2\/users\/3"}],"replies":[{"embeddable":true,"href":"https:\/\/diariodominicano.com\/index.php?rest_route=%2Fwp%2Fv2%2Fcomments&post=36351"}],"version-history":[{"count":0,"href":"https:\/\/diariodominicano.com\/index.php?rest_route=\/wp\/v2\/posts\/36351\/revisions"}],"wp:attachment":[{"href":"https:\/\/diariodominicano.com\/index.php?rest_route=%2Fwp%2Fv2%2Fmedia&parent=36351"}],"wp:term":[{"taxonomy":"category","embeddable":true,"href":"https:\/\/diariodominicano.com\/index.php?rest_route=%2Fwp%2Fv2%2Fcategories&post=36351"},{"taxonomy":"post_tag","embeddable":true,"href":"https:\/\/diariodominicano.com\/index.php?rest_route=%2Fwp%2Fv2%2Ftags&post=36351"}],"curies":[{"name":"wp","href":"https:\/\/api.w.org\/{rel}","templated":true}]}}