{"id":36347,"date":"2008-03-07T19:11:07","date_gmt":"2008-03-07T19:11:07","guid":{"rendered":"http:\/\/diariodominicano.ddns.net\/?p=36347"},"modified":"2008-03-07T19:11:07","modified_gmt":"2008-03-07T19:11:07","slug":"reflexiones-del-companero-fidel-19","status":"publish","type":"post","link":"https:\/\/diariodominicano.com\/?p=36347","title":{"rendered":"Reflexiones del compa\u00f1ero Fidel"},"content":{"rendered":"<p><body><\/p>\n<p class=\"titulogrande1\"><strong><u>Reflexiones del compa\u00f1ero Fidel<\/u><\/strong> <\/p>\n<p>&#13;<\/p>\n<p align=\"justify\" class=\"text1noticias\"><strong>El  Tribunal Penal Internacional<\/strong> <br \/>&#13;<br \/>\n  <br \/>&#13;<br \/>\n  <em>La  Hojilla<\/em>,  programa de Venezolana de Televisi\u00f3n, se encarg\u00f3 de seleccionar, a lo largo de  meses hasta ayer 5 de marzo, datos y frases que reflejan con precisi\u00f3n el plan  imperialista de hacer con Ch\u00e1vez lo que se hizo con Milosevic despu\u00e9s de la  guerra genocida de Kosovo: juzgarlo en el Tribunal Penal Internacional. <br \/>&#13;<br \/>\n  <br \/>&#13;<br \/>\n  Ayer, cuando  pasadas las 12 de la noche, hora de Cuba, es decir, hoy mismo, escuch\u00e9  declaraciones oficiales a la prensa de un grupo de funcionarios que se ocupan  en Colombia de los tr\u00e1mites legales pertinentes, no me qued\u00f3 duda alguna. No se  trata de un secreto. Es una batalla de opini\u00f3n previa. Tuve muy presente al  escribir estas l\u00edneas la excelente recopilaci\u00f3n de <em>La Hojilla<\/em>.<br \/>&#13;<br \/>\n  <br \/>&#13;<br \/>\n\u00bfQu\u00e9 se ha  dicho de Ch\u00e1vez en d\u00edas muy recientes? Fue electo por el voto mayoritario de la  poblaci\u00f3n. De inmediato se a\u00f1ade: igual que Hitler. Claro que no se explica lo  conocido demasiado bien: que Hitler fue fruto genuino del sistema capitalista,  que se expres\u00f3 a trav\u00e9s del Tratado de Versalles y la imposici\u00f3n de sanciones  \u2014ya lo mencion\u00e9 en una reflexi\u00f3n\u2014, las cuales exaltaron el nacionalismo en la  reci\u00e9n nacida Rep\u00fablica de Alemania. El fascismo asesin\u00f3 a incontables  personas. Ch\u00e1vez nunca mat\u00f3 a nadie, ha sido elegido varias veces, y los m\u00e1s  incre\u00edbles insultos contra \u00e9l se publican y divulgan diariamente por todos los  medios. <br \/>&#13;<br \/>\n<br \/>&#13;<br \/>\nJam\u00e1s lograr\u00e1n la conformidad del Presidente de Venezuela.<br \/>&#13;<br \/>\n<br \/>&#13;<br \/>\nCuando el  gobierno de Estados Unidos tuvo la seguridad de que pod\u00eda destruir proyectiles  en pleno vuelo desde California con empleo de sat\u00e9lites espaciales, habla  entonces sin rubor alguno de guerras at\u00f3micas y no oculta la intenci\u00f3n de  gobernar el mundo a sangre y fuego.<br \/>&#13;<br \/>\n<br \/> &#13;<br \/>\nSe emplean millones de millones en armas  que nada aportan a la satisfacci\u00f3n de necesidades y al bienestar del ser  humano; mantienen, por el contrario, en constante tensi\u00f3n a la econom\u00eda  mundial; imponen a los pa\u00edses, como los aventureros del Oeste de Estados  Unidos, la consigna de la bolsa o la vida. <br \/>&#13;<br \/>\n<br \/>&#13;<br \/>\nEscuchando  durante horas a los economistas reunidos en La Habana discutir civilizadamente  sobre globalizaci\u00f3n y problemas del desarrollo, puede apreciarse el tremendo  choque de ideas y las contradicciones que brotan con creciente fuerza y  complejidad en nuestro mundo actual. En la mente conservo un buen n\u00famero de  hechos que con seguridad se abordaron en esa reuni\u00f3n. <br \/>&#13;<br \/>\n<br \/>&#13;<br \/>\nEs de por s\u00ed  sumamente valiosa la solidaridad expresada en esa conferencia con el pueblo del  Ecuador.<br \/>&#13;<br \/>\n<br \/>&#13;<br \/>\nEl  Presidente de esa naci\u00f3n, Rafael Correa, dijo hoy que si la Organizaci\u00f3n de  Estados Americanos \u00abno condena la agresi\u00f3n a su pa\u00eds, habr\u00e1 que tirarla al  basurero de la historia\u00bb. <br \/>&#13;<br \/>\n<br \/>&#13;<br \/>\n\u00abTenemos que tomar decisiones ma\u00f1ana en  Santo Domingo para condenar claramente la agresi\u00f3n a Ecuador\u00bb, agreg\u00f3.  Estas dos declaraciones no solo las escuch\u00e9 en la entrevista de Correa por la  televisi\u00f3n. Constan en diferentes agencias cablegr\u00e1ficas.<br \/>&#13;<br \/>\n<br \/>&#13;<br \/>\n  La gravedad  del problema creado por el gobierno de Estados Unidos no puede subestimarse.<br \/>&#13;<br \/>\n  <br \/>&#13;<br \/>\n  Ayer Bush  dio su apoyo al candidato republicano McCain, que est\u00e1 comprometido con la  guerra de Iraq y disfruta lanzando bombas contra la poblaci\u00f3n civil, es opuesto  a toda negociaci\u00f3n y jura mantener el bloqueo econ\u00f3mico contra la naci\u00f3n  cubana. Hace dos d\u00edas los cables informaron sobre nuevas medidas de Bush para  extender m\u00e1s en la Internet el bloqueo contra Cuba. <br \/>&#13;<br \/>\n  <br \/>&#13;<br \/>\n\u00bfQu\u00e9 podr\u00e1n  esperar del imperio los pueblos de Am\u00e9rica Latina que aspiran al resguardo de  la soberan\u00eda nacional? <br \/>&#13;<br \/>\n<br \/>&#13;<br \/>\n\u00bfPuede ser o  no sostenible semejante tiran\u00eda que tanto lesiona a la poblaci\u00f3n del planeta?<br \/>&#13;<br \/>\n  <br \/>&#13;<br \/>\n  <strong>Fidel  Castro Ruz<\/strong> <br \/>&#13;<br \/>\n  <br \/>&#13;<br \/>\n  <strong>Marzo 6  de 2008<\/strong> <br \/>&#13;<br \/>\n  <br \/>&#13;<br \/>\n  <strong>6 y 32  p.m.<\/strong> <\/p>\n<p>&#13;<\/p>\n<h6> 2008-03-07 19:11:07 <\/h6>\n<p><!--\n<link rel=\"stylesheet\" href=\"css\/bootstrap.min.css\">\n\n\n<ul class=\"pagination\">\n\t    \n\t\n\n<li >\n\t<a href='?page_no=12218'>Previous<\/a>\n\t<\/li>\n\n\n       \n    \n\n<li><a href='?page_no=1'>1<\/a><\/li>\n\n\n\n<li><a href='?page_no=2'>2<\/a><\/li>\n\n\n\n<li><a>...<\/a><\/li>\n\n\n\n<li><a href='?page_no=12217'>12217<\/a><\/li>\n\n\n\n<li><a href='?page_no=12218'>12218<\/a><\/li>\n\n\n\n<li class='active'><a>12219<\/a><\/li>\n\n\n\n<li><a href='?page_no=12220'>12220<\/a><\/li>\n\n\n\n<li><a href='?page_no=12221'>12221<\/a><\/li>\n\n\n\n<li><a>...<\/a><\/li>\n\n\n\n<li><a href='?page_no=13611'>13611<\/a><\/li>\n\n\n\n<li><a href='?page_no=13612'>13612<\/a><\/li>\n\n    \n\t\n\n<li >\n\t<a href='?page_no=12220'>Next<\/a>\n\t<\/li>\n\n\n    \n\n<li><a href='?page_no=13612'>Last &rsaquo;&rsaquo;<\/a><\/li>\n\n<\/ul>\n\n\n--><br \/>\n<\/body><\/p>\n","protected":false},"excerpt":{"rendered":"<p>Reflexiones del compa\u00f1ero Fidel &#13; El Tribunal Penal Internacional &#13; &#13; La Hojilla, programa de Venezolana de Televisi\u00f3n, se encarg\u00f3 de seleccionar, a lo largo de meses hasta ayer 5 de marzo, datos y frases que reflejan con precisi\u00f3n el plan imperialista de hacer con Ch\u00e1vez lo que se hizo con Milosevic despu\u00e9s de la [&hellip;]<\/p>\n","protected":false},"author":3,"featured_media":0,"comment_status":"open","ping_status":"open","sticky":false,"template":"","format":"standard","meta":{"footnotes":""},"categories":[16],"tags":[],"class_list":["post-36347","post","type-post","status-publish","format-standard","hentry","category-opiniones"],"_links":{"self":[{"href":"https:\/\/diariodominicano.com\/index.php?rest_route=\/wp\/v2\/posts\/36347","targetHints":{"allow":["GET"]}}],"collection":[{"href":"https:\/\/diariodominicano.com\/index.php?rest_route=\/wp\/v2\/posts"}],"about":[{"href":"https:\/\/diariodominicano.com\/index.php?rest_route=\/wp\/v2\/types\/post"}],"author":[{"embeddable":true,"href":"https:\/\/diariodominicano.com\/index.php?rest_route=\/wp\/v2\/users\/3"}],"replies":[{"embeddable":true,"href":"https:\/\/diariodominicano.com\/index.php?rest_route=%2Fwp%2Fv2%2Fcomments&post=36347"}],"version-history":[{"count":0,"href":"https:\/\/diariodominicano.com\/index.php?rest_route=\/wp\/v2\/posts\/36347\/revisions"}],"wp:attachment":[{"href":"https:\/\/diariodominicano.com\/index.php?rest_route=%2Fwp%2Fv2%2Fmedia&parent=36347"}],"wp:term":[{"taxonomy":"category","embeddable":true,"href":"https:\/\/diariodominicano.com\/index.php?rest_route=%2Fwp%2Fv2%2Fcategories&post=36347"},{"taxonomy":"post_tag","embeddable":true,"href":"https:\/\/diariodominicano.com\/index.php?rest_route=%2Fwp%2Fv2%2Ftags&post=36347"}],"curies":[{"name":"wp","href":"https:\/\/api.w.org\/{rel}","templated":true}]}}