{"id":36345,"date":"2008-03-09T23:35:25","date_gmt":"2008-03-09T23:35:25","guid":{"rendered":"http:\/\/diariodominicano.ddns.net\/?p=36345"},"modified":"2008-03-09T23:35:25","modified_gmt":"2008-03-09T23:35:25","slug":"reflexiones-de-fidel-10","status":"publish","type":"post","link":"https:\/\/diariodominicano.com\/?p=36345","title":{"rendered":"REFLEXIONES DE FIDEL"},"content":{"rendered":"<p><body><\/p>\n<p align=\"justify\"><strong class=\"titulogrande1\">Reflexiones del compa\u00f1ero Fidel<\/strong><br \/>&#13;<br \/>\n  <br \/>&#13;<br \/>\n    <strong>El \u00fanico perdedor<\/strong><br \/>&#13;<br \/>\n    <br \/>&#13;<br \/>\n    <span class=\"text1noticias\">Fue por knock-out, en la capital  de la Rep\u00fablica Dominicana. Pudimos seguir el match por Telesur sin perder un  segundo. All\u00ed estaban casi todos los Presidentes latinoamericanos del Grupo de  R\u00edo. Correa, presidente de Ecuador, lo hab\u00eda anunciado el d\u00eda antes. Me atrev\u00ed  a enfatizar en una reflexi\u00f3n la importancia de esa reuni\u00f3n. No tuvo lugar en el  seno de la OEA. <br \/>&#13;<br \/>\n    <br \/>&#13;<br \/>\n    Lo esencial es que los diplom\u00e1ticos de Estados Unidos no  estaban presentes. De una forma u otra, a pesar de las profundas diferencias  ideol\u00f3gicas y t\u00e1cticas, todos brillaron y reflejaron cualidades que los  llevaron a cargos importantes dentro del Estado.<br \/>&#13;<br \/>\n    <br \/>&#13;<br \/>\n    Dada la crisis actual, tales  cargos adquieren relieve. El hecho real es que muy pr\u00f3ximo al estallido de  conflictos b\u00e9licos entre pueblos hermanos como consecuencia de las intrigas  yanquis, all\u00ed qued\u00f3 sellada la paz en lo inmediato y la conciencia de que no  estamos obligados a guerras entre pueblos que comparten s\u00f3lidos v\u00ednculos de  hermandad.<br \/>&#13;<br \/>\n    <br \/>&#13;<br \/>\n    Mientras esto ocurr\u00eda en Santo  Domingo, Bush se reun\u00eda en Washington para hablar de la transici\u00f3n en Cuba.  Aunque todo queda por hacer, como se ha demostrado en la reuni\u00f3n de La Habana  sobre Globalizaci\u00f3n y Problemas del Desarrollo, el imperialismo fue de todas  formas el \u00fanico perdedor.<br \/>&#13;<br \/>\n    <br \/>&#13;<br \/>\n    <strong>Fidel Castro Ruz<\/strong><br \/>&#13;<br \/>\n    <br \/>&#13;<br \/>\n    <strong>7 de marzo de 2008<br \/>&#13;<br \/>\n  <br \/>&#13;<br \/>\n    5 y 44 p.m.<br \/>&#13;<br \/>\n    <br \/>&#13;<br \/>\n    <\/strong><\/span><\/p>\n<p>&#13;<\/p>\n<h6> 2008-03-09 23:35:25 <\/h6>\n<p><!--\n<link rel=\"stylesheet\" href=\"css\/bootstrap.min.css\">\n\n\n<ul class=\"pagination\">\n\t    \n\t\n\n<li >\n\t<a href='?page_no=12216'>Previous<\/a>\n\t<\/li>\n\n\n       \n    \n\n<li><a href='?page_no=1'>1<\/a><\/li>\n\n\n\n<li><a href='?page_no=2'>2<\/a><\/li>\n\n\n\n<li><a>...<\/a><\/li>\n\n\n\n<li><a href='?page_no=12215'>12215<\/a><\/li>\n\n\n\n<li><a href='?page_no=12216'>12216<\/a><\/li>\n\n\n\n<li class='active'><a>12217<\/a><\/li>\n\n\n\n<li><a href='?page_no=12218'>12218<\/a><\/li>\n\n\n\n<li><a href='?page_no=12219'>12219<\/a><\/li>\n\n\n\n<li><a>...<\/a><\/li>\n\n\n\n<li><a href='?page_no=13611'>13611<\/a><\/li>\n\n\n\n<li><a href='?page_no=13612'>13612<\/a><\/li>\n\n    \n\t\n\n<li >\n\t<a href='?page_no=12218'>Next<\/a>\n\t<\/li>\n\n\n    \n\n<li><a href='?page_no=13612'>Last &rsaquo;&rsaquo;<\/a><\/li>\n\n<\/ul>\n\n\n--><br \/>\n<\/body><\/p>\n","protected":false},"excerpt":{"rendered":"<p>Reflexiones del compa\u00f1ero Fidel&#13; &#13; El \u00fanico perdedor&#13; &#13; Fue por knock-out, en la capital de la Rep\u00fablica Dominicana. Pudimos seguir el match por Telesur sin perder un segundo. All\u00ed estaban casi todos los Presidentes latinoamericanos del Grupo de R\u00edo. Correa, presidente de Ecuador, lo hab\u00eda anunciado el d\u00eda antes. Me atrev\u00ed a enfatizar en [&hellip;]<\/p>\n","protected":false},"author":3,"featured_media":0,"comment_status":"open","ping_status":"open","sticky":false,"template":"","format":"standard","meta":{"footnotes":""},"categories":[16],"tags":[],"class_list":["post-36345","post","type-post","status-publish","format-standard","hentry","category-opiniones"],"_links":{"self":[{"href":"https:\/\/diariodominicano.com\/index.php?rest_route=\/wp\/v2\/posts\/36345","targetHints":{"allow":["GET"]}}],"collection":[{"href":"https:\/\/diariodominicano.com\/index.php?rest_route=\/wp\/v2\/posts"}],"about":[{"href":"https:\/\/diariodominicano.com\/index.php?rest_route=\/wp\/v2\/types\/post"}],"author":[{"embeddable":true,"href":"https:\/\/diariodominicano.com\/index.php?rest_route=\/wp\/v2\/users\/3"}],"replies":[{"embeddable":true,"href":"https:\/\/diariodominicano.com\/index.php?rest_route=%2Fwp%2Fv2%2Fcomments&post=36345"}],"version-history":[{"count":0,"href":"https:\/\/diariodominicano.com\/index.php?rest_route=\/wp\/v2\/posts\/36345\/revisions"}],"wp:attachment":[{"href":"https:\/\/diariodominicano.com\/index.php?rest_route=%2Fwp%2Fv2%2Fmedia&parent=36345"}],"wp:term":[{"taxonomy":"category","embeddable":true,"href":"https:\/\/diariodominicano.com\/index.php?rest_route=%2Fwp%2Fv2%2Fcategories&post=36345"},{"taxonomy":"post_tag","embeddable":true,"href":"https:\/\/diariodominicano.com\/index.php?rest_route=%2Fwp%2Fv2%2Ftags&post=36345"}],"curies":[{"name":"wp","href":"https:\/\/api.w.org\/{rel}","templated":true}]}}