{"id":36342,"date":"2008-03-10T14:07:37","date_gmt":"2008-03-10T14:07:37","guid":{"rendered":"http:\/\/diariodominicano.ddns.net\/?p=36342"},"modified":"2008-03-10T14:07:37","modified_gmt":"2008-03-10T14:07:37","slug":"reflexiones-del-companero-fidel-18","status":"publish","type":"post","link":"https:\/\/diariodominicano.com\/?p=36342","title":{"rendered":"Reflexiones del compa\u00f1ero Fidel"},"content":{"rendered":"<p><body><\/p>\n<p align=\"justify\"><span class=\"titulogrande1\"><strong><u>Reflexiones del  compa\u00f1ero Fidel<\/u><\/strong> <\/span><br \/>&#13;<br \/>\n  <br \/>&#13;<br \/>\n    <span class=\"text1noticias\"><strong>La visita de Ch\u00e1vez<\/strong><br \/>&#13;<br \/>\n    <br \/>&#13;<br \/>\n    Ra\u00fal lo hab\u00eda invitado. Dijo  que no quer\u00eda verme para no contagiarme con el virus de la gripe. <br \/>&#13;<br \/>\n    <br \/>&#13;<br \/>\n    Puros  pretextos para no someterse a la tortura de mis preguntas habituales. \u00bfPara qu\u00e9  tomo la Vitamina C? \u2015le mando a decir. \u00bfAcaso se van a enfermar todos los jefes  y jefas de Estado que estaban en la calurosa y feliz reuni\u00f3n final del Grupo de  R\u00edo?<br \/>&#13;<br \/>\n    <br \/>&#13;<br \/>\n    Estaba contento, euf\u00f3rico de  aquella batalla por la paz y su papel \u2015reconocido por los cables  internacionales\u2015 lo hac\u00eda feliz. Estuvo sereno, persuasivo, conceptuoso y de  excelente humor. Hasta Bol\u00edvar, que no se conform\u00f3 nunca con nada, lo habr\u00eda  estado en ese momento.<br \/>&#13;<br \/>\n    <br \/>&#13;<br \/>\n    Al final, cant\u00f3 Quisqueya. Ya  la reuni\u00f3n hab\u00eda dado su fruto, y \u00e9l pod\u00eda hacer cosas propias de su voz y o\u00eddo  musicales, a pesar de la gripe.<br \/>&#13;<br \/>\n    <br \/>&#13;<br \/>\n    Cont\u00f3 que el petr\u00f3leo hab\u00eda  subido 5 d\u00f3lares, y se excus\u00f3 de antemano con Leonel, que por puro reflejo, en  medio de la alegr\u00eda, comenzaba a toser.<br \/>&#13;<br \/>\n    <br \/>&#13;<br \/>\n    Muchos de los pa\u00edses que all\u00ed  se reunieron exportan caf\u00e9 y cacao al mercado de Estados Unidos, aparte de  vegetales y frutas de todo tipo. No estoy al d\u00eda respecto a precios de estos  \u00faltimos, pero el del caf\u00e9 y el cacao es casi igual al de hace 50 a\u00f1os cuando el  d\u00f3lar ten\u00eda decenas de veces m\u00e1s poder adquisitivo.<br \/>&#13;<br \/>\n    <br \/>&#13;<br \/>\n    El simple intercambio, cada  vez m\u00e1s desigual, aplasta a las econom\u00edas de muchos pa\u00edses de Latinoam\u00e9rica.  Algunos en \u00c1frica son productores de petr\u00f3leo; otros, de caf\u00e9 y cacao; unos  atraen como la miel el capital de las transnacionales; otros, la deuda y sus  altos intereses; y todos sufren el azote del precio creciente de los alimentos.<br \/>&#13;<br \/>\n    <br \/>&#13;<br \/>\n    Habl\u00e9 largo con Ch\u00e1vez hoy  s\u00e1bado. Somos como hermanos. No puedo decidir la publicaci\u00f3n de los temas  abordados; nunca lo hice ni lo har\u00e9. Venezuela no es igual que Brasil. En las  Memorias publicar\u00e9 lo que \u00e9l me autorice.<br \/>&#13;<br \/>\n    <br \/>&#13;<br \/>\n    Solo puedo afirmar que la  reuni\u00f3n fue excelente. Y todav\u00eda no he sentido los efectos de la gripe.<br \/>&#13;<br \/>\n    <br \/>&#13;<br \/>\n    <strong>Fidel  Castro Ruz<br \/>&#13;<br \/>\n    <br \/>&#13;<br \/>\n    8 de marzo de 2008<br \/>&#13;<br \/>\n    <br \/>&#13;<br \/>\n3 y 17 p.m.<\/strong> <\/span><\/p>\n<p>&#13;<\/p>\n<h6> 2008-03-10 14:07:37 <\/h6>\n<p><!--\n<link rel=\"stylesheet\" href=\"css\/bootstrap.min.css\">\n\n\n<ul class=\"pagination\">\n\t    \n\t\n\n<li >\n\t<a href='?page_no=12213'>Previous<\/a>\n\t<\/li>\n\n\n       \n    \n\n<li><a href='?page_no=1'>1<\/a><\/li>\n\n\n\n<li><a href='?page_no=2'>2<\/a><\/li>\n\n\n\n<li><a>...<\/a><\/li>\n\n\n\n<li><a href='?page_no=12212'>12212<\/a><\/li>\n\n\n\n<li><a href='?page_no=12213'>12213<\/a><\/li>\n\n\n\n<li class='active'><a>12214<\/a><\/li>\n\n\n\n<li><a href='?page_no=12215'>12215<\/a><\/li>\n\n\n\n<li><a href='?page_no=12216'>12216<\/a><\/li>\n\n\n\n<li><a>...<\/a><\/li>\n\n\n\n<li><a href='?page_no=13611'>13611<\/a><\/li>\n\n\n\n<li><a href='?page_no=13612'>13612<\/a><\/li>\n\n    \n\t\n\n<li >\n\t<a href='?page_no=12215'>Next<\/a>\n\t<\/li>\n\n\n    \n\n<li><a href='?page_no=13612'>Last &rsaquo;&rsaquo;<\/a><\/li>\n\n<\/ul>\n\n\n--><br \/>\n<\/body><\/p>\n","protected":false},"excerpt":{"rendered":"<p>Reflexiones del compa\u00f1ero Fidel &#13; &#13; La visita de Ch\u00e1vez&#13; &#13; Ra\u00fal lo hab\u00eda invitado. Dijo que no quer\u00eda verme para no contagiarme con el virus de la gripe. &#13; &#13; Puros pretextos para no someterse a la tortura de mis preguntas habituales. \u00bfPara qu\u00e9 tomo la Vitamina C? \u2015le mando a decir. \u00bfAcaso se [&hellip;]<\/p>\n","protected":false},"author":3,"featured_media":0,"comment_status":"open","ping_status":"open","sticky":false,"template":"","format":"standard","meta":{"footnotes":""},"categories":[16],"tags":[],"class_list":["post-36342","post","type-post","status-publish","format-standard","hentry","category-opiniones"],"_links":{"self":[{"href":"https:\/\/diariodominicano.com\/index.php?rest_route=\/wp\/v2\/posts\/36342","targetHints":{"allow":["GET"]}}],"collection":[{"href":"https:\/\/diariodominicano.com\/index.php?rest_route=\/wp\/v2\/posts"}],"about":[{"href":"https:\/\/diariodominicano.com\/index.php?rest_route=\/wp\/v2\/types\/post"}],"author":[{"embeddable":true,"href":"https:\/\/diariodominicano.com\/index.php?rest_route=\/wp\/v2\/users\/3"}],"replies":[{"embeddable":true,"href":"https:\/\/diariodominicano.com\/index.php?rest_route=%2Fwp%2Fv2%2Fcomments&post=36342"}],"version-history":[{"count":0,"href":"https:\/\/diariodominicano.com\/index.php?rest_route=\/wp\/v2\/posts\/36342\/revisions"}],"wp:attachment":[{"href":"https:\/\/diariodominicano.com\/index.php?rest_route=%2Fwp%2Fv2%2Fmedia&parent=36342"}],"wp:term":[{"taxonomy":"category","embeddable":true,"href":"https:\/\/diariodominicano.com\/index.php?rest_route=%2Fwp%2Fv2%2Fcategories&post=36342"},{"taxonomy":"post_tag","embeddable":true,"href":"https:\/\/diariodominicano.com\/index.php?rest_route=%2Fwp%2Fv2%2Ftags&post=36342"}],"curies":[{"name":"wp","href":"https:\/\/api.w.org\/{rel}","templated":true}]}}