{"id":363366,"date":"2022-06-23T00:00:49","date_gmt":"2022-06-23T04:00:49","guid":{"rendered":"http:\/\/diariodominicano.com\/?p=363366"},"modified":"2022-06-23T07:30:36","modified_gmt":"2022-06-23T11:30:36","slug":"por-crecimiento-economico-elevan-a-comun-el-puesto-maritimo-san-pedro-de-macoris","status":"publish","type":"post","link":"https:\/\/diariodominicano.com\/?p=363366","title":{"rendered":"Por crecimiento econ\u00f3mico elevan a Com\u00fan el puesto mar\u00edtimo San Pedro de Macor\u00eds"},"content":{"rendered":"\n<p>El Ingenio Angelina fue una de las inversiones que impact\u00f3 la econom\u00eda de San Pedro de Macor\u00eds.<\/p>\n\n\n\n<p>Por H\u00e9ctor Tineo Nolasco<\/p>\n\n\n\n<p><strong>Diariodominicano.com<\/strong><\/p>\n\n\n\n<p>SANTO DOMINGO,\u00a0 el \u00a023 de junio de 1882, el Congreso de la Rep\u00fablica elev\u00f3 a la categor\u00eda de Com\u00fan el\u00a0 puesto mar\u00edtimo de San Pedro de Macor\u00eds.<\/p>\n\n\n\n<p>\u00a0\u00a0\u00a0 La iniciativa congresual fue aprobada tomando en cuenta el crecimiento alcanzado por la econom\u00eda de la zona, luego de que empresarios dominicanos y cubanos instalaron nuevos ingenios azucareros, as\u00ed como la  petici\u00f3n de un grupo de ciudadanos.<\/p>\n\n\n\n<p>&nbsp;&nbsp;&nbsp; En un documento sometido el 7 de marzo de 1882, a la consideraci\u00f3n del Gobierno, a trav\u00e9s del ministerio de Interior y Polic\u00eda, los petromacorisanos pidieron que la comunidad fuera declarada Distrito Mar\u00edtimo, con las franquicias y con la organizaci\u00f3n administrativa que su nueva forma haga necesario&nbsp; establecer.<\/p>\n\n\n\n<p>&nbsp;&nbsp;&nbsp;&nbsp; Expresaron que San Pedro de Macor\u00eds es una comunidad m\u00e1s favorecida que Barahona, industrial y topogr\u00e1ficamente. El documento est\u00e1 en el Archivo de la Naci\u00f3n.<\/p>\n\n\n\n<figure class=\"wp-block-image size-large\"><img loading=\"lazy\" decoding=\"async\" width=\"1024\" height=\"576\" src=\"https:\/\/diariodominicano.com\/wp-content\/uploads\/2022\/06\/san-pedro-de-macoris-1024x576.jpg\" alt=\"\" class=\"wp-image-363369\" srcset=\"https:\/\/diariodominicano.com\/wp-content\/uploads\/2022\/06\/san-pedro-de-macoris-1024x576.jpg 1024w, https:\/\/diariodominicano.com\/wp-content\/uploads\/2022\/06\/san-pedro-de-macoris-300x169.jpg 300w, https:\/\/diariodominicano.com\/wp-content\/uploads\/2022\/06\/san-pedro-de-macoris-768x432.jpg 768w, https:\/\/diariodominicano.com\/wp-content\/uploads\/2022\/06\/san-pedro-de-macoris-1536x864.jpg 1536w, https:\/\/diariodominicano.com\/wp-content\/uploads\/2022\/06\/san-pedro-de-macoris-816x459.jpg 816w, https:\/\/diariodominicano.com\/wp-content\/uploads\/2022\/06\/san-pedro-de-macoris.jpg 1920w\" sizes=\"auto, (max-width: 1024px) 100vw, 1024px\" \/><\/figure>\n\n\n\n<p>&nbsp;&nbsp;&nbsp;&nbsp;<strong>Una vista de un \u00e1rea del Puerto de San Pedro de Macor\u00eds.<\/strong><\/p>\n\n\n\n<p> Cuando el Congreso&nbsp; Nacional aprob\u00f3 la disposici\u00f3n en virtud de la cual elev\u00f3 a San Pedro de Macor\u00eds a la categor\u00eda de com\u00fan, se encontraba en la Presidencia de la Rep\u00fablica, el general Ulises Heureaux.<\/p>\n\n\n\n<p>El nacimiento de San Pedro de Macor\u00eds se remonta al a\u00f1o 1822, cuando los haitianos ocuparon el territorio de&nbsp; Rep\u00fablica Dominicana. Una versi\u00f3n hist\u00f3rica da cuenta de que grupos de ciudadanos huyeron hacia la regi\u00f3n oriental y levantaron un caser\u00edo en lo que es hoy San Pedro de Macor\u00eds.<\/p>\n\n\n\n<p>&nbsp;&nbsp;&nbsp; Entre los fundadores se encontraban los ciudadanos Valent\u00edn Rodr\u00edguez, Vicente Ord\u00f3\u00f1ez, Juan Eusebio Leoncio, Luis Valera, Jos\u00e9 Bernardino, Sim\u00f3n Og\u00e9 e Higinio Rodr\u00edguez.<\/p>\n\n\n\n<p>&nbsp;&nbsp;&nbsp; En el a\u00f1o 1846, San Pedro de Macor\u00eds, fue declarado puesto militar y era una secci\u00f3n de Hato Mayor.<\/p>\n\n\n\n<p>&nbsp;&nbsp;&nbsp; El nombre de San Pedro de Macor\u00eds, aparece publicado por primera vez en la Gaceta Oficial del 9 de agosto de 1858.<\/p>\n\n\n\n<p>&nbsp;&nbsp; En el a\u00f1o 1861, fue declarada Comandancia de Armas y colocada bajo la jurisdicci\u00f3n del Gobierno pol\u00edtico y militar de El Seibo.<\/p>\n\n\n\n<p>&nbsp;&nbsp;&nbsp;&nbsp; Cuando fue proclamada la Restauraci\u00f3n de la Rep\u00fablica, el 16 de agosto de 1863, San Pedro de Macor\u00eds, fue de las primeras poblaciones que se declar\u00f3 restaurada.<\/p>\n\n\n\n<p>&nbsp;&nbsp;&nbsp;&nbsp; En el a\u00f1o 1865, en virtud de un decreto del Presidente Jos\u00e9 Mar\u00eda Cabral, San Pedro de Macor\u00eds fue elevada a la categor\u00eda de Com\u00fan, y el 9 de mayo de 1867, su puerto fue declarado internacional.<\/p>\n\n\n\n<figure class=\"wp-block-image size-full\"><img loading=\"lazy\" decoding=\"async\" width=\"980\" height=\"550\" src=\"https:\/\/diariodominicano.com\/wp-content\/uploads\/2022\/06\/catedral-san-pedro-apostol-scaled-980x550-1.jpg\" alt=\"\" class=\"wp-image-363370\" srcset=\"https:\/\/diariodominicano.com\/wp-content\/uploads\/2022\/06\/catedral-san-pedro-apostol-scaled-980x550-1.jpg 980w, https:\/\/diariodominicano.com\/wp-content\/uploads\/2022\/06\/catedral-san-pedro-apostol-scaled-980x550-1-300x168.jpg 300w, https:\/\/diariodominicano.com\/wp-content\/uploads\/2022\/06\/catedral-san-pedro-apostol-scaled-980x550-1-768x431.jpg 768w, https:\/\/diariodominicano.com\/wp-content\/uploads\/2022\/06\/catedral-san-pedro-apostol-scaled-980x550-1-816x458.jpg 816w\" sizes=\"auto, (max-width: 980px) 100vw, 980px\" \/><figcaption><strong>La Catedral San Pedro Ap\u00f3stol<\/strong><\/figcaption><\/figure>\n\n\n\n<p>&nbsp;&nbsp; El desarrollo de San Pedro de Macor\u00eds est\u00e1 \u00edntimamente vinculado a la expansi\u00f3n de la industria &nbsp;azucarera. &nbsp;Desde \u201cla Guerra de los 10 A\u00f1os\u201d, en Cuba, la primera guerra de independencia de Cuba (1868-1878), vinieron cubanos a fundar ingenios en Rep\u00fablica Dominicana, as\u00ed como puertorrique\u00f1os, estadounidenses y m\u00e1s tarde el italiano Juan Bautista Vicini.<\/p>\n\n\n\n<p>&nbsp;&nbsp;&nbsp;&nbsp; En el a\u00f1o 1876, el cubano Juan Amechazurra fund\u00f3 el ingenio Angelina, con lo que comenz\u00f3 el auge de la industria azucarera en la zona.<\/p>\n\n\n\n<p>&nbsp;&nbsp;&nbsp; Luego se instalaron los ingenios Puerto Rico, de Juan Serrall\u00e9s; Porvenir, de Santiago Mellor; Crist\u00f3bal Col\u00f3n, de la raz\u00f3n social de Castro y Mola; Quisqueya, de Juan Fern\u00e1ndez de Castro; Santa Fe, de Salvador Ros; y Consuelo, de Guillermo L. Bass.<\/p>\n\n\n\n<p>&nbsp;&nbsp;&nbsp; La industria azucarera convirti\u00f3 a San Pedro de Macor\u00eds, en el principal centro econ\u00f3mico y cultural de Rep\u00fablica Dominicana.&nbsp;&nbsp; Se editaban en la ciudad decenas de peri\u00f3dicos y revistas que serv\u00edan de medios de comunicaci\u00f3n para publicar las creaciones de los intelectuales de la \u00e9poca.<\/p>\n\n\n\n<p>&nbsp;&nbsp; Por ejemplo, en las revistas&nbsp; S P M y Recta, aparecen trabajos de 1921 de Joaqu\u00edn Balaguer y de 1936 del profesor Juan Bosch.<\/p>\n\n\n\n<p>&nbsp;&nbsp; En realidad, San Pedro de Macor\u00eds fue &nbsp;elevada a la categor\u00eda de Com\u00fan, el 23 de junio de 1882. Desde principios del siglo XX constitu\u00eda el meridiano cultural de Rep\u00fablica Dominicana.<\/p>\n\n\n\n<p>&nbsp;&nbsp; En un estudio sobre&nbsp; la \u201cEvoluci\u00f3n y Desarrollo de la prensa Escrita en San Pedro de Macor\u00eds\u201d, los periodistas H\u00e9ctor Tineo Nolasco y Manuel D\u00edaz Aponte, sostienen la idea de que en Rep\u00fablica Dominicana no hay otra poblaci\u00f3n de provincia que haya tenido la vida period\u00edstica de San Pedro de Macor\u00eds.<\/p>\n\n\n\n<p>&nbsp;&nbsp;&nbsp; La situaci\u00f3n cambi\u00f3 cuando la dictadura de Trujillo inici\u00f3 a partir de 1930, la concentraci\u00f3n de las principales decisiones econ\u00f3micas en Santo Domingo, la capital de Rep\u00fablica Dominicana.<\/p>\n","protected":false},"excerpt":{"rendered":"<p>El Ingenio Angelina fue una de las inversiones que impact\u00f3 la econom\u00eda de San Pedro de Macor\u00eds. Por H\u00e9ctor Tineo Nolasco Diariodominicano.com SANTO DOMINGO,\u00a0 el \u00a023 de junio de 1882, el Congreso de la Rep\u00fablica elev\u00f3 a la categor\u00eda de Com\u00fan el\u00a0 puesto mar\u00edtimo de San Pedro de Macor\u00eds. \u00a0\u00a0\u00a0 La iniciativa congresual fue aprobada [&hellip;]<\/p>\n","protected":false},"author":28,"featured_media":363367,"comment_status":"closed","ping_status":"","sticky":true,"template":"","format":"standard","meta":{"footnotes":""},"categories":[26,27],"tags":[],"class_list":["post-363366","post","type-post","status-publish","format-standard","has-post-thumbnail","hentry","category-efemerides","category-portada"],"_links":{"self":[{"href":"https:\/\/diariodominicano.com\/index.php?rest_route=\/wp\/v2\/posts\/363366","targetHints":{"allow":["GET"]}}],"collection":[{"href":"https:\/\/diariodominicano.com\/index.php?rest_route=\/wp\/v2\/posts"}],"about":[{"href":"https:\/\/diariodominicano.com\/index.php?rest_route=\/wp\/v2\/types\/post"}],"author":[{"embeddable":true,"href":"https:\/\/diariodominicano.com\/index.php?rest_route=\/wp\/v2\/users\/28"}],"replies":[{"embeddable":true,"href":"https:\/\/diariodominicano.com\/index.php?rest_route=%2Fwp%2Fv2%2Fcomments&post=363366"}],"version-history":[{"count":5,"href":"https:\/\/diariodominicano.com\/index.php?rest_route=\/wp\/v2\/posts\/363366\/revisions"}],"predecessor-version":[{"id":363409,"href":"https:\/\/diariodominicano.com\/index.php?rest_route=\/wp\/v2\/posts\/363366\/revisions\/363409"}],"wp:featuredmedia":[{"embeddable":true,"href":"https:\/\/diariodominicano.com\/index.php?rest_route=\/wp\/v2\/media\/363367"}],"wp:attachment":[{"href":"https:\/\/diariodominicano.com\/index.php?rest_route=%2Fwp%2Fv2%2Fmedia&parent=363366"}],"wp:term":[{"taxonomy":"category","embeddable":true,"href":"https:\/\/diariodominicano.com\/index.php?rest_route=%2Fwp%2Fv2%2Fcategories&post=363366"},{"taxonomy":"post_tag","embeddable":true,"href":"https:\/\/diariodominicano.com\/index.php?rest_route=%2Fwp%2Fv2%2Ftags&post=363366"}],"curies":[{"name":"wp","href":"https:\/\/api.w.org\/{rel}","templated":true}]}}