{"id":36336,"date":"2008-03-10T17:24:37","date_gmt":"2008-03-10T17:24:37","guid":{"rendered":"http:\/\/diariodominicano.ddns.net\/?p=36336"},"modified":"2008-03-10T17:24:37","modified_gmt":"2008-03-10T17:24:37","slug":"raul-paso-a-la-inmortalidad","status":"publish","type":"post","link":"https:\/\/diariodominicano.com\/?p=36336","title":{"rendered":"Ra\u00fal pas\u00f3 a la inmortalidad"},"content":{"rendered":"<p><body><\/p>\n<p align=\"justify\" class=\"text1noticias\"><span class=\"titulogrande1\">Ra\u00fal pas\u00f3 a la inmortalidad<\/span><br \/>&#13;<br \/>\n  <br \/>&#13;<br \/>\n<strong>Por Narciso Isa Conde<\/strong><br \/>&#13;<br \/>\n<br \/>&#13;<br \/>\nLos(as) bombardearon en  territorio ecuatoriano con ayuda de sat\u00e9lites, cohetes \u201cinteligentes\u201d y microchips  de alta precisi\u00f3n.<\/p>\n<p>&#13;<\/p>\n<p align=\"justify\" class=\"text1noticias\">Puntuales y mort\u00edferos avances  tecno-cient\u00edficos del siglo XXI fueron desplegados en su contra en forma cobarde  e impersonal. Y solo cuando lo convirtieron en cad\u00e1veres se apersonaron para  llev\u00e1rselos(as) a Bogot\u00e1.<\/p>\n<p>&#13;<\/p>\n<p align=\"justify\" class=\"text1noticias\">Esta vez no pudieron hacerlo a  base de pistolas, fusiles, motosierras y torturas. Ni los Rambo pudieron  resultarles \u00fatiles al se\u00f1or Uribe y al Pent\u00e1gono para ejecutar tama\u00f1a masacre.<br \/>&#13;<br \/>\n  <br \/> &#13;<br \/>\nTuvieron  que conectarse a sus sat\u00e9lites y emplear a fondo su inteligencia inform\u00e1tica y  sus Terminator y Robocop a\u00e9reos.<\/p>\n<p>&#13;<\/p>\n<p align=\"justify\" class=\"text1noticias\">El blanco de esos ataques  implicaba demasiada moral y valor para enfrentarlo con los m\u00e9todos de la guerra  moderna tradicional: Ra\u00fal Reyes y su heroica guerrillerada le inspiraban mucho  temor para hacer uso de cualquier m\u00e9todo de aproximaci\u00f3n personal.<\/p>\n<p>&#13;<\/p>\n<p align=\"justify\" class=\"text1noticias\">Necesitaron alta tecnolog\u00eda para  compensar su enorme cobard\u00eda colectiva. No hab\u00eda de otra: el comandante era  peque\u00f1ito de estatura, pero grandote de coraz\u00f3n. Igual que el de Juli\u00e1n Conrado  y los(as) dem\u00e1s que le rodeaban. Un peque\u00f1o gigante fariano.<\/p>\n<p>&#13;<\/p>\n<p align=\"justify\" class=\"text1noticias\">Lo conoc\u00ed en San Salvador en el  VI Foro de San Paulo (encuentro de las izquierdas y centro izquierdas latino-caribe\u00f1as)  y recuerdo a los blandengues tratando de impedir que nos contara de su lucha y posiciones  en la sesi\u00f3n plenaria. Algo similar hicieron con Ch\u00e1vez y lo lograron, despu\u00e9s  que Ra\u00fal habl\u00f3. El los sorprendi\u00f3, y sin que pudieran imped\u00edrselo, se subi\u00f3 a  la tribuna. Experiencia guerrillera: audacia inesperada.<\/p>\n<p>&#13;<\/p>\n<p align=\"justify\" class=\"text1noticias\">Convers\u00e9 en intimidad con \u00e9l y  sellamos una gran amistad y una inconmovible identidad revolucionaria. Recuerdo  que me acompa\u00f1aba un compa\u00f1ero nariz\u00f3n al que apod\u00e1bamos \u201cel griego\u201d, mientras  \u00e9l estaba junto a Rodrigo Granda (Ricardo Gonz\u00e1lez), otro comandante fariano recientemente  liberado despu\u00e9s de secuestrado en Venezuela y enviado a una c\u00e1rcel colombiana  de \u201calta seguridad\u201d.<\/p>\n<p>&#13;<\/p>\n<p align=\"justify\" class=\"text1noticias\">Ra\u00fal visitaba el mundo urbano de  nuestra Am\u00e9rica despu\u00e9s de combatir durante 14 a\u00f1os corridos en la selva  colombiana contra la guerra sucia desatada durante las \u00faltimas cinco d\u00e9cadas  por el Estado colombiano aliado al imperialismo estadounidense.<\/p>\n<p>&#13;<\/p>\n<p align=\"justify\" class=\"text1noticias\">Militante del partido comunista,  ingres\u00f3 muy joven a las filas de las Fuerzas Armadas Revolucionarias de  Colombia (FARC) y sus m\u00e9ritos lo llevaron a ser miembro del Secretariado de ese  poderoso ej\u00e9rcito guerrillero. En ese organismo estuvo encargado, adem\u00e1s, de  las relaciones internacionales y de la conducci\u00f3n de los di\u00e1logos de paz.<\/p>\n<p>&#13;<\/p>\n<p align=\"justify\" class=\"text1noticias\">Pudo entonces salir al exterior  en misi\u00f3n de servicio precisamente porque el gobierno de Pastrana decidi\u00f3 a  finales de los 90\u00b4 abrir un proceso de conversaciones con las FARC-EP en busca  de una salida pol\u00edtica al conflicto armado, de lo cual se arrepinti\u00f3 mas tarde,  cediendo a las presiones del gobierno estadounidense.<\/p>\n<p>&#13;<\/p>\n<p align=\"justify\" class=\"text1noticias\">Entonces comenz\u00f3 su proyecci\u00f3n  p\u00fablica, reforzada posteriormente con su recorrido por pa\u00edses  latinoamericanos-caribe\u00f1os y europeos. Estuvo por aqu\u00ed con nosotros(as) de  anfitriones, acompa\u00f1ado de Ricardo, Marco y otros(as), y pudieron reunirse con  muchos sectores pol\u00edticos y sociales, incluido el entonces presidente electo  Hip\u00f3lito Mej\u00eda y con dirigentes del gubernamental Partido de la Liberaci\u00f3n Dominicana  (PLD).<\/p>\n<p>&#13;<\/p>\n<p align=\"justify\" class=\"text1noticias\">Personalmente lo puse en contacto  con Hatuey Decamps, quien fung\u00eda entonces de Secretario General del PRD.<\/p>\n<p>&#13;<\/p>\n<p align=\"justify\" class=\"text1noticias\">Todos lo trataron con respeto y  cortes\u00eda. Eran los d\u00edas de los di\u00e1logos del Cagu\u00e1n y la satanizaci\u00f3n de las  FARC-EP hab\u00eda dado paso temporal a su aceptaci\u00f3n como \u201cfuerza beligerante\u201d, no  terrorista.<\/p>\n<p>&#13;<\/p>\n<p align=\"justify\" class=\"text1noticias\">Lilliam Oviedo le hizo una  interesante entrevista, que fue desplegada por El Nacional.<\/p>\n<p>&#13;<\/p>\n<p align=\"justify\" class=\"text1noticias\">Los representantes de las derechas  dominicanas fueron amables y los escucharon con atenci\u00f3n, pero no se atrevieron  a contribuir a la paz en Colombia por temor al \u201cNorte revuelto y brutal\u201d. Nosotros(as)  persistimos en la solidaridad.<\/p>\n<p>&#13;<\/p>\n<p align=\"justify\" class=\"text1noticias\">Recuerdo tambi\u00e9n mi visita al  Cagu\u00e1n y la hostilidad de las autoridades colombianas en mi paso legal por ese  pa\u00eds.<\/p>\n<p>&#13;<\/p>\n<p align=\"justify\" class=\"text1noticias\">Entonces volv\u00ed a reunirme con  Ra\u00fal en su \u201coficina\u201d techada de pl\u00e1stico negro en un campamento situado al lado  del que nos toc\u00f3 convivir con el comandante Joaqu\u00edn G\u00f3mez (quien ahora lo  sustituye en el Secretariado) y con la breve compa\u00f1\u00eda del comandante Manuel  Marulanda, quien parti\u00f3 para esperarnos luego en un lugar no determinado, donde  hubimos pasar momentos gratos y estimulantes.<\/p>\n<p>&#13;<\/p>\n<p align=\"justify\" class=\"text1noticias\">Con Ra\u00fal nos internamos 500 kil\u00f3metros selva  adentro, donde realizamos por varios d\u00edas, con la participaci\u00f3n de Marulanda,  interesantes intercambios, en los que participamos varios dirigentes comunistas  de Sur, Centroam\u00e9rica y el Caribe.<\/p>\n<p>&#13;<\/p>\n<p align=\"justify\" class=\"text1noticias\">Sobre esa visita escrib\u00ed  extensamente en el peri\u00f3dico Hoy y despu\u00e9s de hacerlo jam\u00e1s fui visado por las  autoridades colombianas. Entr\u00e9 en su \u201clista negra\u201d y luego en la de condenados(as)  a muerte por Uribe y sus sicarios (\u201cparacos\u201d).<\/p>\n<p>&#13;<\/p>\n<p align=\"justify\" class=\"text1noticias\">Por eso, impedida las  delegaciones de las FARC de visitar otros pa\u00edses, tuve que recurrir a la v\u00eda  clandestina para encontrarnos de nuevo. As\u00ed conoc\u00ed otros campamentos de las  FARC, incluyendo el de Ra\u00fal en el Putumayo, all\u00ed pr\u00f3ximo a donde un cohete  \u201cinteligente\u201d made in usa lo llev\u00f3 a la inmortalidad.<\/p>\n<p>&#13;<\/p>\n<p align=\"justify\" class=\"text1noticias\">Recib\u00ed su cari\u00f1o, conoc\u00ed sus  inconmovibles convicciones revolucionarias, compart\u00ed momentos alegres con \u00e9l y  los suyos. Pude conocer la bondad, la entereza, la integridad moral de los(as)  guerrilleros(as) m\u00e1s calumniados(as) de la historia moderna.<\/p>\n<p>&#13;<\/p>\n<p align=\"justify\" class=\"text1noticias\">Valientes como \u201cabeja de piedra\u201d.  Comunistas, s\u00ed. Antiimperialistas, s\u00ed. Bolivarianos, s\u00ed.<br \/>&#13;<br \/>\n  <br \/> &#13;<br \/>\nCombatientes  guerrilleros, s\u00ed. Art\u00edfices de la guerra irregular m\u00e1s prolongada de Am\u00e9rica,  s\u00ed. <br \/>&#13;<br \/>\n<br \/>&#13;<br \/>\nFirmes y coherentes, s\u00ed. Terroristas, narcotraficantes, narcoterroristas\u2026  no. <\/p>\n<p>&#13;<\/p>\n<p align=\"justify\" class=\"text1noticias\">Pero el ladr\u00f3n, hermanos(as), \u201cjuzga  por su condici\u00f3n\u201d. Y por eso los gobiernos de Uribe y de Bush los(as) calumnian  y estigmatizan con esos t\u00e9rminos, aun despu\u00e9s de su muerte f\u00edsica. <br \/>&#13;<br \/>\n  <br \/>&#13;<br \/>\nRaz\u00f3n para  indignarnos m\u00e1s aun y defender la verdad\u00a0  a cualquier costo.<\/p>\n<p>&#13;<\/p>\n<h6> 2008-03-10 17:24:37 <\/h6>\n<p><!--\n<link rel=\"stylesheet\" href=\"css\/bootstrap.min.css\">\n\n\n<ul class=\"pagination\">\n\t    \n\t\n\n<li >\n\t<a href='?page_no=12208'>Previous<\/a>\n\t<\/li>\n\n\n       \n    \n\n<li><a href='?page_no=1'>1<\/a><\/li>\n\n\n\n<li><a href='?page_no=2'>2<\/a><\/li>\n\n\n\n<li><a>...<\/a><\/li>\n\n\n\n<li><a href='?page_no=12207'>12207<\/a><\/li>\n\n\n\n<li><a href='?page_no=12208'>12208<\/a><\/li>\n\n\n\n<li class='active'><a>12209<\/a><\/li>\n\n\n\n<li><a href='?page_no=12210'>12210<\/a><\/li>\n\n\n\n<li><a href='?page_no=12211'>12211<\/a><\/li>\n\n\n\n<li><a>...<\/a><\/li>\n\n\n\n<li><a href='?page_no=13611'>13611<\/a><\/li>\n\n\n\n<li><a href='?page_no=13612'>13612<\/a><\/li>\n\n    \n\t\n\n<li >\n\t<a href='?page_no=12210'>Next<\/a>\n\t<\/li>\n\n\n    \n\n<li><a href='?page_no=13612'>Last &rsaquo;&rsaquo;<\/a><\/li>\n\n<\/ul>\n\n\n--><br \/>\n<\/body><\/p>\n","protected":false},"excerpt":{"rendered":"<p>Ra\u00fal pas\u00f3 a la inmortalidad&#13; &#13; Por Narciso Isa Conde&#13; &#13; Los(as) bombardearon en territorio ecuatoriano con ayuda de sat\u00e9lites, cohetes \u201cinteligentes\u201d y microchips de alta precisi\u00f3n. &#13; Puntuales y mort\u00edferos avances tecno-cient\u00edficos del siglo XXI fueron desplegados en su contra en forma cobarde e impersonal. Y solo cuando lo convirtieron en cad\u00e1veres se apersonaron [&hellip;]<\/p>\n","protected":false},"author":3,"featured_media":0,"comment_status":"open","ping_status":"open","sticky":false,"template":"","format":"standard","meta":{"footnotes":""},"categories":[16],"tags":[],"class_list":["post-36336","post","type-post","status-publish","format-standard","hentry","category-opiniones"],"_links":{"self":[{"href":"https:\/\/diariodominicano.com\/index.php?rest_route=\/wp\/v2\/posts\/36336","targetHints":{"allow":["GET"]}}],"collection":[{"href":"https:\/\/diariodominicano.com\/index.php?rest_route=\/wp\/v2\/posts"}],"about":[{"href":"https:\/\/diariodominicano.com\/index.php?rest_route=\/wp\/v2\/types\/post"}],"author":[{"embeddable":true,"href":"https:\/\/diariodominicano.com\/index.php?rest_route=\/wp\/v2\/users\/3"}],"replies":[{"embeddable":true,"href":"https:\/\/diariodominicano.com\/index.php?rest_route=%2Fwp%2Fv2%2Fcomments&post=36336"}],"version-history":[{"count":0,"href":"https:\/\/diariodominicano.com\/index.php?rest_route=\/wp\/v2\/posts\/36336\/revisions"}],"wp:attachment":[{"href":"https:\/\/diariodominicano.com\/index.php?rest_route=%2Fwp%2Fv2%2Fmedia&parent=36336"}],"wp:term":[{"taxonomy":"category","embeddable":true,"href":"https:\/\/diariodominicano.com\/index.php?rest_route=%2Fwp%2Fv2%2Fcategories&post=36336"},{"taxonomy":"post_tag","embeddable":true,"href":"https:\/\/diariodominicano.com\/index.php?rest_route=%2Fwp%2Fv2%2Ftags&post=36336"}],"curies":[{"name":"wp","href":"https:\/\/api.w.org\/{rel}","templated":true}]}}