{"id":36335,"date":"2008-03-11T16:19:15","date_gmt":"2008-03-11T16:19:15","guid":{"rendered":"http:\/\/diariodominicano.ddns.net\/?p=36335"},"modified":"2008-03-11T16:19:15","modified_gmt":"2008-03-11T16:19:15","slug":"el-tiro-rapido-282","status":"publish","type":"post","link":"https:\/\/diariodominicano.com\/?p=36335","title":{"rendered":"EL TIRO R\u00c1PIDO"},"content":{"rendered":"<p><body><\/p>\n<p><span class=\"titulogrande1\">EL TIRO R\u00c1PIDO <\/span><br \/>&#13;<br \/>\n  <br \/>&#13;<br \/>\n    <strong>de<\/strong><br \/>&#13;<br \/>\n  <br \/>&#13;<br \/>\n  <span class=\"textogrande\">Mario  Rivadulla<\/span><\/p>\n<p>&#13;<\/p>\n<p align=\"justify\" class=\"text1noticias\">Tal como hab\u00ecamos adelantado el pasado jueves, en v\u00ecsperas  de la XX Reuni\u00f2n de los Pa\u00ecses del Grupo de R\u00eco, el evento que en condiciones  normales hubiera casi seguro transcurrido sin significaci\u00f2n especial, cobr\u00f2 una  singular e hist\u00f2rica trascendencia debido al conflicto que ven\u00ecan arrastrando y  alteraron su agenda,\u00a0 Colombia de un lado  y Venezuela y Ecuador del otro.<\/p>\n<p>&#13;<\/p>\n<p align=\"justify\" class=\"text1noticias\">Todo presagiaba que iba a ser  un una sesi\u00f2n tormentosa, dominada por un lenguaje agresivo y de acento belicista.\u00a0 Las primeras declaraciones sobre el diferendo  hechas a su llegada al pa\u00ecs por Hugo Ch\u00e0vez, reiterando en el tono m\u00e0s subido  sus acusaciones contra Colombia, contribu\u00ecan a alimentar esa presunci\u00f2n.<\/p>\n<p>&#13;<\/p>\n<p align=\"justify\" class=\"text1noticias\">De hecho, los turnos iniciales  agotados por los mandatarios en conflicto, en la sesi\u00f2n matinal, daban la  impresi\u00f2n de que la asamblea terminar\u00eca por culminar en un episodio m\u00e0s del  conflicto que manten\u00eca en estado de alerta a los pa\u00ecses del hemisferio y sus  respectivos gobiernos.<\/p>\n<p>&#13;<\/p>\n<p align=\"justify\" class=\"text1noticias\">La situaci\u00f2n en cambio se fue  despejando en la medida en que los jefes de estado involucrados hicieron sus  respectivos desahogos verbales, tomando un cariz m\u00e0s sosegado y racional hasta  culminar en un final feliz, casi de pel\u00eccula rosa. Esto as\u00ec, cuando a  sugerencias del Presidente Leonel Fern\u00e0ndez, los contendientes accedieron a  dejar de lado acusaciones y agravios, zanjar diferencias mediante el di\u00e0logo,  estrechar sus diestras en se\u00f1al de amistad y abrir horizontes a una relaci\u00f2n  m\u00e0s flu\u00ecda, pac\u00ecfica y cooperativa.<\/p>\n<p>&#13;<\/p>\n<p align=\"justify\" class=\"text1noticias\">Fue un momento de emotiva y  tranquilizadora distensi\u00f2n, compartido por cuantos en el pa\u00ecs siguieron las  incidencias de la Cumbre a trav\u00e8s de la televisi\u00f2n, y por millones de  latinoamericanos e hispano parlantes en los Estados Unidos quienes tambi\u00e8n lo  hicieron paso a paso,\u00a0 gracias a la  amplia cobertura internacional televisiva que recibi\u00f2 el evento.\u00a0 Y al d\u00eca siguiente,\u00a0 en todos los medios de prensa escrita  latinoamericanos.<\/p>\n<p>&#13;<\/p>\n<p align=\"justify\" class=\"text1noticias\">Obviamente la Cumbre tuvo un  gran protagonista que fue el Presidente Leonel Fern\u00e0ndez. <br \/>&#13;<br \/>\n  <br \/>&#13;<br \/>\n  Negarle ese  reconocimiento ser\u00eca un acto mezquino. El mandatario dirigi\u00f2 los debates con  gran maestria.\u00a0 Pero quiz\u00e0s m\u00e0s  importante fue el trabajo que desarroll\u00f2 tras bastidores, previo a la Asamblea,  mediante las sucesivas reuniones de mediaci\u00f2n y conciliaci\u00f2n que sostuvo con  Alvaro Uribe, primero, y posteriormente con Hugo Ch\u00e0vez y Rafael Correa.  <br \/>&#13;<br \/>\n  <br \/>&#13;<br \/>\nIngenuo pensar que el mandatario hubiese presidido el evento sin haber logrado  previamente apaciguar los \u00e0nimos de los contendientes y reorientar sus  posiciones hacia una salida a la crisis.\u00a0  Mucho menos, que se hubiese arriesgado a un rechazo de ese emotivo golpe  de efecto final de pedirles que sellaran la paz, si no tuviese la seguridad de  que su propuesta iba a encontrar un eco positivo.<\/p>\n<p>&#13;<\/p>\n<p align=\"justify\" class=\"text1noticias\">Al pasar balance a los resultados  de la cumbre en cuanto a los gobiernos en contienda, puede concluirse en que  arrib\u00f2 a un final salom\u00f2nico en que cada quien obtuvo su cuota de  resarcimiento.\u00a0 Pero en cuanto a  resultados pr\u00e0cticos, sin dudas que el m\u00e0s beneficiado fue el presidente  colombiano Alvaro Uribe.<\/p>\n<p>&#13;<\/p>\n<p align=\"justify\" class=\"text1noticias\">Este, en la m\u00e0s prolongada  intervenci\u00f2n de la Cumbre, apel\u00f2 a una serie de pruebas y circunstancias para  justificar la incursi\u00f2n en territorio ecuatoriano. Su gobierno ofreci\u00f2  satisfacciones por dicha acci\u00f2n,\u00a0 pero escap\u00f2  sin sanci\u00f2n.\u00a0 Las rupturas de relaciones  diplom\u00e0ticas por parte de Venezuela, Ecuador y Nicaragua fueron revocadas en el  acto, permitiendo restablecer el  intercambio comercial\u00a0 con los dos  primeros que sube al orden de los siete mil millones de d\u00f2lares anuales.  Adicionalmente, recibi\u00f2 de Ch\u00e0vez y Correa seguridades p\u00f9blicas de que sus  gobiernos no prohijan ni son permisivas con las FARC.<\/p>\n<p>&#13;<\/p>\n<p align=\"justify\" class=\"text1noticias\">Pero lo m\u00e0s importante: en el  documento final de la Cumbre se incorpor\u00f2 un ac\u00e0pite mediante el cual los  estados miembros se comprometen a no brindar ayuda a ning\u00f9n grupo irregular o  ligado a actividades delictivas que atente contra la estabilidad de otro  estado.\u00a0 A rengl\u00f2n seguido se especifica  que Colombia considera a las FARC un grupo irregular. Esta declaraci\u00f2n, como es  obvio, resta a las FARC toda posibilidad de que pueda obtener respaldo para  promoverse como un grupo insurgente en vez de terrorista, lo que le otorgar\u00eca  beligerancia para plantear un di\u00e0logo con el gobierno colombiano de t\u00f9 a t\u00f9.<\/p>\n<p>&#13;<\/p>\n<p align=\"justify\" class=\"text1noticias\">En otro orden, no cabe duda que  el sistema interamericano se anot\u00f2 un tanto importante, al demostrar su  capacidad como instrumento solucionador de conflictos.\u00a0 O al menos, para no pecar de excesivamente  optimistas, apaciguar los \u00e0nimos para propiciar un clima m\u00e0s adecuado al  di\u00e0logo entre sus miembros. Un camino dif\u00eccil y dilatado pero posible y  necesario. <\/p>\n<p>&#13;<\/p>\n<p align=\"justify\" class=\"text1noticias\">Pero el m\u00e8rito de haber dado  inicio a ese proceso, por m\u00e0s laborioso que resulte, estar\u00e0 asociado al nombre  de la Rep\u00f9blica Dominicana y debe constituir un motivo de leg\u00ectimo orgullo para  todos sin excepci\u00f2n. <\/p>\n<p>&#13;<\/p>\n<h6> 2008-03-11 16:19:15 <\/h6>\n<p><!--\n<link rel=\"stylesheet\" href=\"css\/bootstrap.min.css\">\n\n\n<ul class=\"pagination\">\n\t    \n\t\n\n<li >\n\t<a href='?page_no=12207'>Previous<\/a>\n\t<\/li>\n\n\n       \n    \n\n<li><a href='?page_no=1'>1<\/a><\/li>\n\n\n\n<li><a href='?page_no=2'>2<\/a><\/li>\n\n\n\n<li><a>...<\/a><\/li>\n\n\n\n<li><a href='?page_no=12206'>12206<\/a><\/li>\n\n\n\n<li><a href='?page_no=12207'>12207<\/a><\/li>\n\n\n\n<li class='active'><a>12208<\/a><\/li>\n\n\n\n<li><a href='?page_no=12209'>12209<\/a><\/li>\n\n\n\n<li><a href='?page_no=12210'>12210<\/a><\/li>\n\n\n\n<li><a>...<\/a><\/li>\n\n\n\n<li><a href='?page_no=13611'>13611<\/a><\/li>\n\n\n\n<li><a href='?page_no=13612'>13612<\/a><\/li>\n\n    \n\t\n\n<li >\n\t<a href='?page_no=12209'>Next<\/a>\n\t<\/li>\n\n\n    \n\n<li><a href='?page_no=13612'>Last &rsaquo;&rsaquo;<\/a><\/li>\n\n<\/ul>\n\n\n--><br \/>\n<\/body><\/p>\n","protected":false},"excerpt":{"rendered":"<p>EL TIRO R\u00c1PIDO &#13; &#13; de&#13; &#13; Mario Rivadulla &#13; Tal como hab\u00ecamos adelantado el pasado jueves, en v\u00ecsperas de la XX Reuni\u00f2n de los Pa\u00ecses del Grupo de R\u00eco, el evento que en condiciones normales hubiera casi seguro transcurrido sin significaci\u00f2n especial, cobr\u00f2 una singular e hist\u00f2rica trascendencia debido al conflicto que ven\u00ecan arrastrando [&hellip;]<\/p>\n","protected":false},"author":3,"featured_media":0,"comment_status":"open","ping_status":"open","sticky":false,"template":"","format":"standard","meta":{"footnotes":""},"categories":[16],"tags":[],"class_list":["post-36335","post","type-post","status-publish","format-standard","hentry","category-opiniones"],"_links":{"self":[{"href":"https:\/\/diariodominicano.com\/index.php?rest_route=\/wp\/v2\/posts\/36335","targetHints":{"allow":["GET"]}}],"collection":[{"href":"https:\/\/diariodominicano.com\/index.php?rest_route=\/wp\/v2\/posts"}],"about":[{"href":"https:\/\/diariodominicano.com\/index.php?rest_route=\/wp\/v2\/types\/post"}],"author":[{"embeddable":true,"href":"https:\/\/diariodominicano.com\/index.php?rest_route=\/wp\/v2\/users\/3"}],"replies":[{"embeddable":true,"href":"https:\/\/diariodominicano.com\/index.php?rest_route=%2Fwp%2Fv2%2Fcomments&post=36335"}],"version-history":[{"count":0,"href":"https:\/\/diariodominicano.com\/index.php?rest_route=\/wp\/v2\/posts\/36335\/revisions"}],"wp:attachment":[{"href":"https:\/\/diariodominicano.com\/index.php?rest_route=%2Fwp%2Fv2%2Fmedia&parent=36335"}],"wp:term":[{"taxonomy":"category","embeddable":true,"href":"https:\/\/diariodominicano.com\/index.php?rest_route=%2Fwp%2Fv2%2Fcategories&post=36335"},{"taxonomy":"post_tag","embeddable":true,"href":"https:\/\/diariodominicano.com\/index.php?rest_route=%2Fwp%2Fv2%2Ftags&post=36335"}],"curies":[{"name":"wp","href":"https:\/\/api.w.org\/{rel}","templated":true}]}}