{"id":36334,"date":"2008-03-11T16:27:50","date_gmt":"2008-03-11T16:27:50","guid":{"rendered":"http:\/\/diariodominicano.ddns.net\/?p=36334"},"modified":"2008-03-11T16:27:50","modified_gmt":"2008-03-11T16:27:50","slug":"al-pueblo-de-china-2","status":"publish","type":"post","link":"https:\/\/diariodominicano.com\/?p=36334","title":{"rendered":"Al pueblo de China"},"content":{"rendered":"<p><body><\/p>\n<p align=\"justify\"><strong class=\"titulogrande1\">Al pueblo de China<\/strong><strong><br \/>&#13;<br \/>\n  <br \/>&#13;<br \/>\n  <\/strong>\u2022 <span class=\"text1noticias\"><strong>As\u00ed titul\u00f3 Fidel el  pr\u00f3logo, en forma de mensaje, de la edici\u00f3n china de Cien Horas con Fidel <\/strong>\u2022 <strong>\u00a0Esta nueva entrega  editorial es la edici\u00f3n n\u00famero 15 del abarcador volumen, del cual se encuentran  en preparaci\u00f3n no menos de otras ocho ediciones<\/strong><br \/>&#13;<br \/>\n  <br \/>&#13;<br \/>\n  Me llena de satisfacci\u00f3n pensar  que el legendario pueblo chino, de milenaria cultura, tendr\u00e1 a su alcance las  modestas ideas contenidas en este libro. Ello se debe a la gentileza del  Instituto de Estudios Latinoamericanos y la Editorial de Ciencias Sociales,  adscritos a la Academia de Ciencias Sociales de China, al traducir a ese rico  idioma el volumen <em>Cien Horas con Fidel<\/em>, en las que respondo las  preguntas del periodista franc\u00e9s Ignacio Ramonet.<br \/>&#13;<br \/>\n  <br \/>&#13;<br \/>\n  Jos\u00e9 Mart\u00ed, nuestro H\u00e9roe  Nacional, mientras se enfrentaba al dominio colonial espa\u00f1ol, hace casi 120  a\u00f1os en un libro dirigido a ni\u00f1os y adolescentes, habl\u00f3 de un emperador chino  que al proclamar su victoria exclam\u00f3: \u00ab\u00a1Cuando no hay libertad en la  tierra, todo el mundo debe salir a buscarla a caballo!\u00bb<br \/>&#13;<br \/>\n  <br \/>&#13;<br \/>\n  La historia de Cuba es testigo  de la firme convicci\u00f3n con que los chinos ten\u00edan arraigado el sentido de la  libertad. La participaci\u00f3n heroica en nuestra guerra de independencia de muchos  ciudadanos chinos \u2014que llegaron enga\u00f1ados a la colonia espa\u00f1ola en Cuba bajo la  forma de contratos promovidos por Inglaterra, que entonces por razones  mercantilistas y de competencia quer\u00eda sustituir la esclavitud africana por la  esclavitud china\u2014 se sum\u00f3 a los elevados conceptos que ten\u00edamos de China los  cubanos, que derramamos nuestra propia sangre desde 1868. Gonzalo de Quesada,  amigo entra\u00f1able de Mart\u00ed, lo afirm\u00f3 en una breve y rotunda expresi\u00f3n: \u00abNo  hubo un chino cubano desertor. No hubo un chino cubano traidor\u00bb.<br \/>&#13;<br \/>\n  <br \/>&#13;<br \/>\n  A mediados del siglo XX, las  revoluciones sociales que tuvieron lugar, primero en China y m\u00e1s tarde en Cuba,  hermanaron para el futuro a nuestros dos pueblos en la misma trinchera de lucha  por el socialismo.<br \/>&#13;<br \/>\n  <br \/>&#13;<br \/>\n  A s\u00f3lo 86 a\u00f1os de la fundaci\u00f3n  de su Partido Comunista y 57 de la proclamaci\u00f3n de la Rep\u00fablica Popular, China  se ha convertido en el principal motor de la econom\u00eda mundial.<br \/>&#13;<br \/>\n  <br \/>&#13;<br \/>\n  Cuba, por su parte, en una  distante latitud, ha resistido sin doblegarse casi 50 a\u00f1os de agresiones y  f\u00e9rreo bloqueo econ\u00f3mico de los Estados Unidos, la m\u00e1s poderosa potencia  imperialista que conoce la historia. Si Cuba ha sido capaz de organizar su  resistencia, ello se debe no s\u00f3lo a su patriotismo, sino tambi\u00e9n a la amplia  solidaridad y el apoyo que recibi\u00f3 de otros pueblos revolucionarios del mundo,  entre ellos la entra\u00f1able Rep\u00fablica Popular China.<br \/>&#13;<br \/>\n  <br \/>&#13;<br \/>\n  Nuestros destinos se entrelazan  en un mundo en que la fuerza y la unipolaridad habr\u00e1 que enfrentarlas con  sabidur\u00eda y multipolaridad.<br \/>&#13;<br \/>\n  <br \/>&#13;<br \/>\n  Con China hay que contar en el  panorama mundial del siglo XXI, y muchos de los grandes desaf\u00edos de la  humanidad no tendr\u00e1n soluci\u00f3n sin su activa y cardinal participaci\u00f3n.<br \/>&#13;<br \/>\n  <br \/>&#13;<br \/>\n  Por esas razones esenciales,  concedemos excepcional importancia a esta entrega editorial, que permitir\u00e1 a  lectores y estudiosos dentro de la gran naci\u00f3n china disponer de una mayor  informaci\u00f3n sobre la historia de nuestra regi\u00f3n latinoamericana y los  acontecimientos de gran repercusi\u00f3n internacional que se desarrollaron o tienen  lugar hoy en este hemisferio.<br \/>&#13;<br \/>\n  <br \/> &#13;<br \/>\n  Numerosos y complejos son los temas que abarcan  las preguntas formuladas por el periodista franc\u00e9s durante largas  conversaciones sostenidas entre 2003 y 2005, sin tener idea de que mis  respuestas engendrar\u00edan este libro.<br \/>&#13;<br \/>\n  <br \/>&#13;<br \/>\n  Ramonet, activista y militante  del movimiento mundial de lucha contra la globalizaci\u00f3n neoliberal, plantea con  transparencia en su introducci\u00f3n aquellas cosas con las que, desde su punto de  vista de intelectual europeo, puede no estar de acuerdo con nosotros los  cubanos. Esos se\u00f1alamientos aparecen textualmente en la edici\u00f3n espa\u00f1ola y en  la primera edici\u00f3n cubana.<br \/>&#13;<br \/>\n  <br \/>&#13;<br \/>\n  Publicadas ya la edici\u00f3n  espa\u00f1ola y la primera cubana en idioma espa\u00f1ol, que hab\u00edan visto la luz sin que  antes dispusiera yo de la oportunidad de revisar la transcripci\u00f3n de la  entrevista, me hice el compromiso de realizar con el propio Ramonet una  completa y minuciosa revisi\u00f3n del extenso material, parte del cual estaba  grabado o filmado y otra proced\u00eda de breves notas tomadas r\u00e1pidamente a mano en  largos viajes a\u00e9reos o utilizando otros medios de transporte por tierra. Me  encontraba inmerso en esa ineludible e importante tarea y en otras actividades  de las m\u00faltiples que exige nuestra lucha cuando enferm\u00e9, a fines de julio del  2006. Mientras me atend\u00edan en el hospital, y durante semanas enteras, dediqu\u00e9  el tiempo a revisar todas las respuestas, p\u00e1rrafo por p\u00e1rrafo, acerca de los  principales episodios se\u00f1alados en ellas.<br \/>&#13;<br \/>\n  <br \/>&#13;<br \/>\n  La segunda edici\u00f3n cubana fue  publicada un mes y algunos d\u00edas despu\u00e9s con motivo de la celebraci\u00f3n en La  Habana de la D\u00e9cimocuarta Cumbre de Pa\u00edses No Alineados, en septiembre. El  texto entregado a Ramonet aument\u00f3 80 p\u00e1ginas, entre ellas las dedicadas a las  cartas intercambiadas con el Primer Ministro sovi\u00e9tico Nikita Jruschov durante  la Crisis de Octubre de 1962 y con el Presidente iraqu\u00ed Saddam Hussein a ra\u00edz  de la ocupaci\u00f3n de Kuwait en 1990, y el relato dram\u00e1tico de los pasos dados por  Cuba durante el fallido golpe de Estado en Venezuela en abril de 2002.<br \/>&#13;<br \/>\n  <br \/>&#13;<br \/>\n  En la perenne b\u00fasqueda de  ofrecer una informaci\u00f3n m\u00e1s amplia y exacta, ya convaleciente, dediqu\u00e9 varias  semanas a la preparaci\u00f3n de la tercera edici\u00f3n, a fin de obsequiarla a muchos  amigos que el 2 de diciembre de 2006 vendr\u00edan a Cuba para celebrar mi 80  cumplea\u00f1os, ocurrido casi cuatro meses antes, el 13 de agosto de ese a\u00f1o. Al  texto se incorporaron nuevas precisiones de estilo y contenido, y respuestas a  nuevas preguntas especialmente formuladas por el periodista Ignacio Ramonet  para la edici\u00f3n francesa del libro.<br \/>&#13;<br \/>\n  <br \/>&#13;<br \/>\n  El lector chino podr\u00e1 apreciar  que algunas de las ideas expuestas estaban en pleno desarrollo cuando a lo  largo de varios a\u00f1os me hicieron las preguntas, ninguna de las cuales elud\u00ed  responder. En la actualidad cuento con mucha m\u00e1s informaci\u00f3n y he dispuesto de  tiempo para meditar y profundizar sobre aquellos temas.<br \/>&#13;<br \/>\n  <br \/>&#13;<br \/>\n  Es un honor adicional que la  publicaci\u00f3n se realice en fecha pr\u00f3xima al Primero de Octubre, con motivo del  Aniversario 58 de la Proclamaci\u00f3n de la Revoluci\u00f3n y la Independencia chinas,  fruto de la extraordinaria proeza militar y revolucionaria de un pueblo al que  siempre admir\u00e9 por su laboriosidad, inteligencia y hero\u00edsmo.<br \/>&#13;<br \/>\n  <br \/>&#13;<br \/>\n  <strong>Fidel Castro Ruz<\/strong><br \/>&#13;<br \/>\n  <br \/>&#13;<br \/>\n  <strong>Septiembre 12 del 2007<\/strong><\/span><\/p>\n<p>&#13;<\/p>\n<h6> 2008-03-11 16:27:50 <\/h6>\n<p><!--\n<link rel=\"stylesheet\" href=\"css\/bootstrap.min.css\">\n\n\n<ul class=\"pagination\">\n\t    \n\t\n\n<li >\n\t<a href='?page_no=12206'>Previous<\/a>\n\t<\/li>\n\n\n       \n    \n\n<li><a href='?page_no=1'>1<\/a><\/li>\n\n\n\n<li><a href='?page_no=2'>2<\/a><\/li>\n\n\n\n<li><a>...<\/a><\/li>\n\n\n\n<li><a href='?page_no=12205'>12205<\/a><\/li>\n\n\n\n<li><a href='?page_no=12206'>12206<\/a><\/li>\n\n\n\n<li class='active'><a>12207<\/a><\/li>\n\n\n\n<li><a href='?page_no=12208'>12208<\/a><\/li>\n\n\n\n<li><a href='?page_no=12209'>12209<\/a><\/li>\n\n\n\n<li><a>...<\/a><\/li>\n\n\n\n<li><a href='?page_no=13611'>13611<\/a><\/li>\n\n\n\n<li><a href='?page_no=13612'>13612<\/a><\/li>\n\n    \n\t\n\n<li >\n\t<a href='?page_no=12208'>Next<\/a>\n\t<\/li>\n\n\n    \n\n<li><a href='?page_no=13612'>Last &rsaquo;&rsaquo;<\/a><\/li>\n\n<\/ul>\n\n\n--><br \/>\n<\/body><\/p>\n","protected":false},"excerpt":{"rendered":"<p>Al pueblo de China&#13; &#13; \u2022 As\u00ed titul\u00f3 Fidel el pr\u00f3logo, en forma de mensaje, de la edici\u00f3n china de Cien Horas con Fidel \u2022 \u00a0Esta nueva entrega editorial es la edici\u00f3n n\u00famero 15 del abarcador volumen, del cual se encuentran en preparaci\u00f3n no menos de otras ocho ediciones&#13; &#13; Me llena de satisfacci\u00f3n pensar [&hellip;]<\/p>\n","protected":false},"author":3,"featured_media":0,"comment_status":"open","ping_status":"open","sticky":false,"template":"","format":"standard","meta":{"footnotes":""},"categories":[16],"tags":[],"class_list":["post-36334","post","type-post","status-publish","format-standard","hentry","category-opiniones"],"_links":{"self":[{"href":"https:\/\/diariodominicano.com\/index.php?rest_route=\/wp\/v2\/posts\/36334","targetHints":{"allow":["GET"]}}],"collection":[{"href":"https:\/\/diariodominicano.com\/index.php?rest_route=\/wp\/v2\/posts"}],"about":[{"href":"https:\/\/diariodominicano.com\/index.php?rest_route=\/wp\/v2\/types\/post"}],"author":[{"embeddable":true,"href":"https:\/\/diariodominicano.com\/index.php?rest_route=\/wp\/v2\/users\/3"}],"replies":[{"embeddable":true,"href":"https:\/\/diariodominicano.com\/index.php?rest_route=%2Fwp%2Fv2%2Fcomments&post=36334"}],"version-history":[{"count":0,"href":"https:\/\/diariodominicano.com\/index.php?rest_route=\/wp\/v2\/posts\/36334\/revisions"}],"wp:attachment":[{"href":"https:\/\/diariodominicano.com\/index.php?rest_route=%2Fwp%2Fv2%2Fmedia&parent=36334"}],"wp:term":[{"taxonomy":"category","embeddable":true,"href":"https:\/\/diariodominicano.com\/index.php?rest_route=%2Fwp%2Fv2%2Fcategories&post=36334"},{"taxonomy":"post_tag","embeddable":true,"href":"https:\/\/diariodominicano.com\/index.php?rest_route=%2Fwp%2Fv2%2Ftags&post=36334"}],"curies":[{"name":"wp","href":"https:\/\/api.w.org\/{rel}","templated":true}]}}