{"id":36331,"date":"2008-03-12T15:20:15","date_gmt":"2008-03-12T15:20:15","guid":{"rendered":"http:\/\/diariodominicano.ddns.net\/?p=36331"},"modified":"2008-03-12T15:20:15","modified_gmt":"2008-03-12T15:20:15","slug":"el-tiro-rapido-281","status":"publish","type":"post","link":"https:\/\/diariodominicano.com\/?p=36331","title":{"rendered":"EL TIRO R\u00c1PIDO"},"content":{"rendered":"<p><body><\/p>\n<p><span class=\"titulogrande1\">EL TIRO RAPIDO<\/span><br \/>&#13;<br \/>\n  <br \/>&#13;<br \/>\n    <strong>de<\/strong><br \/>&#13;<br \/>\n  <span class=\"textogrande\"><br \/>&#13;<br \/>\nMario  Rivadulla<\/span><\/p>\n<p>&#13;<\/p>\n<p align=\"justify\" class=\"text1noticias\">Hace un par de d\u00ecas el List\u00ecn Diario rese\u00f1\u00f2 con amplitud  declaraciones del Presidente de la Direcci\u00f2n Nacional de Control de Drogas,  mayor general Rafael Radham\u00e8s Ram\u00ecrez Ferreiras.<\/p>\n<p>&#13;<\/p>\n<p align=\"justify\" class=\"text1noticias\">El alto militar, quien en  apenas unos meses que lleva al frente del organismo, ha ganado reconocimiento  generalizado por la forma en\u00e8rgica y sostenida en que ha venido asest\u00e0ndole  fuertes golpes al narcotr\u00e0fico, se quej\u00f2 con sobrada raz\u00f2n del escaso respaldo  que est\u00e0 recibiendo el pa\u00ecs por parte de los Estados Unidos para enfrentar a  los carteles de droga.<\/p>\n<p>&#13;<\/p>\n<p align=\"justify\" class=\"text1noticias\">Es una situaci\u00f2n  incomprensible.\u00a0 Mucho m\u00e0s, cuando las  propias autoridades norteamericanas en el informe anual que rinden sobre el  tr\u00e0fico de narc\u00f2ticos en la regi\u00f2n,\u00a0se\u00f1alan que la corrupci\u00f2n y la debilidad institucional\u00a0 son factores que contribuyen a incrementar el  paso de estupefacientes por nuestro territorio\u00a0  mientras silencian su propia falta de cooperaci\u00f2n.<\/p>\n<p>&#13;<\/p>\n<p align=\"justify\" class=\"text1noticias\">Lo cierto es que nuestras  autoridades han venido enfrentando esta situaci\u00f2n con un m\u00ecnimo de  recursos.\u00a0 Pese a ello se ha estado  anotando significativos exitos en la lucha antidrogas ocupando cantidades  apreciables de estupefacientes, desmontando miles de puntos de venta locales y  apresando tambi\u00e8n millares de elementos involucrados en esa actividad.<\/p>\n<p>&#13;<\/p>\n<p align=\"justify\" class=\"text1noticias\">Pero hay un frente ante el cual  nuestras autoridades antidrogas resultan casi impotentes.\u00a0 Es el env\u00eco de grandes alijos de drogas,  valorados cada uno en muchos millones de d\u00f2lares, que llegan al pa\u00ecs por v\u00eca  a\u00e8rea y maritima.\u00a0 Se admite que el  pasado a\u00f1o violaron el espacio a\u00e8reo m\u00e0s de doscientas avionetas enviadas por  los carteles en vuelos a baja altura, que impide detectarlos con los radares  tradicionales, transportando valiosos cargamentos de drogas.\u00a0 Y son tambi\u00e8n frecuentes las incursiones por  mar, tambi\u00e8n con la misma finalidad, utilizando lanchas veloc\u00ecsimas.<\/p>\n<p>&#13;<\/p>\n<p align=\"justify\" class=\"text1noticias\">Nuestro pa\u00ecs no dispone de  mecanismos de defensa adecuados para interceptar estos env\u00ecos.\u00a0 Ni disponemos de aviones.\u00a0 Ni de suficientes patrulleras.\u00a0\u00a0 Ni de los radares requeridos para dar  seguimiento a los vuelos del narco.\u00a0 En  adici\u00f2n, como consecuencia de la ocupaci\u00f2n de Irak, los propios Estados Unidos  han reducido la vigilancia en aguas y cielos caribe\u00f1os, lo cual facilita a\u00f9n  m\u00e0s la actividad de los traficantes.<\/p>\n<p>&#13;<\/p>\n<p align=\"justify\" class=\"text1noticias\">Mientras tanto, tenemos un  narco cada vez m\u00e0s extendido.\u00a0 La droga  ha ido convirti\u00e8ndose en un producto de consumo popular.\u00a0 Se ha metido en los barrios.\u00a0 Ha involucrado a miles de j\u00f2venes y a\u00f9n  menores de edad.\u00a0 E incide de manera muy  significativa en el incremento de la delincuencia.\u00a0 Una situaci\u00f2n que de no ser por nuestra  proximidad al rico mercado de consumo de los Estados Unidos, seguramente nunca  se hubiese producido en nuestro poco atractivo medio.<\/p>\n<p>&#13;<\/p>\n<p align=\"justify\" class=\"text1noticias\">En adici\u00f2n, tenemos que los  narcos se han tornado tambi\u00e8n m\u00e0s agresivos.\u00a0  En las \u00f9ltimas semanas, varios agentes adscriptos a la Direcci\u00f2n  Naci\u00f2nal de Control de Drogas han sido asesinados en circunstancias que denotan  una previa labor de seguimiento y premeditaci\u00f2n.<br \/>&#13;<br \/>\n  <br \/>&#13;<br \/>\n Otros han resultado heridos en enfrentamientos  con los grupos que operan los puntos de venta que van a ser desmantelados.<\/p>\n<p>&#13;<\/p>\n<p align=\"justify\" class=\"text1noticias\">De cierto que los temas que m\u00e0s  preocupan a la generalidad de la ciudadan\u00eca, tal como reflejan las encuestas,  andan por los lados de la escasez de empleos, el costo de la vida, los  apagones, la salud y la educaci\u00f2n, entre otros.\u00a0  Esas urgencias, se entiende, son las que m\u00e0s resiente la gente y las  que, d\u00eca a d\u00eca, tienen m\u00e0s a la vista.<\/p>\n<p>&#13;<\/p>\n<p align=\"justify\" class=\"text1noticias\">Y de ah\u00ec que todav\u00eca no se haya  cobrado cabal conciencia colectiva de la importancia y gravedad que revisten el  narcotr\u00e0fico y el creciente consumo local de drogas.\u00a0 M\u00e0s a\u00f9n: ni siquiera se categoriza el tema en  los programas de los propios partidos pol\u00ecticos, cuando debiera ocupar lugar  entre los de mayor prioridad. <\/p>\n<p>&#13;<\/p>\n<p align=\"justify\" class=\"text1noticias\">La DNCD, las Fuerzas Armadas y  la Polic\u00eca Nacional est\u00e0n aunando fuerzas bajo la consigna de \u201cCero Tolerancia\u201d  al narcotr\u00e0fico.\u00a0 Es una buena conjunci\u00f2n  de esfuerzos. Pero es preciso sumar la colaboraci\u00f2n de la ciudadan\u00eca.\u00a0 Las drogas no es un problema del gobierno, lo  es del pa\u00ecs.\u00a0 De todos en general.\u00a0 Y todos debemos poner de nuestra parte para  frenar su expansi\u00f2n y hacerlo batir en retirada.\u00a0 Con quejarnos, por m\u00e0s que justificadamente  de la falta de cooperaci\u00f2n de los Estados Unidos en este campo, no vamos a  resolverlo. Tenemos que hacerlo con nuestros propios medios y por propia  conveniencia. De lo contrario,  terminaremos por llorar l\u00e0grimas de sangre.\u00a0  Ojal\u00e0 no llegue a ocurrir.<\/p>\n<p>&#13;<\/p>\n<h6> 2008-03-12 15:20:15 <\/h6>\n<p><!--\n<link rel=\"stylesheet\" href=\"css\/bootstrap.min.css\">\n\n\n<ul class=\"pagination\">\n\t    \n\t\n\n<li >\n\t<a href='?page_no=12203'>Previous<\/a>\n\t<\/li>\n\n\n       \n    \n\n<li><a href='?page_no=1'>1<\/a><\/li>\n\n\n\n<li><a href='?page_no=2'>2<\/a><\/li>\n\n\n\n<li><a>...<\/a><\/li>\n\n\n\n<li><a href='?page_no=12202'>12202<\/a><\/li>\n\n\n\n<li><a href='?page_no=12203'>12203<\/a><\/li>\n\n\n\n<li class='active'><a>12204<\/a><\/li>\n\n\n\n<li><a href='?page_no=12205'>12205<\/a><\/li>\n\n\n\n<li><a href='?page_no=12206'>12206<\/a><\/li>\n\n\n\n<li><a>...<\/a><\/li>\n\n\n\n<li><a href='?page_no=13611'>13611<\/a><\/li>\n\n\n\n<li><a href='?page_no=13612'>13612<\/a><\/li>\n\n    \n\t\n\n<li >\n\t<a href='?page_no=12205'>Next<\/a>\n\t<\/li>\n\n\n    \n\n<li><a href='?page_no=13612'>Last &rsaquo;&rsaquo;<\/a><\/li>\n\n<\/ul>\n\n\n--><br \/>\n<\/body><\/p>\n","protected":false},"excerpt":{"rendered":"<p>EL TIRO RAPIDO&#13; &#13; de&#13; &#13; Mario Rivadulla &#13; Hace un par de d\u00ecas el List\u00ecn Diario rese\u00f1\u00f2 con amplitud declaraciones del Presidente de la Direcci\u00f2n Nacional de Control de Drogas, mayor general Rafael Radham\u00e8s Ram\u00ecrez Ferreiras. &#13; El alto militar, quien en apenas unos meses que lleva al frente del organismo, ha ganado reconocimiento [&hellip;]<\/p>\n","protected":false},"author":3,"featured_media":0,"comment_status":"open","ping_status":"open","sticky":false,"template":"","format":"standard","meta":{"footnotes":""},"categories":[16],"tags":[],"class_list":["post-36331","post","type-post","status-publish","format-standard","hentry","category-opiniones"],"_links":{"self":[{"href":"https:\/\/diariodominicano.com\/index.php?rest_route=\/wp\/v2\/posts\/36331","targetHints":{"allow":["GET"]}}],"collection":[{"href":"https:\/\/diariodominicano.com\/index.php?rest_route=\/wp\/v2\/posts"}],"about":[{"href":"https:\/\/diariodominicano.com\/index.php?rest_route=\/wp\/v2\/types\/post"}],"author":[{"embeddable":true,"href":"https:\/\/diariodominicano.com\/index.php?rest_route=\/wp\/v2\/users\/3"}],"replies":[{"embeddable":true,"href":"https:\/\/diariodominicano.com\/index.php?rest_route=%2Fwp%2Fv2%2Fcomments&post=36331"}],"version-history":[{"count":0,"href":"https:\/\/diariodominicano.com\/index.php?rest_route=\/wp\/v2\/posts\/36331\/revisions"}],"wp:attachment":[{"href":"https:\/\/diariodominicano.com\/index.php?rest_route=%2Fwp%2Fv2%2Fmedia&parent=36331"}],"wp:term":[{"taxonomy":"category","embeddable":true,"href":"https:\/\/diariodominicano.com\/index.php?rest_route=%2Fwp%2Fv2%2Fcategories&post=36331"},{"taxonomy":"post_tag","embeddable":true,"href":"https:\/\/diariodominicano.com\/index.php?rest_route=%2Fwp%2Fv2%2Ftags&post=36331"}],"curies":[{"name":"wp","href":"https:\/\/api.w.org\/{rel}","templated":true}]}}