{"id":36330,"date":"2008-03-12T20:03:49","date_gmt":"2008-03-12T20:03:49","guid":{"rendered":"http:\/\/diariodominicano.ddns.net\/?p=36330"},"modified":"2008-03-12T20:03:49","modified_gmt":"2008-03-12T20:03:49","slug":"el-mirador-27","status":"publish","type":"post","link":"https:\/\/diariodominicano.com\/?p=36330","title":{"rendered":"EL MIRADOR"},"content":{"rendered":"<p><body><\/p>\n<p class=\"titulogrande1\">EL MIRADOR<\/p>\n<p>&#13;<\/p>\n<p align=\"justify\" class=\"text1noticias\"><strong>Un pretexto para ocultar<\/strong><\/p>\n<p>&#13;<\/p>\n<p align=\"justify\" class=\"text1noticias\">La demanda de aumento salarial  que exige\u00a0 la\u00a0 directiva del Colegio M\u00e9dico Dominicano, es  un elemento secundario en el proyecto que ha asumido para ejecutar durante los  d\u00edas previos a las elecciones presidenciales del 16 de mayo. \u00a0Lo importante en la agenda es sumar a la causa  del candidato presidencial del Partido Revolucionario Dominicano (PRD), Miguel  Vargas Maldonado. Por ello, los directivos del gremio se han comprometido a  participar en un plan de lucha determinado por los responsables de la  estrategia pol\u00edtica, y se comprometieron en \u201cun acuerdo estrat\u00e9gico con el Foro  Social Alternativo (Falpo)\u201d y empresarios del transporte. De manera, que aun  cuando el presidente del CMD, Waldo Ariel Suero y otros directivos dicen que  actuar\u00edan de otra manera si el presidente de la Rep\u00fablica los recibe, lo cierto  es que el aumento salarial no es el objetivo que consideran m\u00e1s importante.  Buscan con sus acciones, apoyadas por el Falpo, empresarios del transporte y  pol\u00edticos,\u00a0 cambiar la preferencia  electoral. <\/p>\n<p>&#13;<\/p>\n<p align=\"justify\" class=\"text1noticias\"><strong>Las encuestas desmoralizan<\/strong><\/p>\n<p>&#13;<\/p>\n<p align=\"justify\" class=\"text1noticias\">Los asesores del  candidato\u00a0 del PRD, la \u00a0directiva del CMD, los cuadros del Falpo y una  parte de los empresarios del transporte, consideran \u00a0con sus actos podr\u00edan lograr cambiar la  percepci\u00f3n p\u00fablica respecto a las candidaturas presidenciales\u00a0 que participar\u00e1n en las elecciones del 16 de  mayo pr\u00f3ximo. Las \u00faltimas encuestas han desmoralizado a miembros del equipo de campa\u00f1a del \u00a0PRD. Los asesores comparten \u00a0la idea de que el cuadro es desalentador  porque a pesar de todos los esfuerzos y diabluras como la emboscada de Azua,  que dej\u00f3 como balance tres\u00a0 heridos de  bala,\u00a0 y la campa\u00f1a de desinformaci\u00f3n que  mantienen a trav\u00e9s de\u00a0 un conjunto de  medios impresos y electr\u00f3nicos, entre \u00a0otras de los \u00faltimos d\u00edas, sigue el  comportamiento en la preferencia electoral: Leonel Fern\u00e1ndez sube, Miguel  Vargas Maldonado: se frisa, baja o sube ligeramente. No obstante, obedecen a la  l\u00ednea dura del presidente del PRD, Ram\u00f3n Alburquerque, el secretario general,  Orlando Jorge Mera y los asesores de mayor influencia, encabezados por Andy  Dahuajre, y Jaime Aristy Escuder, quienes entienden \u201ces necesario crear un  clima de confrontaci\u00f3n para impedir se hable en los medios de comunicaci\u00f3n de  los temas que benefician a Leonel, como la XX Cumbre del Grupo de R\u00edo, la que  esperaban fracasara, pero se convirti\u00f3 en el escenario en el que el Presidente  Leonel Fern\u00e1ndez fue reconocido como \u201cEl Presidente de la Paz\u201d, por ser el  estadista que logr\u00f3 que los presidentes de Ecuador, Rafael Correa, Alvaro  Uribe, de Colombia, Hugo Ch\u00e1vez, de Venezuela, y Daniel Ortega, de Nicaragua,  aceptaran recomponer las relaciones del grupo de naciones, y celebrar con  abrazos \u00a0por la superaci\u00f3n de un  conflicto que llen\u00f3 de preocupaci\u00f3n y temor, ya que los pa\u00edses estuvieron al  borde de enfrentamientos b\u00e9licos. En esa circunstancia, en lugar de lo peor,  como esperaban, Leonel Fern\u00e1ndez fue reconocido como \u201cEl Presidente de la Paz\u201d.  CNN fue la que primero difundi\u00f3 al mundo la informaci\u00f3n de que Leonel fue el protagonista  de la cumbre, pues logr\u00f3 lo que no pudo la OEA. La idea fue compartida por  periodistas dominicanos y\u00a0 extranjeros,  medios nacionales y del mundo. Esto ha ca\u00eddo como una desgracia para el  proyecto del PRD-PPH, pues sus asesores no dudan determinar\u00e1\u00a0 un aumento de la preferencia electoral a  favor del Presidente de la Rep\u00fablica y candidato del PLD y el Bloque  Progresista. Ante este cuadro piensan es necesario seguir con el plan de  provocar \u00a0situaciones dif\u00edciles a los  fines de ver si corre la sangre y se pueden poner nombres de v\u00edctimas en el  plan dirigido a impedir el avance de Leonel.<\/p>\n<p>&#13;<\/p>\n<p align=\"justify\" class=\"text1noticias\"><strong>Otro fracaso<\/strong><\/p>\n<p>&#13;<\/p>\n<p align=\"justify\" class=\"text1noticias\">La marcha de los m\u00e9dicos que termin\u00f3 con \u00a0un  incidente en la esquina de las calles M\u00e9xico y Felipe Viccini Perdomo, cuando  participantes\u00a0 fueron impedidos de  violar\u00a0 \u00a0una barrera de hierro colocada para \u00a0impedir que llegaran hasta el Palacio  Nacional, se suma a otro fracaso, pues el n\u00famero de m\u00e9dicos y m\u00e9dicas presentes  fue muy pobre. \u00a0Las autoridades  policiales debieron haber sido instruidas para permitir el recorrido completo,  ya que esto hubiese permitido ver la mejor fotograf\u00eda de la asistencia y la  que\u00a0 de seguro quitaba un argumento a las  voces de la\u00a0 demagogia, pues la protesta  la dirig\u00edan personas que no tienen nada que ver con la profesi\u00f3n de m\u00e9dicos. \u00a0Los aliados estrat\u00e9gicos superaron el n\u00famero  de los m\u00e9dicos.<br \/>&#13;<br \/>\n  <br \/> &#13;<br \/>\nLos voceros\u00a0 esperaban la  movilizaci\u00f3n de miles de galenos y galenas, pues\u00a0 en el sector p\u00fablico trabajan m\u00e1s de 15 mil  profesionales de la medicina y se enarbolaba como bandera de lucha la demanda  de aumento salarial. Lo ocurrido explica que la mayor\u00eda de los \u00a0m\u00e9dicos y m\u00e9dicas que trabajan en el sector  gubernamental saben que el verdadero objetivo era aportar a la causa del  candidato presidencial del PRD. Lo del aumento salarial es s\u00f3lo un pretexto  para esconder la verdad. \u00a0Anoche grupos  de m\u00e9dicos hablaron de la convocatoria y recibieron la informaci\u00f3n de que los m\u00e9dicos  de provincias reaccionaron con indiferencia al recibir\u00a0 la convocatoria a la marcha que hab\u00eda hecho  la directiva del CMD. Igual posici\u00f3n asumieron colegas que ejercen en la  Capital. En el lugar del incidente se vivi\u00f3 un momento dif\u00edcil, pero para bien  del pa\u00eds no ocurri\u00f3 lo que\u00a0 buscaban los  impulsadores de la protesta: sangre de la que dejan los que mueren. \u00a0Los instigadores piensan que es la \u00fanica  manera de evitar la gente recuerde hechos como la XX Cumbre de R\u00edo, el Metro de  Santo Domingo, la Arena de Santiago, y un asunto que provoca una especie de  frenes\u00ed:\u00a0 las encuestas que indican\u00a0 Leonel \u00a0tiene entre 60 y 61% en la preferencia  electoral.<\/p>\n<p>&#13;<\/p>\n<p align=\"justify\" class=\"text1noticias\"><strong>Waldo lleg\u00f3 tarde<\/strong><br \/>&#13;<br \/>\n  <br \/>&#13;<br \/>\nM\u00e9dicos que acudieron\u00a0 temprano al Hospital Luis Eduardo Aybar, para  participar en la marcha de los m\u00e9dicos, no se sintieron bien por la tardanza  del presidente del Colegio M\u00e9dico Dominicano. Waldo Ariel Suero no lleg\u00f3  temprano. Se present\u00f3 a \u00faltima hora para encabezar la protesta. Varios de sus  colegas dijeron que consultaba a sus asesores y sustentadores. La versi\u00f3n dada  no cay\u00f3 bien. <\/p>\n<p>&#13;<\/p>\n<h6> 2008-03-12 20:03:49 <\/h6>\n<p><!--\n<link rel=\"stylesheet\" href=\"css\/bootstrap.min.css\">\n\n\n<ul class=\"pagination\">\n\t    \n\t\n\n<li >\n\t<a href='?page_no=12202'>Previous<\/a>\n\t<\/li>\n\n\n       \n    \n\n<li><a href='?page_no=1'>1<\/a><\/li>\n\n\n\n<li><a href='?page_no=2'>2<\/a><\/li>\n\n\n\n<li><a>...<\/a><\/li>\n\n\n\n<li><a href='?page_no=12201'>12201<\/a><\/li>\n\n\n\n<li><a href='?page_no=12202'>12202<\/a><\/li>\n\n\n\n<li class='active'><a>12203<\/a><\/li>\n\n\n\n<li><a href='?page_no=12204'>12204<\/a><\/li>\n\n\n\n<li><a href='?page_no=12205'>12205<\/a><\/li>\n\n\n\n<li><a>...<\/a><\/li>\n\n\n\n<li><a href='?page_no=13611'>13611<\/a><\/li>\n\n\n\n<li><a href='?page_no=13612'>13612<\/a><\/li>\n\n    \n\t\n\n<li >\n\t<a href='?page_no=12204'>Next<\/a>\n\t<\/li>\n\n\n    \n\n<li><a href='?page_no=13612'>Last &rsaquo;&rsaquo;<\/a><\/li>\n\n<\/ul>\n\n\n--><br \/>\n<\/body><\/p>\n","protected":false},"excerpt":{"rendered":"<p>EL MIRADOR &#13; Un pretexto para ocultar &#13; La demanda de aumento salarial que exige\u00a0 la\u00a0 directiva del Colegio M\u00e9dico Dominicano, es un elemento secundario en el proyecto que ha asumido para ejecutar durante los d\u00edas previos a las elecciones presidenciales del 16 de mayo. \u00a0Lo importante en la agenda es sumar a la causa [&hellip;]<\/p>\n","protected":false},"author":3,"featured_media":0,"comment_status":"open","ping_status":"open","sticky":false,"template":"","format":"standard","meta":{"footnotes":""},"categories":[16],"tags":[],"class_list":["post-36330","post","type-post","status-publish","format-standard","hentry","category-opiniones"],"_links":{"self":[{"href":"https:\/\/diariodominicano.com\/index.php?rest_route=\/wp\/v2\/posts\/36330","targetHints":{"allow":["GET"]}}],"collection":[{"href":"https:\/\/diariodominicano.com\/index.php?rest_route=\/wp\/v2\/posts"}],"about":[{"href":"https:\/\/diariodominicano.com\/index.php?rest_route=\/wp\/v2\/types\/post"}],"author":[{"embeddable":true,"href":"https:\/\/diariodominicano.com\/index.php?rest_route=\/wp\/v2\/users\/3"}],"replies":[{"embeddable":true,"href":"https:\/\/diariodominicano.com\/index.php?rest_route=%2Fwp%2Fv2%2Fcomments&post=36330"}],"version-history":[{"count":0,"href":"https:\/\/diariodominicano.com\/index.php?rest_route=\/wp\/v2\/posts\/36330\/revisions"}],"wp:attachment":[{"href":"https:\/\/diariodominicano.com\/index.php?rest_route=%2Fwp%2Fv2%2Fmedia&parent=36330"}],"wp:term":[{"taxonomy":"category","embeddable":true,"href":"https:\/\/diariodominicano.com\/index.php?rest_route=%2Fwp%2Fv2%2Fcategories&post=36330"},{"taxonomy":"post_tag","embeddable":true,"href":"https:\/\/diariodominicano.com\/index.php?rest_route=%2Fwp%2Fv2%2Ftags&post=36330"}],"curies":[{"name":"wp","href":"https:\/\/api.w.org\/{rel}","templated":true}]}}