{"id":36329,"date":"2008-03-12T21:27:36","date_gmt":"2008-03-12T21:27:36","guid":{"rendered":"http:\/\/diariodominicano.ddns.net\/?p=36329"},"modified":"2008-03-12T21:27:36","modified_gmt":"2008-03-12T21:27:36","slug":"reflexiones-de-fidel-9","status":"publish","type":"post","link":"https:\/\/diariodominicano.com\/?p=36329","title":{"rendered":"REFLEXIONES DE FIDEL"},"content":{"rendered":"<p><body><\/p>\n<p align=\"justify\"><strong class=\"titulogrande1\">Reflexiones  de Fidel<\/strong><strong><br \/>&#13;<br \/>\n  <br \/>&#13;<br \/>\n  <\/strong><span class=\"text1noticias\"><strong>Siempre  cuesta arriba<\/strong><br \/>&#13;<br \/>\n  <br \/>&#13;<br \/>\n  Los  estudiantes de la Ense\u00f1anza Media se reunieron: ten\u00eda lugar su XI Congreso. Al  escucharlos, experiment\u00e9 un sano orgullo y una explicable envidia. \u00a1Qu\u00e9  privilegio a su fecunda edad! Si hoy es masivo el estudio universitario,  tambi\u00e9n es masiva una actividad m\u00e1s importante: la batalla de ideas antes de  ingresar en las universidades. <br \/>&#13;<br \/>\n  <br \/>&#13;<br \/>\n  Pareciera  que la naturaleza determin\u00f3 la evoluci\u00f3n de los seres humanos para ser capaces,  desde muy temprana edad, de hacer que la conciencia prevalezca sobre los  instintos. <br \/>&#13;<br \/>\n  <br \/>&#13;<br \/>\n  Queridos compa\u00f1eros de la Federaci\u00f3n de Estudiantes de la Ense\u00f1anza  Media, esa ser\u00e1 la batalla de ustedes.<br \/>&#13;<br \/>\n  <br \/>&#13;<br \/>\n  Hoy,  el mayor esfuerzo del decadente e insostenible imperio es privarnos del derecho  a conocer y pensar. Med\u00edtese un minuto en el mezquino esfuerzo del cabecilla de  ese imperio para impedir a nuestro pueblo el acceso a Internet que Rosa Miriam,  periodista joven y profunda, denuncia en un comentario, a\u00f1adiendo datos que el<em> New York Times<\/em>, en un art\u00edculo cr\u00edtico del hecho, no menciona: \u00bb \u00bc la  OFAC (Oficina de Control de Activos del Departamento del Tesoro Norteamericano)  rese\u00f1a que 557 empresas \u2018malditas\u2019 de todo el orbe y 3 719 dominios.com han  sido bloqueados en la Red sin la m\u00e1s m\u00ednima notificaci\u00f3n previa a sus due\u00f1os&#8230;  Estados Unidos ha bloqueado casi tres veces m\u00e1s sitios que todos los que tiene  registrados la Isla bajo el gen\u00e9rico de nuestro pa\u00eds\u00bc \u00ab<br \/>&#13;<br \/>\n  <br \/>&#13;<br \/>\n\u00abEsta  es una nueva prueba de que Estados Unidos controla no solo el acceso de sus  ciudadanos en el ciberespacio, sino el de todos los usuarios de la Internet  global\u00bb.<br \/>&#13;<br \/>\n<br \/>&#13;<br \/>\nElla  se refiere a la pol\u00edtica seguida por Bush durante su mandato. Aunque su  art\u00edculo fue publicado por Juventud Rebelde, val\u00eda la pena reiterar los datos  se\u00f1alados.<br \/>&#13;<br \/>\n<br \/>&#13;<br \/>\n\u00a1Qu\u00e9  respuesta en las palabras pronunciadas por los estudiantes de la Ense\u00f1anza  Media! \u00bfExiste algo parecido en la sociedad consumista de Estados Unidos? De  all\u00ed, desgraciadamente, llegan noticias dolorosas de adolescentes y j\u00f3venes  escolares en contacto con mort\u00edferas armas de fuego, que se ofertan libremente  en una sociedad donde el dinero y el mercado trazan el camino. El Gobierno de  Estados Unidos se apoya en la Asociaci\u00f3n del Rifle y el miedo a la cultura,  pero no podr\u00e1 impedir la de Cuba.<br \/>&#13;<br \/>\n<br \/>&#13;<br \/>\n\u00a1Adelante,  j\u00f3venes estudiantes cubanos! Luchemos contra el ego\u00edsmo, la vanidad y la  est\u00e9ril ambici\u00f3n de gloria, que son v\u00edboras devoradoras de almas humanas;  llevemos las ideas y la conciencia, siempre cuesta arriba, junto a nuestros  gloriosos antecesores.<br \/>&#13;<br \/>\n<br \/>&#13;<br \/>\n  <strong>Fidel Castro Ruz <br \/>&#13;<br \/>\n  <br \/>&#13;<br \/>\n    Marzo 9 de 2008<br \/>&#13;<br \/>\n    <br \/>&#13;<br \/>\n6 y 19 p.m.<\/strong><\/span><\/p>\n<p>&#13;<\/p>\n<h6> 2008-03-12 21:27:36 <\/h6>\n<p><!--\n<link rel=\"stylesheet\" href=\"css\/bootstrap.min.css\">\n\n\n<ul class=\"pagination\">\n\t    \n\t\n\n<li >\n\t<a href='?page_no=12201'>Previous<\/a>\n\t<\/li>\n\n\n       \n    \n\n<li><a href='?page_no=1'>1<\/a><\/li>\n\n\n\n<li><a href='?page_no=2'>2<\/a><\/li>\n\n\n\n<li><a>...<\/a><\/li>\n\n\n\n<li><a href='?page_no=12200'>12200<\/a><\/li>\n\n\n\n<li><a href='?page_no=12201'>12201<\/a><\/li>\n\n\n\n<li class='active'><a>12202<\/a><\/li>\n\n\n\n<li><a href='?page_no=12203'>12203<\/a><\/li>\n\n\n\n<li><a href='?page_no=12204'>12204<\/a><\/li>\n\n\n\n<li><a>...<\/a><\/li>\n\n\n\n<li><a href='?page_no=13611'>13611<\/a><\/li>\n\n\n\n<li><a href='?page_no=13612'>13612<\/a><\/li>\n\n    \n\t\n\n<li >\n\t<a href='?page_no=12203'>Next<\/a>\n\t<\/li>\n\n\n    \n\n<li><a href='?page_no=13612'>Last &rsaquo;&rsaquo;<\/a><\/li>\n\n<\/ul>\n\n\n--><br \/>\n<\/body><\/p>\n","protected":false},"excerpt":{"rendered":"<p>Reflexiones de Fidel&#13; &#13; Siempre cuesta arriba&#13; &#13; Los estudiantes de la Ense\u00f1anza Media se reunieron: ten\u00eda lugar su XI Congreso. Al escucharlos, experiment\u00e9 un sano orgullo y una explicable envidia. \u00a1Qu\u00e9 privilegio a su fecunda edad! Si hoy es masivo el estudio universitario, tambi\u00e9n es masiva una actividad m\u00e1s importante: la batalla de ideas [&hellip;]<\/p>\n","protected":false},"author":3,"featured_media":0,"comment_status":"open","ping_status":"open","sticky":false,"template":"","format":"standard","meta":{"footnotes":""},"categories":[16],"tags":[],"class_list":["post-36329","post","type-post","status-publish","format-standard","hentry","category-opiniones"],"_links":{"self":[{"href":"https:\/\/diariodominicano.com\/index.php?rest_route=\/wp\/v2\/posts\/36329","targetHints":{"allow":["GET"]}}],"collection":[{"href":"https:\/\/diariodominicano.com\/index.php?rest_route=\/wp\/v2\/posts"}],"about":[{"href":"https:\/\/diariodominicano.com\/index.php?rest_route=\/wp\/v2\/types\/post"}],"author":[{"embeddable":true,"href":"https:\/\/diariodominicano.com\/index.php?rest_route=\/wp\/v2\/users\/3"}],"replies":[{"embeddable":true,"href":"https:\/\/diariodominicano.com\/index.php?rest_route=%2Fwp%2Fv2%2Fcomments&post=36329"}],"version-history":[{"count":0,"href":"https:\/\/diariodominicano.com\/index.php?rest_route=\/wp\/v2\/posts\/36329\/revisions"}],"wp:attachment":[{"href":"https:\/\/diariodominicano.com\/index.php?rest_route=%2Fwp%2Fv2%2Fmedia&parent=36329"}],"wp:term":[{"taxonomy":"category","embeddable":true,"href":"https:\/\/diariodominicano.com\/index.php?rest_route=%2Fwp%2Fv2%2Fcategories&post=36329"},{"taxonomy":"post_tag","embeddable":true,"href":"https:\/\/diariodominicano.com\/index.php?rest_route=%2Fwp%2Fv2%2Ftags&post=36329"}],"curies":[{"name":"wp","href":"https:\/\/api.w.org\/{rel}","templated":true}]}}