{"id":36327,"date":"2008-03-13T15:17:31","date_gmt":"2008-03-13T15:17:31","guid":{"rendered":"http:\/\/diariodominicano.ddns.net\/?p=36327"},"modified":"2008-03-13T15:17:31","modified_gmt":"2008-03-13T15:17:31","slug":"el-estado-la-educacion-y-los-valores","status":"publish","type":"post","link":"https:\/\/diariodominicano.com\/?p=36327","title":{"rendered":"El Estado, la Educaci\u00f3n y los Valores"},"content":{"rendered":"<p><body><\/p>\n<p class=\"titulogrande1\"><strong>El  Estado, la Educaci\u00f3n  y los Valores\u00a0\u00a0\u00a0 <\/strong><\/p>\n<p>&#13;<\/p>\n<p align=\"justify\" class=\"text1noticias\">La educaci\u00f3n del presente no s\u00f3lo debe  ocuparse de formar estudiantes y profesionales t\u00e9cnicamente capacitados, sino  tambi\u00e9n por hacer esfuerzos extraordinarios para que los niveles de urbanidad,  integridad, responsabilidad, solidaridad, amor al pr\u00f3jimo y el respeto a las  personas sea una meta permanente de los profesores(as) y los centros de  ense\u00f1anzas , sobre todo de los centros educativos de los niveles \u00a0de inicial y b\u00e1sicos, que son los que  comienzan a moldear el comportamiento y la conducta de los ni\u00f1os y  adolescentes. <\/p>\n<p>&#13;<\/p>\n<p align=\"justify\" class=\"text1noticias\">La educaci\u00f3n del presente, por tanto,  debe estar comprometida en formar ni\u00f1os, j\u00f3venes, profesionales y t\u00e9cnicos, que  como recursos humanos, est\u00e9n comprometidos, no s\u00f3lo en servirles a la sociedad  que los ha formado, sino tambi\u00e9n en ser la v\u00eda, a trav\u00e9s de la cual los  conocimientos y las tecnolog\u00edas que nos trae un mundo globalizado puedan ser  aplicados\u00a0 en beneficio del crecimiento  \u00e9tico, educativo, espiritual y econ\u00f3mico de la sociedad a la cual aspiramos.<\/p>\n<p>&#13;<\/p>\n<p align=\"justify\" class=\"text1noticias\">De manera que toda sociedad que desea  crecer necesita una\u00a0 base educativa s\u00f3lida  que le permita \u00a0ese crecimiento. Por eso,  en el aspecto t\u00e9cnico la educaci\u00f3n de los ni\u00f1os y j\u00f3venes debe estar  fundamentada en contenidos bien concebidos y bien estructurados, de forma que  produzcan un rendimiento escolar, que en el aspecto profesional y \u00e9tico sirva  de base y proyecci\u00f3n a la sociedad que queremos ir construyendo. <\/p>\n<p>&#13;<\/p>\n<p align=\"justify\" class=\"text1noticias\">La sociedad\u00a0 del presente signada por los avances  cient\u00edficos y tecnol\u00f3gicos, demanda que los\u00a0  estudiantes y profesionales aprendan a pensar y a estudiar de forma  creativa, de tal forma que ante cualquier realidad, texto o asignatura puedan  formarse una idea u opini\u00f3n de los aspectos estudiados y analizados, de manera  que puedan ofrecer una soluci\u00f3n a los aspectos examinados.<\/p>\n<p>&#13;<\/p>\n<p align=\"justify\" class=\"text1noticias\">Cuando la educaci\u00f3n d\u00e9 como resultado  que los estudiantes y los profesionales\u00a0  son capaces de relacionar diferentes aspectos de una\u00a0 misma realidad y pueden dar respuestas a las  interrogantes y a las soluciones que demanda esa realidad, en una situaci\u00f3n  similar, estamos formando estudiantes, profesionales y profesores lideres para  la sociedad en la cual ejercen su profesi\u00f3n.<\/p>\n<p>&#13;<\/p>\n<p align=\"justify\" class=\"text1noticias\">El otro aspecto que debe tomar en  cuenta la sociedad es el que tiene que ver con\u00a0  la educaci\u00f3n moral y los valores humanos positivos que debe  promover\u00a0 la educaci\u00f3n dominicana. En este  sentido la educaci\u00f3n debe procurar que los aspectos\u00a0 \u00e9ticos y de responsabilidad de los estudiantes  y profesionales sea una condici\u00f3n necesaria de nuestras instituciones  educativas en todos sus niveles de ense\u00f1anzas.\u00a0 <\/p>\n<p>&#13;<\/p>\n<p align=\"justify\" class=\"text1noticias\">El Estado, la familia\u00a0 y la sociedad deben asumir el compromiso de  formar ciudadanos que puedan asumir el rol de ir cambiando los valores  culturales negativos, que se han ido entronizando en nuestro medio social y  cultural y que amenazan con eliminar los valores humanos positivos del ser  humano.<\/p>\n<p>&#13;<\/p>\n<p align=\"justify\" class=\"text1noticias\">El Estado, la sociedad y las familias  dominicanas deben orientarse a formar j\u00f3venes y adolescentes, cuya  formaci\u00f3n\u00a0 le impida pasar a formar parte  de los grupos de j\u00f3venes que se han alejado de de la escuela para pasar a  formar parte de los grupos que hoy se inician en los vicios y las drogas. La  misi\u00f3n de la educaci\u00f3n debe ser contrarrestar los valores negativos que  representan la riqueza f\u00e1cil, la falta de integridad y la corrupci\u00f3n y que en  la actualidad abate a la sociedad en todos sus niveles y estamentos.<\/p>\n<p>&#13;<\/p>\n<p align=\"justify\" class=\"text1noticias\">La educaci\u00f3n debe\u00a0 orientarse a hacerles tomar consciencia, a j\u00f3venes  y adolescentes, de que s\u00f3lo el trabajo y la superaci\u00f3n personal son las v\u00edas  para el crecimiento espiritual y econ\u00f3mico del individuo. Una educaci\u00f3n con  valores, comprometida con un desarrollo espiritual y cultural sano del  ciudadano es la \u00fanica garant\u00eda que puede\u00a0  hacer frente a los vicios y a la falta de valores humanos positivos que  hoy corroe a\u00a0\u00a0 nuestra sociedad y al mundo. <\/p>\n<p>&#13;<\/p>\n<div align=\"justify\" class=\"text1noticias\"><strong>Evelio  Arroyo es Soci\u00f3logo, Abogado y Escritor. Estos temas son publicados del libro  \u201cEstado y Sociedad\u201d de su autor\u00eda. \u00a0\u00a0\u00a0\u00a0\u00a0\u00a0\u00a0\u00a0\u00a0<\/strong><\/div>\n<p>&#13;<\/p>\n<h6> 2008-03-13 15:17:31 <\/h6>\n<p><!--\n<link rel=\"stylesheet\" href=\"css\/bootstrap.min.css\">\n\n\n<ul class=\"pagination\">\n\t    \n\t\n\n<li >\n\t<a href='?page_no=12199'>Previous<\/a>\n\t<\/li>\n\n\n       \n    \n\n<li><a href='?page_no=1'>1<\/a><\/li>\n\n\n\n<li><a href='?page_no=2'>2<\/a><\/li>\n\n\n\n<li><a>...<\/a><\/li>\n\n\n\n<li><a href='?page_no=12198'>12198<\/a><\/li>\n\n\n\n<li><a href='?page_no=12199'>12199<\/a><\/li>\n\n\n\n<li class='active'><a>12200<\/a><\/li>\n\n\n\n<li><a href='?page_no=12201'>12201<\/a><\/li>\n\n\n\n<li><a href='?page_no=12202'>12202<\/a><\/li>\n\n\n\n<li><a>...<\/a><\/li>\n\n\n\n<li><a href='?page_no=13611'>13611<\/a><\/li>\n\n\n\n<li><a href='?page_no=13612'>13612<\/a><\/li>\n\n    \n\t\n\n<li >\n\t<a href='?page_no=12201'>Next<\/a>\n\t<\/li>\n\n\n    \n\n<li><a href='?page_no=13612'>Last &rsaquo;&rsaquo;<\/a><\/li>\n\n<\/ul>\n\n\n--><br \/>\n<\/body><\/p>\n","protected":false},"excerpt":{"rendered":"<p>El Estado, la Educaci\u00f3n y los Valores\u00a0\u00a0\u00a0 &#13; La educaci\u00f3n del presente no s\u00f3lo debe ocuparse de formar estudiantes y profesionales t\u00e9cnicamente capacitados, sino tambi\u00e9n por hacer esfuerzos extraordinarios para que los niveles de urbanidad, integridad, responsabilidad, solidaridad, amor al pr\u00f3jimo y el respeto a las personas sea una meta permanente de los profesores(as) y [&hellip;]<\/p>\n","protected":false},"author":3,"featured_media":0,"comment_status":"open","ping_status":"open","sticky":false,"template":"","format":"standard","meta":{"footnotes":""},"categories":[16],"tags":[],"class_list":["post-36327","post","type-post","status-publish","format-standard","hentry","category-opiniones"],"_links":{"self":[{"href":"https:\/\/diariodominicano.com\/index.php?rest_route=\/wp\/v2\/posts\/36327","targetHints":{"allow":["GET"]}}],"collection":[{"href":"https:\/\/diariodominicano.com\/index.php?rest_route=\/wp\/v2\/posts"}],"about":[{"href":"https:\/\/diariodominicano.com\/index.php?rest_route=\/wp\/v2\/types\/post"}],"author":[{"embeddable":true,"href":"https:\/\/diariodominicano.com\/index.php?rest_route=\/wp\/v2\/users\/3"}],"replies":[{"embeddable":true,"href":"https:\/\/diariodominicano.com\/index.php?rest_route=%2Fwp%2Fv2%2Fcomments&post=36327"}],"version-history":[{"count":0,"href":"https:\/\/diariodominicano.com\/index.php?rest_route=\/wp\/v2\/posts\/36327\/revisions"}],"wp:attachment":[{"href":"https:\/\/diariodominicano.com\/index.php?rest_route=%2Fwp%2Fv2%2Fmedia&parent=36327"}],"wp:term":[{"taxonomy":"category","embeddable":true,"href":"https:\/\/diariodominicano.com\/index.php?rest_route=%2Fwp%2Fv2%2Fcategories&post=36327"},{"taxonomy":"post_tag","embeddable":true,"href":"https:\/\/diariodominicano.com\/index.php?rest_route=%2Fwp%2Fv2%2Ftags&post=36327"}],"curies":[{"name":"wp","href":"https:\/\/api.w.org\/{rel}","templated":true}]}}