{"id":36325,"date":"2020-08-06T23:35:24","date_gmt":"2020-08-06T23:35:24","guid":{"rendered":"http:\/\/diariodominicano.ddns.net\/?p=36325"},"modified":"2020-08-06T23:35:24","modified_gmt":"2020-08-06T23:35:24","slug":"bordeando-el-precipicio-quienes-iran-a-la-hoguera","status":"publish","type":"post","link":"https:\/\/diariodominicano.com\/?p=36325","title":{"rendered":"Bordeando el precipicio: \u00bfQui\u00e9nes ir\u00e1n a la hoguera?"},"content":{"rendered":"<p><body><\/p>\n<p><strong>Diariodominicano.com<\/strong><\/p>\n<p><strong>Bordeando el precipicio: \u00bfQui\u00e9nes ir\u00e1n a la hoguera? <\/strong><\/p>\n<p><strong>Manuel D\u00edaz Aponte <\/strong><\/p>\n<p>Cuando el imperio comienza a decaer es muestra de que nos encaminamos irremediablemente al final de una era. <\/p>\n<p>Y se abre espacio a la actuaci\u00f3n de la Justicia que soberanamente debe actuar para rescatar la fe, confianza y dignidad humana.<\/p>\n<p>La pol\u00edtica como ciencia es profundamente din\u00e1mica y sus principales actores son reemplazados por otras generaciones, inspiradas en nuevas ideas e \u00edmpetu. <\/p>\n<p>Hoy la colectividad dominicana vive momentos cruciales de su historia moderna, azotada por una crisis sanitaria in\u00e9dita en el mundo.<\/p>\n<p>Existe una grave crisis econ\u00f3mica cuya magnitud real la sabremos a partir del 16 de agosto, justo al tomar posesi\u00f3n el presidente electo Luis Abinader Corona, y leer su primer discurso a la naci\u00f3n.<\/p>\n<p>Entonces se expondr\u00e1n los n\u00fameros fr\u00edos que retractan fehacientemente la pobreza que golpea a la mayor\u00eda de los dominicanos. <\/p>\n<p>Conoceremos las cuentas por pagar, nivel del endeudamiento interno y externo, y el impacto que tendr\u00e1 para todos la corrupci\u00f3n diseminada en los principales estamentos del Estado. <\/p>\n<p>\u00bfRecibir\u00e1 el presidente Abinader una econom\u00eda \u00absaneada\u00bb, un malet\u00edn de deudas o simplemente un cascaron de las instituciones estales?  <\/p>\n<p>Lo que s\u00ed est\u00e1 claro es que heredar\u00e1 una terrible crisis \u00e9tica y moral producto de la corrupci\u00f3n e impunidad reinante en los \u00faltimos veinte a\u00f1os de administraci\u00f3n gubernamental del Partido de la Liberaci\u00f3n Dominicana (PLD).<\/p>\n<p>El futuro gobierno del PRM se prepara para \u00abfrenar\u00bb la corrupci\u00f3n y adecentar la gesti\u00f3n p\u00fablica. La designaci\u00f3n de la doctora Milagros Ortiz Bosch al frente de la Direcci\u00f3n General de \u00c9tica e Integridad Gubernamental desde el d\u00eda 16 ha generado reacciones positivas.  <\/p>\n<p>Ortiz Bosch, ex vicepresidenta de la Rep\u00fablica, es un referente moral y tiene una s\u00f3lida trayectoria de honestidad al frente de las instituciones que ha dirigido.    <\/p>\n<p>\u00a1No Habr\u00e1 Borr\u00f3n!\t<\/p>\n<p>Ha sentenciado el licenciado Abinader en entrevista exclusiva otorgada al director del diario El D\u00eda, Jos\u00e9 Monegro, del grupo de Comunicaciones Corripio.<\/p>\n<p>Eso lo pide a grito la ciudadan\u00eda y las nuevas autoridades olfateando esa realidad estar\u00edan decididas a llevar a los tribunales a los ex funcionarios que se compruebe incurrieron en dolo.<\/p>\n<p>Las expectativas giran sobre la persona que ocupar\u00e1 la Procuradur\u00eda Fiscal Independiente, promesa insigne de la pasada campa\u00f1a electoral del entonces candidato presidencial  del Partido Revolucionario Moderno (PRM).<\/p>\n<p>En diversos estratos sociales del pa\u00eds la pregunta obligada es: \u00bfHabr\u00e1 funcionarios del gobierno de Danilo Medina enjuiciados y posteriormente llevados a la c\u00e1rcel?<\/p>\n<p>Representantes de los movimientos sociales que respaldaron al hoy presidente electo han advertido que de reeditarse la impunidad volver\u00e1n a las calles a protestar contra las  autoridades que asumen este 16 de agosto.     <\/p>\n<p>Ex Presidentes Condenados \t<\/p>\n<p>Alan Garc\u00eda, ex presidente de la Rep\u00fablica del Per\u00fa, no resisti\u00f3 las presiones y sinti\u00e9ndose acorralado por la Justicia, que lo vinculaba al esc\u00e1ndalo de corrupci\u00f3n de Odebrecht, opt\u00f3 dram\u00e1ticamente por dispararse en la cabeza y terminar su vida.<\/p>\n<p>Es el caso m\u00e1s reciente en Am\u00e9rica Latina de figuras pol\u00edticas prominentes que evitan ir a la c\u00e1rcel recurriendo al suicidio. <\/p>\n<p>Garc\u00eda, se dispar\u00f3 mortalmente en la cabeza el 17 de abril del 2019, al ser notificado de una orden judicial de detenci\u00f3n y allanamiento en su residencia en la capital, Lima, por el esc\u00e1ndalo de corrupci\u00f3n de Odebrecht.<\/p>\n<p>Rep\u00fablica Dominicana es el \u00fanico de Latinoam\u00e9rica donde la c\u00fapula del poder no fue involucrada en esta mega corrupci\u00f3n que llev\u00f3 a las rejas a los ex presidentes de Brasil, Luiz Inacio Lula Da Silva; a Ollante Humala, ex gobernante de Per\u00fa as\u00ed como los ex presidentes Alberto Fujimori y Pedro Pablo Kuczynski. <\/p>\n<p>El Departamento de Justicia de Estados Unidos cit\u00f3 a doce pa\u00edses que recibieron sobornos y pagos il\u00edcitos de la firma brasile\u00f1a Odebrecht, entre ellos Venezuela y Rep\u00fablica Dominicana, con los mayores montos ascendentes a 98 y 92 millones de d\u00f3lares, respectivamente.  <\/p>\n<p>La Justicia de El Salvador conden\u00f3 al ex mandatario Mauricio Funes a restituir \u00abbienes ileg\u00edtimos\u00bb obtenidos durante su gobierno y lo inhabilita por diez a\u00f1os.   <\/p>\n<p>Rueda de Prensa\t<\/p>\n<p>La transparencia es una de las posturas esenciales de la acci\u00f3n gubernamental, y debe actuarse de cara al sol?m\u00e1xime si no hay nada que ocultar-, pero adem\u00e1s la incomunicaci\u00f3n en las esferas del poder tiene graves consecuencias.      <\/p>\n<p>En el gobierno de Danilo Medina la tradicional rueda de prensa del ejecutivo con los periodistas fue abolida. Y se dej\u00f3 en manos de personas que nunca han visitado una redacci\u00f3n de un diario, radio o televisi\u00f3n darle seguimiento a su agenda.<\/p>\n<p>Las bocinas y algunos hacedores de mensajes esparcidos en las redes sustituyeron a los verdaderos profesionales del periodismo que habitualmente cubren las actividades en el Palacio Nacional.<\/p>\n<p>Exceptuando las espor\u00e1dicas declaraciones de algunos ministros, los reporteros palaciegos retornaban a la redacci\u00f3n con las libretas de apuntes vac\u00edas.<\/p>\n<p>Los limitaban a darle seguimiento al portal web de la Direcci\u00f3n General de Comunicaci\u00f3n de la Presidencia. <\/p>\n<p>El presidente electo Luis Abinader acaba de anunciar que las entrevistas con los periodistas asignados a la fuente del Palacio Nacional ser\u00e1n reiniciadas. <\/p>\n<p>Es la principal fuente noticiosa y por supuesto, diariamente se producen noticias diversas a trav\u00e9s del seguimiento a la agenda gubernamental. <\/p>\n<p>Art\u00edculo de Manuel D\u00edaz Aponte  <\/p>\n<p>Lunes, 3 de agosto de 2020      \t<\/p>\n<p>DiarioDigitalRD-DiarioDominicano-Primicias<\/p>\n<h6> 2020-08-06 23:35:24 <\/h6>\n<p><!--\n<link rel=\"stylesheet\" href=\"css\/bootstrap.min.css\">\n\n\n<ul class=\"pagination\">\n\t    \n\t\n\n<li >\n\t<a href='?page_no=121'>Previous<\/a>\n\t<\/li>\n\n\n       \n    \n\n<li><a href='?page_no=1'>1<\/a><\/li>\n\n\n\n<li><a href='?page_no=2'>2<\/a><\/li>\n\n\n\n<li><a>...<\/a><\/li>\n\n\n\n<li><a href='?page_no=120'>120<\/a><\/li>\n\n\n\n<li><a href='?page_no=121'>121<\/a><\/li>\n\n\n\n<li class='active'><a>122<\/a><\/li>\n\n\n\n<li><a href='?page_no=123'>123<\/a><\/li>\n\n\n\n<li><a href='?page_no=124'>124<\/a><\/li>\n\n\n\n<li><a>...<\/a><\/li>\n\n\n\n<li><a href='?page_no=13611'>13611<\/a><\/li>\n\n\n\n<li><a href='?page_no=13612'>13612<\/a><\/li>\n\n    \n\t\n\n<li >\n\t<a href='?page_no=123'>Next<\/a>\n\t<\/li>\n\n\n    \n\n<li><a href='?page_no=13612'>Last &rsaquo;&rsaquo;<\/a><\/li>\n\n<\/ul>\n\n\n--><br \/>\n<\/body><\/p>\n","protected":false},"excerpt":{"rendered":"<p>Diariodominicano.com Bordeando el precipicio: \u00bfQui\u00e9nes ir\u00e1n a la hoguera? Manuel D\u00edaz Aponte Cuando el imperio comienza a decaer es muestra de que nos encaminamos irremediablemente al final de una era. Y se abre espacio a la actuaci\u00f3n de la Justicia que soberanamente debe actuar para rescatar la fe, confianza y dignidad humana. La pol\u00edtica como [&hellip;]<\/p>\n","protected":false},"author":3,"featured_media":0,"comment_status":"open","ping_status":"open","sticky":false,"template":"","format":"standard","meta":{"footnotes":""},"categories":[16],"tags":[],"class_list":["post-36325","post","type-post","status-publish","format-standard","hentry","category-opiniones"],"_links":{"self":[{"href":"https:\/\/diariodominicano.com\/index.php?rest_route=\/wp\/v2\/posts\/36325","targetHints":{"allow":["GET"]}}],"collection":[{"href":"https:\/\/diariodominicano.com\/index.php?rest_route=\/wp\/v2\/posts"}],"about":[{"href":"https:\/\/diariodominicano.com\/index.php?rest_route=\/wp\/v2\/types\/post"}],"author":[{"embeddable":true,"href":"https:\/\/diariodominicano.com\/index.php?rest_route=\/wp\/v2\/users\/3"}],"replies":[{"embeddable":true,"href":"https:\/\/diariodominicano.com\/index.php?rest_route=%2Fwp%2Fv2%2Fcomments&post=36325"}],"version-history":[{"count":0,"href":"https:\/\/diariodominicano.com\/index.php?rest_route=\/wp\/v2\/posts\/36325\/revisions"}],"wp:attachment":[{"href":"https:\/\/diariodominicano.com\/index.php?rest_route=%2Fwp%2Fv2%2Fmedia&parent=36325"}],"wp:term":[{"taxonomy":"category","embeddable":true,"href":"https:\/\/diariodominicano.com\/index.php?rest_route=%2Fwp%2Fv2%2Fcategories&post=36325"},{"taxonomy":"post_tag","embeddable":true,"href":"https:\/\/diariodominicano.com\/index.php?rest_route=%2Fwp%2Fv2%2Ftags&post=36325"}],"curies":[{"name":"wp","href":"https:\/\/api.w.org\/{rel}","templated":true}]}}