{"id":36323,"date":"2008-03-13T15:43:04","date_gmt":"2008-03-13T15:43:04","guid":{"rendered":"http:\/\/diariodominicano.ddns.net\/?p=36323"},"modified":"2008-03-13T15:43:04","modified_gmt":"2008-03-13T15:43:04","slug":"por-que-contra-jose-enrique-sued","status":"publish","type":"post","link":"https:\/\/diariodominicano.com\/?p=36323","title":{"rendered":"\u00bfPOR QU\u00c9 CONTRA JOS\u00c9 ENRIQUE SUED?"},"content":{"rendered":"<p><body><\/p>\n<p class=\"titulogrande1\">\u00bfPOR QU\u00c9 CONTRA JOS\u00c9 ENRIQUE  SUED?<\/p>\n<p>&#13;<\/p>\n<p><strong>Por<\/strong> <span class=\"textogrande\">Fernando Pe\u00f1a<\/span><\/p>\n<p>&#13;<\/p>\n<p align=\"justify\" class=\"text1noticias\">Tengo a\u00f1os que no converso con  mi amigo el s\u00edndico de Santiago, Jos\u00e9 Enrique Sued, hoy candidato  vise-presidencial del Partido Reformista Socialcristiano. Buena elecci\u00f3n de  Amable Aristy Castro. Durante a\u00f1os mantuve un programa de televisi\u00f3n en \u00a0Santiago y nunca le solicite anuncio, ni he  sido beneficiario en nada en su gestion. Por ello y otras razones creo tener  suficiente calidad para expresar mi repudio y rechazo a la campa\u00f1a que ha  desatado el PLD \u00a0contra este dirigente  reformista calificado y de gran popularidad en la ciudad coraz\u00f3n y el Cibao.<\/p>\n<p>&#13;<\/p>\n<p align=\"justify\" class=\"text1noticias\">El PLD tiene que desmontar su  estrategia de que todo el que no acepta\u00a0  sus proposiciones de apoyar la reelecci\u00f3n es su enemigo y hay que  desacreditar.<\/p>\n<p>&#13;<\/p>\n<p align=\"justify\" class=\"text1noticias\">Es verdad que le hicieron  proposiciones a Jos\u00e9 Enrique para que apoyara a Leonel y lo acompa\u00f1ara como  candidato vise-presidencial. Y \u00e9l en todo su derecho la rechaz\u00f3, por lealtad a  su partido, por sus leg\u00edtimas aspiraciones para el 2012 o por las razones que sean.<\/p>\n<p>&#13;<\/p>\n<p align=\"justify\" class=\"text1noticias\">\u00bfPor qu\u00e9 montar esa campa\u00f1a  contra Jos\u00e9 Enrique?<\/p>\n<p>&#13;<\/p>\n<p align=\"justify\" class=\"text1noticias\">Oh!, sencillamente porque la  imagen, la conducta de ese destacado dirigente\u00a0  de Santiago se convierte en un punto de apoyo fundamental a favor del  candidato presidencial reformista y viene a erosionar la de por s\u00ed desgastada  simpat\u00eda del gobierno\u00a0 en esta urbe y  todo el Cibao.<\/p>\n<p>&#13;<\/p>\n<p align=\"justify\" class=\"text1noticias\">La actitud valiente de Enrique  Sued de rechazar las ofertas del oficialismo e ir como compa\u00f1ero de boleta de  Don Amable Aristy Castro\u00a0 es un estimulo  para los reformistas, \u00a0es un empuje  tambi\u00e9n para el opositor Partido Revolucionario Dominicano y su candidato  Miguel Vargas Maldonado.<\/p>\n<p>&#13;<\/p>\n<p align=\"justify\" class=\"text1noticias\">Jos\u00e9 Enrique frena el  transfuguismo que se est\u00e1 observando en su partido, puede hacer volver a muchos  que se han ido y a los cuales no se les ha cumplido\u00a0 las promesas hecha desde el gobierno.<\/p>\n<p>&#13;<\/p>\n<p align=\"justify\" class=\"text1noticias\">O sea, que a quien resta es al  presidente y candidato reeleccionista, doctor Leonel Fern\u00e1ndez Reyna y su  Partido de la Liberaci\u00f3n Dominicana.<\/p>\n<p>&#13;<\/p>\n<p align=\"justify\" class=\"text1noticias\">Por ello han orquestado una  campa\u00f1a de descr\u00e9dito contra el candidato vise-presidencial reformista,  present\u00e1ndolo como que anduvo detr\u00e1s de Leonel y el PLD para que lo llevara  como su compa\u00f1ero de boleta. Seg\u00fan las informaciones que tengo vienen con una  campa\u00f1a de denuncia contra su administraci\u00f3n municipal e incluso hasta de tipo  personal. <\/p>\n<p>&#13;<\/p>\n<p align=\"justify\" class=\"text1noticias\">El candidato vise-presidencial  reformista no se merece esa campa\u00f1a de descr\u00e9dito montada por el\u00a0 gobierno y el PLD. El ha sido decente y  amable. Los se\u00f1ores del gobierno, en esa loca\u00a0  y apabullante carrera\u00a0 de  pretender irse en la primera vuelta, est\u00e1n tocando techo\u00a0 y se est\u00e1n \u00a0haciendo da\u00f1o, porque hay mentiras demasiadas  evidentes para el electorado.<\/p>\n<p>&#13;<\/p>\n<p align=\"justify\" class=\"text1noticias\">Dentro de esa estrategia  pelede\u00edsta vemos el anuncio dado a conocer por Tem\u00edstocles Montas a los medios  de comunicaci\u00f3n de Santiago de que\u00a0 una  encuesta \u00a0coloca al PLD por encima del 56  por ciento.\u00a0 Ante esta \u201crevelaci\u00f3n,\u201d la  mayor\u00eda de santiaguenses rieron a carcajadas. Cr\u00e9anme ha sido una risa, como  dir\u00eda Cesar Mella, piadosa, insensible que refleja burla o desprecio.<\/p>\n<p>&#13;<\/p>\n<p align=\"justify\" class=\"text1noticias\">Jos\u00e9 Enrique tiene la ventaja  que en cada barrio o paraje hay una obra hecha por el Ayuntamiento, obras que  en la mayor\u00eda de los casos han sido pedida por los lugare\u00f1os. \u00a0\u00a0El  gobierno con todo y su recuperaci\u00f3n econ\u00f3mica y los recursos que exhibe no hizo  nada por Santiago. En estos meses electorales se nota un inter\u00e9s en la  realizaci\u00f3n de algunas obras, pero el santiaguense es altanero y se la da de  inteligente, y no hay quien le meta gato por liebre, por ello es tan cambiante  en t\u00e9rmino electoral.<\/p>\n<p>&#13;<\/p>\n<p align=\"justify\" class=\"text1noticias\">Paren esa campa\u00f1a contra Jos\u00e9  Enrique sued, a largo y corto plazo, para la primera o segunda vuelta les har\u00e1  al PLD un da\u00f1o inconmensurable.<\/p>\n<p>&#13;<\/p>\n<p align=\"justify\" class=\"text1noticias\">EL AUTOR ES PERIODISTA (CDP),  CONSULTOR DE IMAGEN P\u00daBLICA, Y PTE. DE LA FUNDACI\u00d3N DOMINICO  PUERTORRIQUE\u00d1A.<\/p>\n<p>&#13;<\/p>\n<p align=\"justify\" class=\"text1noticias\">E mail\u00a0 frontera25_@hotmail.com<\/p>\n<p>&#13;<\/p>\n<h6> 2008-03-13 15:43:04 <\/h6>\n<p><!--\n<link rel=\"stylesheet\" href=\"css\/bootstrap.min.css\">\n\n\n<ul class=\"pagination\">\n\t    \n\t\n\n<li >\n\t<a href='?page_no=12197'>Previous<\/a>\n\t<\/li>\n\n\n       \n    \n\n<li><a href='?page_no=1'>1<\/a><\/li>\n\n\n\n<li><a href='?page_no=2'>2<\/a><\/li>\n\n\n\n<li><a>...<\/a><\/li>\n\n\n\n<li><a href='?page_no=12196'>12196<\/a><\/li>\n\n\n\n<li><a href='?page_no=12197'>12197<\/a><\/li>\n\n\n\n<li class='active'><a>12198<\/a><\/li>\n\n\n\n<li><a href='?page_no=12199'>12199<\/a><\/li>\n\n\n\n<li><a href='?page_no=12200'>12200<\/a><\/li>\n\n\n\n<li><a>...<\/a><\/li>\n\n\n\n<li><a href='?page_no=13611'>13611<\/a><\/li>\n\n\n\n<li><a href='?page_no=13612'>13612<\/a><\/li>\n\n    \n\t\n\n<li >\n\t<a href='?page_no=12199'>Next<\/a>\n\t<\/li>\n\n\n    \n\n<li><a href='?page_no=13612'>Last &rsaquo;&rsaquo;<\/a><\/li>\n\n<\/ul>\n\n\n--><br \/>\n<\/body><\/p>\n","protected":false},"excerpt":{"rendered":"<p>\u00bfPOR QU\u00c9 CONTRA JOS\u00c9 ENRIQUE SUED? &#13; Por Fernando Pe\u00f1a &#13; Tengo a\u00f1os que no converso con mi amigo el s\u00edndico de Santiago, Jos\u00e9 Enrique Sued, hoy candidato vise-presidencial del Partido Reformista Socialcristiano. Buena elecci\u00f3n de Amable Aristy Castro. Durante a\u00f1os mantuve un programa de televisi\u00f3n en \u00a0Santiago y nunca le solicite anuncio, ni he [&hellip;]<\/p>\n","protected":false},"author":3,"featured_media":0,"comment_status":"open","ping_status":"open","sticky":false,"template":"","format":"standard","meta":{"footnotes":""},"categories":[16],"tags":[],"class_list":["post-36323","post","type-post","status-publish","format-standard","hentry","category-opiniones"],"_links":{"self":[{"href":"https:\/\/diariodominicano.com\/index.php?rest_route=\/wp\/v2\/posts\/36323","targetHints":{"allow":["GET"]}}],"collection":[{"href":"https:\/\/diariodominicano.com\/index.php?rest_route=\/wp\/v2\/posts"}],"about":[{"href":"https:\/\/diariodominicano.com\/index.php?rest_route=\/wp\/v2\/types\/post"}],"author":[{"embeddable":true,"href":"https:\/\/diariodominicano.com\/index.php?rest_route=\/wp\/v2\/users\/3"}],"replies":[{"embeddable":true,"href":"https:\/\/diariodominicano.com\/index.php?rest_route=%2Fwp%2Fv2%2Fcomments&post=36323"}],"version-history":[{"count":0,"href":"https:\/\/diariodominicano.com\/index.php?rest_route=\/wp\/v2\/posts\/36323\/revisions"}],"wp:attachment":[{"href":"https:\/\/diariodominicano.com\/index.php?rest_route=%2Fwp%2Fv2%2Fmedia&parent=36323"}],"wp:term":[{"taxonomy":"category","embeddable":true,"href":"https:\/\/diariodominicano.com\/index.php?rest_route=%2Fwp%2Fv2%2Fcategories&post=36323"},{"taxonomy":"post_tag","embeddable":true,"href":"https:\/\/diariodominicano.com\/index.php?rest_route=%2Fwp%2Fv2%2Ftags&post=36323"}],"curies":[{"name":"wp","href":"https:\/\/api.w.org\/{rel}","templated":true}]}}