{"id":36322,"date":"2008-03-14T15:08:59","date_gmt":"2008-03-14T15:08:59","guid":{"rendered":"http:\/\/diariodominicano.ddns.net\/?p=36322"},"modified":"2008-03-14T15:08:59","modified_gmt":"2008-03-14T15:08:59","slug":"el-tiro-rapido-280","status":"publish","type":"post","link":"https:\/\/diariodominicano.com\/?p=36322","title":{"rendered":"EL TIRO R\u00c1PIDO"},"content":{"rendered":"<p><body><\/p>\n<p><span class=\"titulogrande1\">EL TIRO RAPIDO<\/span><br \/>&#13;<br \/>\n  <br \/>&#13;<br \/>\n    <strong>de<\/strong><br \/>&#13;<br \/>\n  <br \/>&#13;<br \/>\n  <span class=\"textogrande\">Mario Rivadulla<\/span><\/p>\n<p>&#13;<\/p>\n<p align=\"justify\" class=\"text1noticias\">El ingeniero Tem\u00ecstocles Mont\u00e0s,  una de las figuras m\u00e0s influyentes del gobierno y a quien se coloca a la cabeza  de su gabinete econ\u00f2mico, acaba de lanzar una dram\u00e0tica voz de alerta sobre lo  que califica de \u201csituaci\u00f2n terrible\u201d a que estar\u00eca abocado el pa\u00ecs.<\/p>\n<p>&#13;<\/p>\n<p align=\"justify\" class=\"text1noticias\">El sombr\u00eco pron\u00f2stico del  Secretario de Estado de Econom\u00eca, Planificaci\u00f2n y Desarrollo se fundamenta en  el disparo, al parecer irrefrenable, del precio internacional del petr\u00f2leo, y  de hecho de la canasta de diferentes combustibles que importamos.<\/p>\n<p>&#13;<\/p>\n<p align=\"justify\" class=\"text1noticias\">Meses atr\u00e0s, hubo algunos expertos  que pronosticaron la posibilidad de que el crudo alcanzase la barrera de los  cien d\u00f2lares antes de finalizar el a\u00f1o.\u00a0  La mayor\u00eca se resisti\u00f2 a aceptar una posibilidad tan funesta.\u00a0 Lamentablemente el presagio se ha  cumplido,\u00a0 y ya en los \u00f9ltimos d\u00ecas se ha  quedado corto.\u00a0 Ayer el crudo cerr\u00f2 a  casi ciento diez d\u00f2lares.\u00a0 Y ya se baraja  la posibilidad de que en pocos d\u00ecas m\u00e0s pudiera llegar a ciento veinte.\u00a0\u00a0 <\/p>\n<p>&#13;<\/p>\n<p align=\"justify\" class=\"text1noticias\">El alza desenfrenada del llamado  \u201coro negro\u201d ha trastornado la econom\u00eca mundial, con reflejos adversos que se  dejan sentir con fuerza en pr\u00e0cticamente todas las naciones, incluyendo las m\u00e0s  industrializadas y ricas del planeta.\u00a0  Pero los perjuicios, como es obvio, se sienten con m\u00e0s fuerza en los  pa\u00ecses en v\u00ecas de desarrollo, de econom\u00ecas limitadas, que resultan altamente  dependientes de su importaci\u00f2n.<\/p>\n<p>&#13;<\/p>\n<p align=\"justify\" class=\"text1noticias\">Tal es nuestro caso.\u00a0 Desde mucho antes, ya la factura petrolera  representaba la mayor erogaci\u00f2n en divisas del pa\u00ecs.\u00a0 Esta situaci\u00f2n se ha ido agudizando en la  medida en que aumenta el precio internacional. Pero en adici\u00f2n ha ido  igualmente incidiendo de manera negativa en los diferentes sectores de la  econom\u00eca, incrementando sus costos y rest\u00e0ndoles competitividad, al tiempo que  afectando la calidad de vida de la poblaci\u00f2n.<\/p>\n<p>&#13;<\/p>\n<p align=\"justify\" class=\"text1noticias\">Si \u00e8sta no se ha deteriorado m\u00e0s  es gracias a la pol\u00ectica de subsidios mantenida por el gobierno, principalmente  en la energ\u00eca el\u00e8ctrica y el gas licuado de petr\u00f2leo.\u00a0 Tan solo por este concepto, la carga  presupuestada para el presente a\u00f1o se fij\u00f2, siempre de acuerdo con el Fondo  Monetario Internacional, en m\u00e0s de 800 millones de d\u00f2lares.<\/p>\n<p>&#13;<\/p>\n<p align=\"justify\" class=\"text1noticias\">Pero esa cantidad resulta ahora  insuficiente a la luz de las \u00f9ltimas alzas en el precio del petr\u00f2leo.\u00a0 Tanto as\u00ec que de acuerdo a las estimaciones  que cita el ingeniero Mont\u00e0s, de seguir la tendencia alcista actual y alcanzar  la barrera de los ciento veinte d\u00f2lares el barril, el subsidio a la energ\u00eca  el\u00e8ctrica se disparar\u00eca hasta llegar a mil 200 millones de d\u00f2lares.\u00a0 Es decir,\u00a0  un cincuenta porciento m\u00e0s de la provisi\u00f2n que se hizo para el presente  a\u00f1o.<\/p>\n<p>&#13;<\/p>\n<p align=\"justify\" class=\"text1noticias\">Salta a la vista, sin necesidad de  recordatorios por parte del ingeniero Mont\u00e0s, que el Estado no puede absorber  un incremento de ese monto.\u00a0 Y que frente  a tal eventualidad, salvo que encontremos la varita m\u00e0gica hacedora de  milagros, la diferencia entre el subsidio actual y el incremento del costo en  la factura el\u00e8ctrica tendr\u00eca que ser soportado por los usuarios.<\/p>\n<p>&#13;<\/p>\n<p align=\"justify\" class=\"text1noticias\">Dicen que guerra avisada, no mata  soldado.\u00a0 Lamentablemente la previsi\u00f2n no  ha figurado nunca entre nuestras cualidades m\u00e0s distintivas.\u00a0 Nuestros gobiernos no han escapado a esa  tendencia a la imprevisi\u00f2n.\u00a0 En todos  estos a\u00f1os, no se hicieron reales esfuerzos por preparar y poner el pa\u00ecs a  cubierto de eventualidades adversas que se ven\u00ecan venir.\u00a0 Hemos dejado pasar casi tres d\u00e8cadas sin  preocuparnos y ocuparnos de desarrollar fuentes alternativas de energia,  promover pol\u00ecticas oficiales de austeridad y fomentar una cultura social de ahorro,  sobre todo en el campo energ\u00e8tico.\u00a0 Hemos  vivido derrochando como si fu\u00e8semos un pa\u00ecs rico. Ahora nos toca pagar las  consecuencias.<\/p>\n<p>&#13;<\/p>\n<p align=\"justify\" class=\"text1noticias\">Una vez m\u00e0s insistimos en la  necesidad de meter el pie en el acelerador para imprimir mayor dinamismo al  fomento de nuestras fuentes alternativas de energia. Pero al mismo tiempo, en  la necesidad de promover el uso racional y el ahorro de combustibles.\u00a0 En adoptar las necesarias medidas de  austeridad que otras sociedades, incluyendo las m\u00e0s ricas, est\u00e0n poniendo en  pr\u00e0ctica.\u00a0 Es un tema que nos involucra a  todos y que debe quedar al margen de cualquier min\u00f9sculo y oportunista debate  partidario para convertirse en compromiso y cruzada de todos.<\/p>\n<p>&#13;<\/p>\n<p align=\"justify\" class=\"text1noticias\">Es hora de que entendamos de que  no hay otra alternativa.\u00a0 Porque el  precio del petr\u00f2leo es una situaci\u00f2n que escapa a nuestras manos, deseo,  inter\u00e8s y voluntad.\u00a0 Y que o lo  enfrentamos con criterio realista apret\u00e0ndonos el cinto, o padeceremos esa  situaci\u00f2n terrible que advierte el ingeniero Mont\u00e0s a cuyas puertas  pr\u00e0cticamente ya nos encontramos.<\/p>\n<p>&#13;<\/p>\n<h6> 2008-03-14 15:08:59 <\/h6>\n<p><!--\n<link rel=\"stylesheet\" href=\"css\/bootstrap.min.css\">\n\n\n<ul class=\"pagination\">\n\t    \n\t\n\n<li >\n\t<a href='?page_no=12196'>Previous<\/a>\n\t<\/li>\n\n\n       \n    \n\n<li><a href='?page_no=1'>1<\/a><\/li>\n\n\n\n<li><a href='?page_no=2'>2<\/a><\/li>\n\n\n\n<li><a>...<\/a><\/li>\n\n\n\n<li><a href='?page_no=12195'>12195<\/a><\/li>\n\n\n\n<li><a href='?page_no=12196'>12196<\/a><\/li>\n\n\n\n<li class='active'><a>12197<\/a><\/li>\n\n\n\n<li><a href='?page_no=12198'>12198<\/a><\/li>\n\n\n\n<li><a href='?page_no=12199'>12199<\/a><\/li>\n\n\n\n<li><a>...<\/a><\/li>\n\n\n\n<li><a href='?page_no=13611'>13611<\/a><\/li>\n\n\n\n<li><a href='?page_no=13612'>13612<\/a><\/li>\n\n    \n\t\n\n<li >\n\t<a href='?page_no=12198'>Next<\/a>\n\t<\/li>\n\n\n    \n\n<li><a href='?page_no=13612'>Last &rsaquo;&rsaquo;<\/a><\/li>\n\n<\/ul>\n\n\n--><br \/>\n<\/body><\/p>\n","protected":false},"excerpt":{"rendered":"<p>EL TIRO RAPIDO&#13; &#13; de&#13; &#13; Mario Rivadulla &#13; El ingeniero Tem\u00ecstocles Mont\u00e0s, una de las figuras m\u00e0s influyentes del gobierno y a quien se coloca a la cabeza de su gabinete econ\u00f2mico, acaba de lanzar una dram\u00e0tica voz de alerta sobre lo que califica de \u201csituaci\u00f2n terrible\u201d a que estar\u00eca abocado el pa\u00ecs. &#13; [&hellip;]<\/p>\n","protected":false},"author":3,"featured_media":0,"comment_status":"open","ping_status":"open","sticky":false,"template":"","format":"standard","meta":{"footnotes":""},"categories":[16],"tags":[],"class_list":["post-36322","post","type-post","status-publish","format-standard","hentry","category-opiniones"],"_links":{"self":[{"href":"https:\/\/diariodominicano.com\/index.php?rest_route=\/wp\/v2\/posts\/36322","targetHints":{"allow":["GET"]}}],"collection":[{"href":"https:\/\/diariodominicano.com\/index.php?rest_route=\/wp\/v2\/posts"}],"about":[{"href":"https:\/\/diariodominicano.com\/index.php?rest_route=\/wp\/v2\/types\/post"}],"author":[{"embeddable":true,"href":"https:\/\/diariodominicano.com\/index.php?rest_route=\/wp\/v2\/users\/3"}],"replies":[{"embeddable":true,"href":"https:\/\/diariodominicano.com\/index.php?rest_route=%2Fwp%2Fv2%2Fcomments&post=36322"}],"version-history":[{"count":0,"href":"https:\/\/diariodominicano.com\/index.php?rest_route=\/wp\/v2\/posts\/36322\/revisions"}],"wp:attachment":[{"href":"https:\/\/diariodominicano.com\/index.php?rest_route=%2Fwp%2Fv2%2Fmedia&parent=36322"}],"wp:term":[{"taxonomy":"category","embeddable":true,"href":"https:\/\/diariodominicano.com\/index.php?rest_route=%2Fwp%2Fv2%2Fcategories&post=36322"},{"taxonomy":"post_tag","embeddable":true,"href":"https:\/\/diariodominicano.com\/index.php?rest_route=%2Fwp%2Fv2%2Ftags&post=36322"}],"curies":[{"name":"wp","href":"https:\/\/api.w.org\/{rel}","templated":true}]}}