{"id":36321,"date":"2008-03-16T23:15:29","date_gmt":"2008-03-16T23:15:29","guid":{"rendered":"http:\/\/diariodominicano.ddns.net\/?p=36321"},"modified":"2008-03-16T23:15:29","modified_gmt":"2008-03-16T23:15:29","slug":"profeta-o-incansable-trabajador-politico","status":"publish","type":"post","link":"https:\/\/diariodominicano.com\/?p=36321","title":{"rendered":"Profeta o incansable trabajador pol\u00edtico"},"content":{"rendered":"<p><body><\/p>\n<p><strong class=\"titulogrande1\">Profeta o incansable trabajador pol\u00edtico<\/strong><br \/>&#13;<br \/>\n  <br \/>&#13;<br \/>\n    <strong>Por:<\/strong> <span class=\"textogrande\">Mayobanex De Jes\u00fas Laurens<\/span><\/p>\n<p>&#13;<\/p>\n<p align=\"justify\" class=\"text1noticias\">La  segunda mitad del a\u00f1o 2007 ha sido uno de los peores per\u00edodos por los que ha  atravesado el presente gobierno que encabeza el doctor Leonel Fern\u00e1ndez Reyna.  Los meses de junio, julio, agosto y septiembre fueron de movimientos de  protestas, alta delincuencia, falta de agua y ataques permanentes de la  oposici\u00f3n pol\u00edtica.<\/p>\n<p>&#13;<\/p>\n<p align=\"justify\" class=\"text1noticias\">Ya para  el mes de agosto, las encuestas sobre preferencias electorales, la valoraci\u00f3n  del gobierno y del presidente comenzaban a salir en los principales peri\u00f3dicos  de circulaci\u00f3n nacional. La prestigiosa firma encuestadora Gallup daba a  conocer su primera entrega de estos trabajos en el\u00a0 peri\u00f3dico Hoy.<\/p>\n<p>&#13;<\/p>\n<p align=\"justify\" class=\"text1noticias\">Los  resultados crearon nerviosismo en el Partido de la Liberaci\u00f3n Dominicana y en  todo el gabinete presidencial. En ese entonces, los porcentajes de simpat\u00edas  eran los siguientes: Leonel Fern\u00e1ndez 42%, Miguel Vargas 35% y Amable Aristy  Aristy 14%.<\/p>\n<p>&#13;<\/p>\n<p align=\"justify\" class=\"text1noticias\">Perrede\u00edstas  y reformistas celebraban jubilosos los resultados de esa encuesta. Vociferaban  por todos los medios diciendo que el gobierno de Leonel Fern\u00e1ndez fracas\u00f3 y que  los pelede\u00edstas \u201cde que se van se van\u201d.<\/p>\n<p>&#13;<\/p>\n<p align=\"justify\" class=\"text1noticias\">En esos  d\u00edas fui invitado a un encuentro con\u00a0 un  grupo de comunicadores que nos reunimos en el Hotel Clari\u00f3n de Santo Domingo, y  all\u00ed estaba como invitado el licenciado Francisco Javier Garc\u00eda, quien iba a  exponer sobre la encuesta Gallup-Hoy y las perspectivas del PLD para las  pr\u00f3ximas elecciones del 16 de mayo.<\/p>\n<p>&#13;<\/p>\n<p align=\"justify\" class=\"text1noticias\">Javier  Garc\u00eda comenz\u00f3 su ponencia analizando a fondo los resultados de la encuesta  Gallup de agosto, dados a conocer por el prestigioso peri\u00f3dico Hoy. Hizo una  comparaci\u00f3n con anteriores encuestas, valor\u00f3 los datos relativos a la econom\u00eda  dominicana y\u00a0 se\u00f1al\u00f3 aspectos que el  sondeo trajo, pero que a su entender en el diario no fueron resaltados como  otros datos publicados.<\/p>\n<p>&#13;<\/p>\n<p align=\"justify\" class=\"text1noticias\">Sus  palabras eran escuchadas por toda la audiencia con extremo silencio. En los  presentes se pod\u00eda notar el poco optimismo que despertaban los an\u00e1lisis sobre  la encuesta del jefe de campa\u00f1a del PLD. Francisco Javier Garc\u00eda, luego entr\u00f3  en detalles sobre el tipo de campa\u00f1a que se propondr\u00eda realizar el Partido de  la Liberaci\u00f3n Dominicana.<\/p>\n<p>&#13;<\/p>\n<p align=\"justify\" class=\"text1noticias\">Habl\u00f3  de los spots publicitarios que saldr\u00edan. Hizo referencia a los actos de masas  que har\u00eda el candidato y los preparativos para el acto de proclamaci\u00f3n de la  candidatura de Fern\u00e1ndez, que luego tuvo que ser pospuesta en dos ocasiones por  el paso de las tormentas Noel y Olga.<\/p>\n<p>&#13;<\/p>\n<p align=\"justify\" class=\"text1noticias\">El  coordinador de campa\u00f1a pelede\u00edsta hizo comparaciones de las cualidades de los  candidatos. Sac\u00f3 a relucir lo que \u00e9l entend\u00eda que eran ventajas para el  candidato del PLD, y garantizaba que cuando el partido saliera a las calles las  cosas iban a cambiar de inmediato en el panorama electoral dominicano.<\/p>\n<p>&#13;<\/p>\n<p align=\"justify\" class=\"text1noticias\">Francisco  Javier Garc\u00eda nos dijo, en el conversatorio de referencia, lo siguiente: \u201cyo  les aseguro a ustedes que para el\u00a0 mes de  enero del pr\u00f3ximo a\u00f1o, Leonel estar\u00e1 posicionado en las encuestas por encima  del 50%. Para marzo estaremos sobre el 55% y comprometo mi palabra ante ustedes  garantiz\u00e1ndoles que el presidente Fern\u00e1ndez ganar\u00e1 las elecciones  presidenciales de mayo pr\u00f3ximo con m\u00e1s del 60%.<\/p>\n<p>&#13;<\/p>\n<p align=\"justify\" class=\"text1noticias\">Las  palabras del coordinador de campa\u00f1a pelede\u00edsta provocaron aplausos acalorados  y\u00a0 los presentes nos pusimos de pies  durante unos minutos. Esa noche me qued\u00e9 en Santo Domingo y en la cama me puse  a meditar sobre las palabras de Javier Garc\u00eda, entre la duda, el optimismo y la  realidad de las noticias negativas que estaba mirando y escuchando en la  televisi\u00f3n.<\/p>\n<p>&#13;<\/p>\n<p align=\"justify\" class=\"text1noticias\">No creo  que el fogoso dirigente, miembro del comit\u00e9 pol\u00edtico del PLD, tenga el don de  ser profeta. La realidad es que es un trabajador a tiempo completo, conoce a la  perfecci\u00f3n el trabajo que desempe\u00f1a y su experiencia partidaria lo ha ligado a  la realidad pol\u00edtica dominicana, cosas que le destacan y lo catapultan como un  gran jefe de campa\u00f1a.<\/p>\n<p>&#13;<\/p>\n<p align=\"justify\" class=\"text1noticias\">Lo  ocurrido con las encuestas a partir de enero del presente a\u00f1o es de todos  conocidos. Las predicciones de Francisco Javier Garc\u00eda se han ido cumpliendo  sobre la marcha de la campa\u00f1a. Las predicciones para mayo le confirmar\u00e1n sus  dotes de gran jefe de campa\u00f1a.<\/p>\n<p>&#13;<\/p>\n<h6> 2008-03-16 23:15:29 <\/h6>\n<p><!--\n<link rel=\"stylesheet\" href=\"css\/bootstrap.min.css\">\n\n\n<ul class=\"pagination\">\n\t    \n\t\n\n<li >\n\t<a href='?page_no=12195'>Previous<\/a>\n\t<\/li>\n\n\n       \n    \n\n<li><a href='?page_no=1'>1<\/a><\/li>\n\n\n\n<li><a href='?page_no=2'>2<\/a><\/li>\n\n\n\n<li><a>...<\/a><\/li>\n\n\n\n<li><a href='?page_no=12194'>12194<\/a><\/li>\n\n\n\n<li><a href='?page_no=12195'>12195<\/a><\/li>\n\n\n\n<li class='active'><a>12196<\/a><\/li>\n\n\n\n<li><a href='?page_no=12197'>12197<\/a><\/li>\n\n\n\n<li><a href='?page_no=12198'>12198<\/a><\/li>\n\n\n\n<li><a>...<\/a><\/li>\n\n\n\n<li><a href='?page_no=13611'>13611<\/a><\/li>\n\n\n\n<li><a href='?page_no=13612'>13612<\/a><\/li>\n\n    \n\t\n\n<li >\n\t<a href='?page_no=12197'>Next<\/a>\n\t<\/li>\n\n\n    \n\n<li><a href='?page_no=13612'>Last &rsaquo;&rsaquo;<\/a><\/li>\n\n<\/ul>\n\n\n--><br \/>\n<\/body><\/p>\n","protected":false},"excerpt":{"rendered":"<p>Profeta o incansable trabajador pol\u00edtico&#13; &#13; Por: Mayobanex De Jes\u00fas Laurens &#13; La segunda mitad del a\u00f1o 2007 ha sido uno de los peores per\u00edodos por los que ha atravesado el presente gobierno que encabeza el doctor Leonel Fern\u00e1ndez Reyna. Los meses de junio, julio, agosto y septiembre fueron de movimientos de protestas, alta delincuencia, [&hellip;]<\/p>\n","protected":false},"author":3,"featured_media":0,"comment_status":"open","ping_status":"open","sticky":false,"template":"","format":"standard","meta":{"footnotes":""},"categories":[16],"tags":[],"class_list":["post-36321","post","type-post","status-publish","format-standard","hentry","category-opiniones"],"_links":{"self":[{"href":"https:\/\/diariodominicano.com\/index.php?rest_route=\/wp\/v2\/posts\/36321","targetHints":{"allow":["GET"]}}],"collection":[{"href":"https:\/\/diariodominicano.com\/index.php?rest_route=\/wp\/v2\/posts"}],"about":[{"href":"https:\/\/diariodominicano.com\/index.php?rest_route=\/wp\/v2\/types\/post"}],"author":[{"embeddable":true,"href":"https:\/\/diariodominicano.com\/index.php?rest_route=\/wp\/v2\/users\/3"}],"replies":[{"embeddable":true,"href":"https:\/\/diariodominicano.com\/index.php?rest_route=%2Fwp%2Fv2%2Fcomments&post=36321"}],"version-history":[{"count":0,"href":"https:\/\/diariodominicano.com\/index.php?rest_route=\/wp\/v2\/posts\/36321\/revisions"}],"wp:attachment":[{"href":"https:\/\/diariodominicano.com\/index.php?rest_route=%2Fwp%2Fv2%2Fmedia&parent=36321"}],"wp:term":[{"taxonomy":"category","embeddable":true,"href":"https:\/\/diariodominicano.com\/index.php?rest_route=%2Fwp%2Fv2%2Fcategories&post=36321"},{"taxonomy":"post_tag","embeddable":true,"href":"https:\/\/diariodominicano.com\/index.php?rest_route=%2Fwp%2Fv2%2Ftags&post=36321"}],"curies":[{"name":"wp","href":"https:\/\/api.w.org\/{rel}","templated":true}]}}