{"id":36320,"date":"2008-03-17T16:08:25","date_gmt":"2008-03-17T16:08:25","guid":{"rendered":"http:\/\/diariodominicano.ddns.net\/?p=36320"},"modified":"2008-03-17T16:08:25","modified_gmt":"2008-03-17T16:08:25","slug":"el-tiro-rapido-279","status":"publish","type":"post","link":"https:\/\/diariodominicano.com\/?p=36320","title":{"rendered":"EL TIRO R\u00c1PIDO"},"content":{"rendered":"<p><body><\/p>\n<p><span class=\"titulogrande1\">EL TIRO R\u00c1PIDO<\/span><br \/>&#13;<br \/>\n  <br \/>&#13;<br \/>\n    <strong>de<\/strong><br \/>&#13;<br \/>\n  <br \/>&#13;<br \/>\n  <span class=\"textogrande\">Mario Rivadulla<\/span><\/p>\n<p>&#13;<\/p>\n<p align=\"justify\" class=\"text1noticias\">La informaci\u00f2n, por decepcionante,  merec\u00eca titular principal de portada en los medios de prensa escritos y  peri\u00f2dicos digitales as\u00ec como sendas notas editoriales.\u00a0 Tambi\u00e8n que se dejara sentir con fuerza en  los noticiarios y programas de opini\u00f2n televisivos y radiales.<\/p>\n<p>&#13;<\/p>\n<p align=\"justify\" class=\"text1noticias\">En d\u00ecas recientes se efectu\u00f2 en la  capital un coloquio sobre \u201cPol\u00ecticas para la Educaci\u00f2n Superior y la  Competitividad\u201d, organizado por la Asociaci\u00f2n Dominicana de Rectores  Universitarios.\u00a0 En el mismo participaron,  entre otros, los representantes de los partidos de la Liberaci\u00f2n Dominicana,  Revolucionario Dominicano, Reformista Social Cristiano y el Revolucionario  Social Dem\u00f2crata.<\/p>\n<p>&#13;<\/p>\n<p align=\"justify\" class=\"text1noticias\">Entre \u00e8stos, figuraron conocidas  figuras de larga vinculaci\u00f2n y vasta experiencia en el \u00e0rea docente como las ex  Secretarias de Educaci\u00f2n Ivelisse Prats de P\u00e8rez y Ligia Amada Melo, titular al  presente de la Secretar\u00eca de Educaci\u00f2n Superior, Ciencia y Tecnolog\u00eca.<\/p>\n<p>&#13;<\/p>\n<p align=\"justify\" class=\"text1noticias\">Los aportes de los participantes  fueron valiosos, la conclusi\u00f2n a que llegaron en cambio result\u00f2 tan penosa como  frustrante.\u00a0 Aqu\u00ec donde resulta tan  cuesta arriba lograr una opini\u00f2n uniforme entre dirigentes de diferentes  corrientes partidarias sobre temas de inter\u00e8s nacional, hubo coincidencia sin  embargo en que la clase pol\u00ectica no est\u00e0 lista para asumir un acuerdo dirigido  a garantizar la continuidad de pol\u00ecticas en el sector educativo.\u00a0 <\/p>\n<p>&#13;<\/p>\n<p align=\"justify\" class=\"text1noticias\">La opini\u00f2n menos desalentadora en  este sentido la extern\u00f2 Ligia Amada Melo al se\u00f1alar que resulta muy dif\u00eccil  suscribir un compromiso de esa naturaleza en plena campa\u00f1a electoral.\u00a0 La funcionaria, quien asisti\u00f2 en  representaci\u00f2n del partido de gobierno, plantea retomar el tema una vez pasado  el 16 de Mayo.<\/p>\n<p>&#13;<\/p>\n<p align=\"justify\" class=\"text1noticias\">Se ha dicho y repetido hasta el  cansancio lo que constituye una verdad de a pu\u00f1o. Esto es que no hay ni la m\u00e0s  remota posibilidad de alcanzar niveles de progreso para el pa\u00ecs que permitan  elevar la calidad de vida de los dominicanos y acceder a un razonable bienestar  colectivo, si no impulsamos vigorosamente la educaci\u00f2n.<\/p>\n<p>&#13;<\/p>\n<p align=\"justify\" class=\"text1noticias\">Recursos humanos calificados,  dotados de conocimientos y habilidades t\u00e8cnicas y profesionales, constituyen el  m\u00e0s importante activo de toda sociedad.\u00a0  Es tambi\u00e8n la herramienta m\u00e0s valiosa con que cuenta un pa\u00ecs para  promover su\u00a0 desarrollo.\u00a0 Mucho m\u00e0s en esta \u00e8poca de globalizaci\u00f2n y  creciente competitividad. <\/p>\n<p>&#13;<\/p>\n<p align=\"justify\" class=\"text1noticias\">Lo cierto es que todav\u00eca estamos  muy rezagados en materia de educaci\u00f2n.\u00a0  Cada vez que se divulgan estad\u00ecsticas internacionales al respecto, nos  golpea en el rostro la realidad de nuestro atraso en este campo.\u00a0 Es una realidad que conoce la clase pol\u00ectica,  pero que lamentablemente parece solo interesarle como material de cr\u00ectica y  promesa de campa\u00f1a.<\/p>\n<p>&#13;<\/p>\n<p align=\"justify\" class=\"text1noticias\">El m\u00e0s m\u00ecnimo sentido de  racionalidad debiera motivarnos a hacer de la educaci\u00f2n un compromiso nacional  a largo plazo que trascienda los afanes partidarios y los per\u00ecodos de  gobierno.\u00a0 A la clase pol\u00ectica le  corresponde tomar la iniciativa. Lamentable, reiteramos, que muestre tan poca  disposici\u00f2n en hacerlo evidenciando una penosa falta de visi\u00f2n.\u00a0 Pero el pleno de la sociedad, por su parte, y  en particular el sector productivo cuyo desarrollo descansa en gran medida en  disponer de personal calificado, tiene por su lado que ejercer presi\u00f2n en esa  direcci\u00f2n.<\/p>\n<p>&#13;<\/p>\n<p align=\"justify\" class=\"text1noticias\">Es posible que a la doctora Ligia  Amada le asista raz\u00f2n cuando se\u00f1ala que en plena campa\u00f1a electoral que entra en  su fase final, resulta imposible arribar a un acuerdo entre los partidos que  garantice la continuidad una efectiva pol\u00ectica educativa.<\/p>\n<p>&#13;<\/p>\n<p align=\"justify\" class=\"text1noticias\">Queremos creerlo as\u00ec, a\u00f9n a riesgo  de pecar de ilusos, y tambi\u00e8n alentar la esperanza de que el tema pueda ser  retomado una vez que pase el 16 de Mayo, si en definitiva acabamos de entender  y asumir que el inter\u00e8s de la naci\u00f2n debe primar siempre por encima de los  partidarios y personales. <\/p>\n<p>&#13;<\/p>\n<h6> 2008-03-17 16:08:25 <\/h6>\n<p><!--\n<link rel=\"stylesheet\" href=\"css\/bootstrap.min.css\">\n\n\n<ul class=\"pagination\">\n\t    \n\t\n\n<li >\n\t<a href='?page_no=12194'>Previous<\/a>\n\t<\/li>\n\n\n       \n    \n\n<li><a href='?page_no=1'>1<\/a><\/li>\n\n\n\n<li><a href='?page_no=2'>2<\/a><\/li>\n\n\n\n<li><a>...<\/a><\/li>\n\n\n\n<li><a href='?page_no=12193'>12193<\/a><\/li>\n\n\n\n<li><a href='?page_no=12194'>12194<\/a><\/li>\n\n\n\n<li class='active'><a>12195<\/a><\/li>\n\n\n\n<li><a href='?page_no=12196'>12196<\/a><\/li>\n\n\n\n<li><a href='?page_no=12197'>12197<\/a><\/li>\n\n\n\n<li><a>...<\/a><\/li>\n\n\n\n<li><a href='?page_no=13611'>13611<\/a><\/li>\n\n\n\n<li><a href='?page_no=13612'>13612<\/a><\/li>\n\n    \n\t\n\n<li >\n\t<a href='?page_no=12196'>Next<\/a>\n\t<\/li>\n\n\n    \n\n<li><a href='?page_no=13612'>Last &rsaquo;&rsaquo;<\/a><\/li>\n\n<\/ul>\n\n\n--><br \/>\n<\/body><\/p>\n","protected":false},"excerpt":{"rendered":"<p>EL TIRO R\u00c1PIDO&#13; &#13; de&#13; &#13; Mario Rivadulla &#13; La informaci\u00f2n, por decepcionante, merec\u00eca titular principal de portada en los medios de prensa escritos y peri\u00f2dicos digitales as\u00ec como sendas notas editoriales.\u00a0 Tambi\u00e8n que se dejara sentir con fuerza en los noticiarios y programas de opini\u00f2n televisivos y radiales. &#13; En d\u00ecas recientes se efectu\u00f2 [&hellip;]<\/p>\n","protected":false},"author":3,"featured_media":0,"comment_status":"open","ping_status":"open","sticky":false,"template":"","format":"standard","meta":{"footnotes":""},"categories":[16],"tags":[],"class_list":["post-36320","post","type-post","status-publish","format-standard","hentry","category-opiniones"],"_links":{"self":[{"href":"https:\/\/diariodominicano.com\/index.php?rest_route=\/wp\/v2\/posts\/36320","targetHints":{"allow":["GET"]}}],"collection":[{"href":"https:\/\/diariodominicano.com\/index.php?rest_route=\/wp\/v2\/posts"}],"about":[{"href":"https:\/\/diariodominicano.com\/index.php?rest_route=\/wp\/v2\/types\/post"}],"author":[{"embeddable":true,"href":"https:\/\/diariodominicano.com\/index.php?rest_route=\/wp\/v2\/users\/3"}],"replies":[{"embeddable":true,"href":"https:\/\/diariodominicano.com\/index.php?rest_route=%2Fwp%2Fv2%2Fcomments&post=36320"}],"version-history":[{"count":0,"href":"https:\/\/diariodominicano.com\/index.php?rest_route=\/wp\/v2\/posts\/36320\/revisions"}],"wp:attachment":[{"href":"https:\/\/diariodominicano.com\/index.php?rest_route=%2Fwp%2Fv2%2Fmedia&parent=36320"}],"wp:term":[{"taxonomy":"category","embeddable":true,"href":"https:\/\/diariodominicano.com\/index.php?rest_route=%2Fwp%2Fv2%2Fcategories&post=36320"},{"taxonomy":"post_tag","embeddable":true,"href":"https:\/\/diariodominicano.com\/index.php?rest_route=%2Fwp%2Fv2%2Ftags&post=36320"}],"curies":[{"name":"wp","href":"https:\/\/api.w.org\/{rel}","templated":true}]}}