{"id":36319,"date":"2008-03-17T16:14:35","date_gmt":"2008-03-17T16:14:35","guid":{"rendered":"http:\/\/diariodominicano.ddns.net\/?p=36319"},"modified":"2008-03-17T16:14:35","modified_gmt":"2008-03-17T16:14:35","slug":"miguel-vargas-reflexion-al-pais-con-motivo-de-la-semana-santa","status":"publish","type":"post","link":"https:\/\/diariodominicano.com\/?p=36319","title":{"rendered":"Miguel Vargas: Reflexi\u00f3n al pa\u00eds con motivo de la Semana Santa"},"content":{"rendered":"<p><body><\/p>\n<p class=\"titulogrande1\"><strong>Miguel Vargas: Reflexi\u00f3n al pa\u00eds con motivo  de la Semana Santa<\/strong><\/p>\n<p>&#13;<\/p>\n<p align=\"justify\" class=\"text1noticias\">Con motivo  de Semana Santa, es propicia la ocasi\u00f3n para reflexionar sobre si lo que hoy  tenemos como gobierno es lo que conviene a la mayor\u00eda nacional o si por el  contrario la situaci\u00f3n del pa\u00eds amerita un cambio de rumbo y un adecentamiento  en el manejo de los fondos p\u00fablicos, por parte del grupo que ejerza el control  del Estado. <\/p>\n<p>&#13;<\/p>\n<p align=\"justify\" class=\"text1noticias\">En este  sentido, todo aquel que entiende que su situaci\u00f3n es buena optar\u00e1 porque \u00a0la situaci\u00f3n presente contin\u00fae; los primeros  que son partidarios de esa posici\u00f3n son los funcionarios de este gobierno. Como  es natural la mayor\u00eda nacional sometida a los rigores de la pobreza y a una  crisis econ\u00f3mica, sin precedentes, estar\u00e1 opuesta a la reelecci\u00f3n y al grupo gobernante  que ha contribuido a la profundizaci\u00f3n de la misma. <\/p>\n<p>&#13;<\/p>\n<p align=\"justify\" class=\"text1noticias\">Ante esta  realidad el pueblo, que es inteligente, \u00a0ha  tomado la decisi\u00f3n de cambiar de gobierno para mejorar su situaci\u00f3n y sus  condiciones de vida. La actitud de la gente favorable al cambio se viene \u00a0demostrando en todo el pa\u00eds con el respaldo  que est\u00e1 recibiendo la candidatura del Ing. Miguel Vargas en los recorridos que  esta realizando \u00a0en toda la geograf\u00eda  nacional. <\/p>\n<p>&#13;<\/p>\n<p align=\"justify\" class=\"text1noticias\">Los  recorridos realizados en estas ultimas semanas en las principales provincias  del pa\u00eds as\u00ed lo confirman, debido al respaldo multitudinario, no s\u00f3lo de las  personas que van a las caminatas pol\u00edticas, sino tambi\u00e9n por el entusiasmo que  se advierte a favor del candidato al pasar frente a las casas y los callejones \u00a0por donde se desplaza en sus recorridos. <\/p>\n<p>&#13;<\/p>\n<p align=\"justify\" class=\"text1noticias\">Para nadie  es un secreto que la naci\u00f3n dominicana\u00a0 y  sus gentes est\u00e1n muy preocupadas por la inestabilidad social y econ\u00f3mica que est\u00e1n  viviendo en la actualidad. La\u00a0  inestabilidad econ\u00f3mica se traduce en falta de alternativas\u00a0 en el aspecto social y econ\u00f3mico para la mayor\u00eda  de las familias y sus miembros, ya que la misma se traduce en el aumento de la  criminalidad que hoy registra toda la naci\u00f3n dominicana, a esto debemos  sumarles los conflictos sociales que genera la situaci\u00f3n econ\u00f3mica precaria que  hoy padecemos\u00a0 y que no permite ninguna  posibilidad de mejor\u00eda, con este gobierno, a los dominicanos pobres y de clases  medias.<\/p>\n<p>&#13;<\/p>\n<p align=\"justify\" class=\"text1noticias\">La realidad  que vive el pa\u00eds, en la actualidad, es un proceso electoral en la que el  gobierno ha asumido el control de los medios de comunicaci\u00f3n en m\u00e1s de un 95%,  con el objetivo de eliminar las voces disidentes de la oposici\u00f3n pol\u00edtica,\u00a0 pero sobre todo el inter\u00e9s del gobierno es  controlar los medios para difundir encuestas favorables a sus intereses pol\u00edticos. <\/p>\n<p>&#13;<\/p>\n<p align=\"justify\" class=\"text1noticias\">Con esta  forma de manipulaci\u00f3n de las encuestas y de la opini\u00f3n publica busca  distorsionar la realidad electoral para vender la idea de que ya ganaron y que  se van en primera vuelta. Esa mentira la repiten de forma reiterada, sin  embargo la realidad electoral de la reelecci\u00f3n, es que su posici\u00f3n de cara a  las elecciones es un segundo lugar, ya que el primer lugar en la intenci\u00f3n del  voto lo ocupa la candidatura del Ing. Miguel Vargas, es decir la posici\u00f3n  electoral del gobierno esta muy lejos de lo que \u00e9ste dice a trav\u00e9s de los  medios de comunicaci\u00f3n.<\/p>\n<p>&#13;<\/p>\n<p align=\"justify\" class=\"text1noticias\">Los  dominicanos debemos reflexionar, en este proceso electoral, para que nos demos  cuenta que el pragmatismo y el clientelismo han terminado imponi\u00e9ndose en la  actividad pol\u00edtica, donde el dinero, las compras de consciencias y la demagogia  han venido desnaturalizando esta actividad. A esa actitud da\u00f1ina debemos ponerle  frenos para el buen funcionamiento de la democracia, ya que si continuamos  da\u00f1ando la imagen y la credibilidad de nuestro sistema pol\u00edtico y de las  instituciones del Estado, cada d\u00eda tendremos una democracia menos funcional,  por eso debemos ponerle freno a esta situaci\u00f3n el pr\u00f3ximo 16 de mayo cuando  vayamos a votar para cambiar el rumbo de improvisaci\u00f3n, despilfarros y desorden  que caracteriza a este gobierno.<\/p>\n<p>&#13;<\/p>\n<p align=\"justify\" class=\"text1noticias\">El programa de la productora de televisi\u00f3n  Nuria Piera, con la nomina paralela que present\u00f3, y que paga el gobierno a  personas que no trabajan y que por tanto no cumplen ninguna funci\u00f3n productiva  en el Estado, viene a demostrar la forma alegre como este gobierno usa el  dinero de los contribuyentes, sin ning\u00fan reparo y s\u00f3lo orientado al inter\u00e9s de  beneficiar al grupo reeleccionista.<\/p>\n<p>&#13;<\/p>\n<p align=\"justify\" class=\"text1noticias\">Esta reflexi\u00f3n  esta orientada a llamar la atenci\u00f3n de los denominados poderes f\u00e1cticos\u00a0 sobre la necesidad de impulsar un cambio  desde el Estado que garantice la estabilidad y la armon\u00eda social del pa\u00eds,  amenazada por la situaci\u00f3n de desconfianza y crisis econ\u00f3mica y con un  deterioro mayor\u00a0 de la credibilidad de  las instituciones y del mismo Estado, en la medida que \u00e9ste a trav\u00e9s del Poder Ejecutivo  ha sido el centro principal de la ejecuci\u00f3n de los derroches de fondos p\u00fablicos que se est\u00e1n distribuyendo  con el animo de beneficiar el proyecto de la reelecci\u00f3n.<\/p>\n<p>&#13;<\/p>\n<p align=\"justify\" class=\"text1noticias\">El Ing. Miguel Vargas desea que esos sectores  reflexionen sobre la necesidad que tiene la naci\u00f3n dominicana de que un  gobierno, con un proyecto de naci\u00f3n, como el que \u00e9l representa, cuide de la  continuidad, la estabilidad\u00a0 y de la  credibilidad del Estado, de forma que este  pueda garantizar el estado de derecho y los\u00a0beneficios correspondientes a  todos los sectores que\u00a0 con su trabajo  diario contribuyen al engrandecimiento del pa\u00eds.<\/p>\n<p>&#13;<\/p>\n<p align=\"justify\" class=\"text1noticias\">Esta  reflexi\u00f3n esta orientada, adem\u00e1s, a que el pueblo tome consciencia de que el empeoramiento de su situaci\u00f3n  econ\u00f3mica se debe a que el grupo gobernante actual ha hecho con los recursos  p\u00fablicos una acumulaci\u00f3n originaria de capital y que esa acumulaci\u00f3n de  recursos en manos de ese reducido grupo pol\u00edtico es la causa principal de la  situaci\u00f3n de hambre que\u00a0 est\u00e1n  atravesando los sectores medios y pobres del pa\u00eds.<\/p>\n<p>&#13;<\/p>\n<p align=\"justify\" class=\"text1noticias\">Los  dominicanos\u00a0 debemos reflexionar sobre el  hecho de que la mala distribuci\u00f3n de los recursos p\u00fablicos que ha hecho este  gobierno es la culpable de que la mayor\u00eda nacional hoy se encuentre abandonada a su suerte, ignorando con esa actitud que  esa mayor\u00eda, con sus votos, es la que pone y quita gobiernos.<\/p>\n<p>&#13;<\/p>\n<p align=\"justify\" class=\"text1noticias\">El compromiso del Ing. Miguel Vargas es hacer  un gobierno que ataque los problemas puntuales de falta alimentaci\u00f3n y el  abandono de de sectores b\u00e1sicos como son la\u00a0salud y la educaci\u00f3n. El se ha comprometido en hacer un gobierno que  honre sus compromisos con los principales sectores de la sociedad. La reflexi\u00f3n  de los dominicanos en semana santa debe tener presente que s\u00f3lo cambiaremos  social y econ\u00f3micamente, como naci\u00f3n, si nos alejamos de la demagogia y el  desorden que representa este gobierno y apoyamos, un cambio real que se preocupe por mejorar sus condiciones  de vida.\u00a0\u00a0 \u00a0<\/p>\n<p>&#13;<\/p>\n<p align=\"justify\" class=\"text1noticias\">En cuanto a  este gobierno ha sido la negaci\u00f3n del\u00a0  bienestar\u00a0 que desea la gente, por  eso el Ing. Miguel Vargas desea \u00a0que el  16 de mayo Dios ilumine las mentes de las dominicanas y dominicanos que trabajan para que el cambio, que \u00e9l  representa y promueve, sea una realidad, ya que as\u00ed\u00a0 el voto mayoritario de la poblaci\u00f3n ser\u00e1 a  favor de\u00a0  su candidatura y por tanto a favor del bienestar que buscamos todos los  dominicanos.\u00a0 <\/p>\n<p>&#13;<\/p>\n<p align=\"justify\" class=\"text1noticias\">Evelio  Arroyo es Soci\u00f3logo, Abogado y Escritor. Es, adem\u00e1s, Director Nacional de  Comunicaciones y Estrategias del Movimiento en L\u00ednea con Miguel, que preside el  Dr. Francisco Fern\u00e1ndez. <\/p>\n<p>&#13;<\/p>\n<h6> 2008-03-17 16:14:35 <\/h6>\n<p><!--\n<link rel=\"stylesheet\" href=\"css\/bootstrap.min.css\">\n\n\n<ul class=\"pagination\">\n\t    \n\t\n\n<li >\n\t<a href='?page_no=12193'>Previous<\/a>\n\t<\/li>\n\n\n       \n    \n\n<li><a href='?page_no=1'>1<\/a><\/li>\n\n\n\n<li><a href='?page_no=2'>2<\/a><\/li>\n\n\n\n<li><a>...<\/a><\/li>\n\n\n\n<li><a href='?page_no=12192'>12192<\/a><\/li>\n\n\n\n<li><a href='?page_no=12193'>12193<\/a><\/li>\n\n\n\n<li class='active'><a>12194<\/a><\/li>\n\n\n\n<li><a href='?page_no=12195'>12195<\/a><\/li>\n\n\n\n<li><a href='?page_no=12196'>12196<\/a><\/li>\n\n\n\n<li><a>...<\/a><\/li>\n\n\n\n<li><a href='?page_no=13611'>13611<\/a><\/li>\n\n\n\n<li><a href='?page_no=13612'>13612<\/a><\/li>\n\n    \n\t\n\n<li >\n\t<a href='?page_no=12195'>Next<\/a>\n\t<\/li>\n\n\n    \n\n<li><a href='?page_no=13612'>Last &rsaquo;&rsaquo;<\/a><\/li>\n\n<\/ul>\n\n\n--><br \/>\n<\/body><\/p>\n","protected":false},"excerpt":{"rendered":"<p>Miguel Vargas: Reflexi\u00f3n al pa\u00eds con motivo de la Semana Santa &#13; Con motivo de Semana Santa, es propicia la ocasi\u00f3n para reflexionar sobre si lo que hoy tenemos como gobierno es lo que conviene a la mayor\u00eda nacional o si por el contrario la situaci\u00f3n del pa\u00eds amerita un cambio de rumbo y un [&hellip;]<\/p>\n","protected":false},"author":3,"featured_media":0,"comment_status":"open","ping_status":"open","sticky":false,"template":"","format":"standard","meta":{"footnotes":""},"categories":[16],"tags":[],"class_list":["post-36319","post","type-post","status-publish","format-standard","hentry","category-opiniones"],"_links":{"self":[{"href":"https:\/\/diariodominicano.com\/index.php?rest_route=\/wp\/v2\/posts\/36319","targetHints":{"allow":["GET"]}}],"collection":[{"href":"https:\/\/diariodominicano.com\/index.php?rest_route=\/wp\/v2\/posts"}],"about":[{"href":"https:\/\/diariodominicano.com\/index.php?rest_route=\/wp\/v2\/types\/post"}],"author":[{"embeddable":true,"href":"https:\/\/diariodominicano.com\/index.php?rest_route=\/wp\/v2\/users\/3"}],"replies":[{"embeddable":true,"href":"https:\/\/diariodominicano.com\/index.php?rest_route=%2Fwp%2Fv2%2Fcomments&post=36319"}],"version-history":[{"count":0,"href":"https:\/\/diariodominicano.com\/index.php?rest_route=\/wp\/v2\/posts\/36319\/revisions"}],"wp:attachment":[{"href":"https:\/\/diariodominicano.com\/index.php?rest_route=%2Fwp%2Fv2%2Fmedia&parent=36319"}],"wp:term":[{"taxonomy":"category","embeddable":true,"href":"https:\/\/diariodominicano.com\/index.php?rest_route=%2Fwp%2Fv2%2Fcategories&post=36319"},{"taxonomy":"post_tag","embeddable":true,"href":"https:\/\/diariodominicano.com\/index.php?rest_route=%2Fwp%2Fv2%2Ftags&post=36319"}],"curies":[{"name":"wp","href":"https:\/\/api.w.org\/{rel}","templated":true}]}}