{"id":363182,"date":"2022-06-21T23:46:56","date_gmt":"2022-06-22T03:46:56","guid":{"rendered":"http:\/\/diariodominicano.com\/?p=363182"},"modified":"2022-06-21T23:46:56","modified_gmt":"2022-06-22T03:46:56","slug":"militares-de-haiti-retoman-las-caobas","status":"publish","type":"post","link":"https:\/\/diariodominicano.com\/?p=363182","title":{"rendered":"Militares de Hait\u00ed retoman Las Caobas"},"content":{"rendered":"\n<p>Los militares de Hait\u00ed hab\u00edan sido desalojados por tropas dominicanas comandadas por el general Antonio Duverg\u00e9.<\/p>\n\n\n\n<p>LAS CAOBAS.- El&nbsp;&nbsp; 22 de junio de 1845, tropas de la Rep\u00fablica Hait\u00ed retomaron&nbsp; el fuerte de Las Caobas, luego de&nbsp; que fue abandonado por las fuerzas militares dominicanas que hab\u00edan desalojado a las tropas del Ej\u00e9rcito de Hait\u00ed que invadieron el territorio dominicano por el Sur.<\/p>\n\n\n\n<p>Las Caobas en la actualidad sigue siendo parte del territorio haitiano.<\/p>\n\n\n\n<p>&nbsp;&nbsp;&nbsp; &nbsp;&nbsp;&nbsp;&nbsp;&nbsp; Las tropas haitianas que tomaron el fuerte de Las Caobas eran comandadas por el general V\u00edctor Poil.<\/p>\n","protected":false},"excerpt":{"rendered":"<p>Los militares de Hait\u00ed hab\u00edan sido desalojados por tropas dominicanas comandadas por el general Antonio Duverg\u00e9. LAS CAOBAS.- El&nbsp;&nbsp; 22 de junio de 1845, tropas de la Rep\u00fablica Hait\u00ed retomaron&nbsp; el fuerte de Las Caobas, luego de&nbsp; que fue abandonado por las fuerzas militares dominicanas que hab\u00edan desalojado a las tropas del Ej\u00e9rcito de Hait\u00ed [&hellip;]<\/p>\n","protected":false},"author":28,"featured_media":271242,"comment_status":"closed","ping_status":"","sticky":true,"template":"","format":"standard","meta":{"footnotes":""},"categories":[26,27],"tags":[],"class_list":["post-363182","post","type-post","status-publish","format-standard","has-post-thumbnail","hentry","category-efemerides","category-portada"],"_links":{"self":[{"href":"https:\/\/diariodominicano.com\/index.php?rest_route=\/wp\/v2\/posts\/363182","targetHints":{"allow":["GET"]}}],"collection":[{"href":"https:\/\/diariodominicano.com\/index.php?rest_route=\/wp\/v2\/posts"}],"about":[{"href":"https:\/\/diariodominicano.com\/index.php?rest_route=\/wp\/v2\/types\/post"}],"author":[{"embeddable":true,"href":"https:\/\/diariodominicano.com\/index.php?rest_route=\/wp\/v2\/users\/28"}],"replies":[{"embeddable":true,"href":"https:\/\/diariodominicano.com\/index.php?rest_route=%2Fwp%2Fv2%2Fcomments&post=363182"}],"version-history":[{"count":1,"href":"https:\/\/diariodominicano.com\/index.php?rest_route=\/wp\/v2\/posts\/363182\/revisions"}],"predecessor-version":[{"id":363183,"href":"https:\/\/diariodominicano.com\/index.php?rest_route=\/wp\/v2\/posts\/363182\/revisions\/363183"}],"wp:featuredmedia":[{"embeddable":true,"href":"https:\/\/diariodominicano.com\/index.php?rest_route=\/wp\/v2\/media\/271242"}],"wp:attachment":[{"href":"https:\/\/diariodominicano.com\/index.php?rest_route=%2Fwp%2Fv2%2Fmedia&parent=363182"}],"wp:term":[{"taxonomy":"category","embeddable":true,"href":"https:\/\/diariodominicano.com\/index.php?rest_route=%2Fwp%2Fv2%2Fcategories&post=363182"},{"taxonomy":"post_tag","embeddable":true,"href":"https:\/\/diariodominicano.com\/index.php?rest_route=%2Fwp%2Fv2%2Ftags&post=363182"}],"curies":[{"name":"wp","href":"https:\/\/api.w.org\/{rel}","templated":true}]}}