{"id":36318,"date":"2008-03-17T16:19:38","date_gmt":"2008-03-17T16:19:38","guid":{"rendered":"http:\/\/diariodominicano.ddns.net\/?p=36318"},"modified":"2008-03-17T16:19:38","modified_gmt":"2008-03-17T16:19:38","slug":"la-educacion-y-la-sociedad","status":"publish","type":"post","link":"https:\/\/diariodominicano.com\/?p=36318","title":{"rendered":"La Educaci\u00f3n y la Sociedad"},"content":{"rendered":"<p><body><\/p>\n<p class=\"titulogrande1\"><strong>La   Educaci\u00f3n y la Sociedad <\/strong><\/p>\n<p>&#13;<\/p>\n<p align=\"justify\" class=\"text1noticias\">Los m\u00e9todos que  utiliza la educaci\u00f3n, para la formaci\u00f3n de las personas, deben tener como  objetivo el desarrollo de las aptitudes del ser humano. De esta forma la  educaci\u00f3n se convierte en el instrumento que sirve para formar una personalidad  \u00fatil a sus conciudadanos.<\/p>\n<p>&#13;<\/p>\n<p align=\"justify\" class=\"text1noticias\">La educaci\u00f3n debe  contribuir a que las personas puedan vivir en una sociedad\u00a0 que se esfuerza por\u00a0 construir una conciencia colectiva inspirada  en edificar un medio social fundamentado en la justicia social entre sus  miembros.<\/p>\n<p>&#13;<\/p>\n<p align=\"justify\" class=\"text1noticias\">La educaci\u00f3n es un  medio fundamental que puede contribuir a que las personas\u00a0 act\u00faen en un ambiente social de cooperaci\u00f3n  entre sus miembros. Por eso la educaci\u00f3n debe poner al ser humano en el centro  de la sociedad para que \u00e9ste pueda ser \u00fatil a esa misma sociedad que lo ha  formado y en la que va a desarrollar sus actividades cotidianas.<\/p>\n<p>&#13;<\/p>\n<p align=\"justify\" class=\"text1noticias\">La educaci\u00f3n, como  disciplina, debe comenzar por ense\u00f1ar los aspectos b\u00e1sicos y generales de los  conocimientos, que son la base para que el individuo se forme, sin embargo los  conocimientos que provee la educaci\u00f3n a las personas deben tener un alcance  integral, ya que cuando los conocimientos\u00a0  aprendidos son aislados, no son eficaces, en cambio cuando los mismos  son asociados con otras disciplinas especializadas son mas fecundos. <\/p>\n<p>&#13;<\/p>\n<p align=\"justify\" class=\"text1noticias\">La educaci\u00f3n de los  ni\u00f1os en sus primeros a\u00f1os de estudios debe hacer un esfuerzo para no oponerse  a las inclinaciones\u00a0 que estos tienen por  una determinada disciplina o preferencia escolar, ya que lo m\u00e1s conveniente es  que la inteligencia y la preferencia del ni\u00f1o coincidan para que este obtenga  un mayor rendimiento escolar.<\/p>\n<p>&#13;<\/p>\n<p align=\"justify\" class=\"text1noticias\">El maestro cuando  educa debe tratar de evitar\u00a0 que un  estudiante sea llevado a estudiar\u00a0 de  manera forzada lo que no le interesa, ya que no es apropiado privar a una  persona de elegir y aprender lo que desea.<\/p>\n<p>&#13;<\/p>\n<p align=\"justify\" class=\"text1noticias\">En el aspecto social  la educaci\u00f3n debe enfocar sus esfuerzos para que las personas\u00a0 sean estimuladas para el compromiso y la  solidaridad social, ya que de esa forma el individuo va creciendo en un ambiente  escolar donde se\u00a0 ense\u00f1a y practica la  importancia de la cooperaci\u00f3n y el bienestar com\u00fan de la gente. Uno de los  objetivos b\u00e1sicos de la educaci\u00f3n debe ser acentuar los valores y creencias de  responsabilidad y solidaridad en las personas, de forma que estas puedan  ponerlas en pr\u00e1ctica\u00a0 en el seno de la  sociedad.<\/p>\n<p>&#13;<\/p>\n<p align=\"justify\" class=\"text1noticias\">La educaci\u00f3n debe  procurar que los ni\u00f1os y adolescentes\u00a0  vayan educ\u00e1ndose\u00a0 e  instruy\u00e9ndose\u00a0 con plena conciencia de  que s\u00f3lo la cooperaci\u00f3n de las personas que viven en sociedad garantiza el  crecimiento armonioso de la comunidad o del grupo que interact\u00faa en el plano  social.<\/p>\n<p>&#13;<\/p>\n<p align=\"justify\" class=\"text1noticias\">Es tarea de la  educaci\u00f3n que las personas interioricen, en su conciencia, como ciudadano, que  cuando una persona o un grupo social se desarrolla y crece, eso se debe a la  confianza, en si mismo, que tiene ese grupo o esa persona. Esa confianza es lo  que permite a \u00a0ser humano creer en su  propio esfuerzo.<\/p>\n<p>&#13;<\/p>\n<p align=\"justify\" class=\"text1noticias\">La educaci\u00f3n debe,  adem\u00e1s, respetar las diferencias\u00a0  ideol\u00f3gicas y religiosas que tienen presencia en la sociedad. El  comportamiento y las aptitudes diferentes de las personas, es lo que va a  permitir mayores niveles de creatividad al individuo y al grupo social.<\/p>\n<p>&#13;<\/p>\n<p align=\"justify\" class=\"text1noticias\">Cuando las personas  perciben que han alcanzado los fines que se han propuesto, por medio de sus  estudios, ello es una motivaci\u00f3n para que sigan esforz\u00e1ndose, de \u00e9sta manera  consiguen mayor bienestar y cooperaci\u00f3n, a favor de\u00a0 la familia y de la sociedad.<\/p>\n<p>&#13;<\/p>\n<p align=\"justify\" class=\"text1noticias\">La educaci\u00f3n siempre  deber\u00e1 tomar en cuenta que a las aulas escolares y universitarias concurren  personas con diferencias culturales, en cuanto a sus aptitudes afectivas,  intelectuales y f\u00edsicas, esas diferencias tienen como beneficio que los hombres  y las mujeres que se est\u00e1n educando, podr\u00e1n desempe\u00f1ar funciones diferentes y  adem\u00e1s podr\u00e1n hacer aportes diferentes a la sociedad.<\/p>\n<p>&#13;<\/p>\n<p align=\"justify\" class=\"text1noticias\">La educaci\u00f3n debe  trabajar para aumentar la capacidad que debe tener un individuo en su desempe\u00f1o  en el ambiente laboral y empresarial.\u00a0  Una educaci\u00f3n integral debe tratar de desarrollar todas las aptitudes  que posee una persona; no deber\u00e1 ocuparse por crear aquellas aptitudes que esta  no posee, ya que la misi\u00f3n de la educaci\u00f3n no es habilitar y formarles las  aptitudes que las personas deben tener, sino formarlas en las aptitudes que son  propias e innatas de esas personas, entonces la misi\u00f3n de la educaci\u00f3n es  desarrollar esas aptitudes que si poseen las personas, para que en el futuro  estas puedan aplicarlas a favor de sus familias y de la sociedad. <\/p>\n<p>&#13;<\/p>\n<p align=\"justify\" class=\"text1noticias\">La educaci\u00f3n debe  trabajar para que las cualidades potenciales que tiene cada ciudadano se  conviertan en capacidades que pueden ser aplicadas en las \u00e1reas productivas  donde ejercen sus funciones. De \u00e9sta forma la educaci\u00f3n multiplica el valor  social de \u00e9ste.<\/p>\n<p>&#13;<\/p>\n<p align=\"justify\" class=\"text1noticias\">El fin de la  educaci\u00f3n debe ser aumentar la utilidad social de los ciudadanos en sus  diferentes desempe\u00f1os y profesiones, orientando la aplicaci\u00f3n de sus  conocimientos hacia sectores productivos y empresariales, donde puedan darles una aplicaci\u00f3n de mayor  utilidad social y mayor provecho personal.<br \/>&#13;<br \/>\n  <strong>\u00a0\u00a0\u00a0\u00a0\u00a0\u00a0\u00a0\u00a0\u00a0\u00a0\u00a0 <\/strong><br \/>&#13;<br \/>\n<strong>Evelio  Arroyo es Soci\u00f3logo, Abogado y Escritor. Estos temas son publicados del  libro.\u00a0 \u201cEstado y Sociedad\u201d de su  autor\u00eda.\u00a0\u00a0\u00a0\u00a0\u00a0\u00a0\u00a0\u00a0\u00a0\u00a0\u00a0 <\/strong><\/p>\n<p>&#13;<\/p>\n<h6> 2008-03-17 16:19:38 <\/h6>\n<p><!--\n<link rel=\"stylesheet\" href=\"css\/bootstrap.min.css\">\n\n\n<ul class=\"pagination\">\n\t    \n\t\n\n<li >\n\t<a href='?page_no=12192'>Previous<\/a>\n\t<\/li>\n\n\n       \n    \n\n<li><a href='?page_no=1'>1<\/a><\/li>\n\n\n\n<li><a href='?page_no=2'>2<\/a><\/li>\n\n\n\n<li><a>...<\/a><\/li>\n\n\n\n<li><a href='?page_no=12191'>12191<\/a><\/li>\n\n\n\n<li><a href='?page_no=12192'>12192<\/a><\/li>\n\n\n\n<li class='active'><a>12193<\/a><\/li>\n\n\n\n<li><a href='?page_no=12194'>12194<\/a><\/li>\n\n\n\n<li><a href='?page_no=12195'>12195<\/a><\/li>\n\n\n\n<li><a>...<\/a><\/li>\n\n\n\n<li><a href='?page_no=13611'>13611<\/a><\/li>\n\n\n\n<li><a href='?page_no=13612'>13612<\/a><\/li>\n\n    \n\t\n\n<li >\n\t<a href='?page_no=12194'>Next<\/a>\n\t<\/li>\n\n\n    \n\n<li><a href='?page_no=13612'>Last &rsaquo;&rsaquo;<\/a><\/li>\n\n<\/ul>\n\n\n--><br \/>\n<\/body><\/p>\n","protected":false},"excerpt":{"rendered":"<p>La Educaci\u00f3n y la Sociedad &#13; Los m\u00e9todos que utiliza la educaci\u00f3n, para la formaci\u00f3n de las personas, deben tener como objetivo el desarrollo de las aptitudes del ser humano. De esta forma la educaci\u00f3n se convierte en el instrumento que sirve para formar una personalidad \u00fatil a sus conciudadanos. &#13; La educaci\u00f3n debe contribuir [&hellip;]<\/p>\n","protected":false},"author":3,"featured_media":0,"comment_status":"open","ping_status":"open","sticky":false,"template":"","format":"standard","meta":{"footnotes":""},"categories":[16],"tags":[],"class_list":["post-36318","post","type-post","status-publish","format-standard","hentry","category-opiniones"],"_links":{"self":[{"href":"https:\/\/diariodominicano.com\/index.php?rest_route=\/wp\/v2\/posts\/36318","targetHints":{"allow":["GET"]}}],"collection":[{"href":"https:\/\/diariodominicano.com\/index.php?rest_route=\/wp\/v2\/posts"}],"about":[{"href":"https:\/\/diariodominicano.com\/index.php?rest_route=\/wp\/v2\/types\/post"}],"author":[{"embeddable":true,"href":"https:\/\/diariodominicano.com\/index.php?rest_route=\/wp\/v2\/users\/3"}],"replies":[{"embeddable":true,"href":"https:\/\/diariodominicano.com\/index.php?rest_route=%2Fwp%2Fv2%2Fcomments&post=36318"}],"version-history":[{"count":0,"href":"https:\/\/diariodominicano.com\/index.php?rest_route=\/wp\/v2\/posts\/36318\/revisions"}],"wp:attachment":[{"href":"https:\/\/diariodominicano.com\/index.php?rest_route=%2Fwp%2Fv2%2Fmedia&parent=36318"}],"wp:term":[{"taxonomy":"category","embeddable":true,"href":"https:\/\/diariodominicano.com\/index.php?rest_route=%2Fwp%2Fv2%2Fcategories&post=36318"},{"taxonomy":"post_tag","embeddable":true,"href":"https:\/\/diariodominicano.com\/index.php?rest_route=%2Fwp%2Fv2%2Ftags&post=36318"}],"curies":[{"name":"wp","href":"https:\/\/api.w.org\/{rel}","templated":true}]}}