{"id":36317,"date":"2008-03-17T16:26:19","date_gmt":"2008-03-17T16:26:19","guid":{"rendered":"http:\/\/diariodominicano.ddns.net\/?p=36317"},"modified":"2008-03-17T16:26:19","modified_gmt":"2008-03-17T16:26:19","slug":"reflexiones-del-companero-fidel-15","status":"publish","type":"post","link":"https:\/\/diariodominicano.com\/?p=36317","title":{"rendered":"Reflexiones del compa\u00f1ero Fidel"},"content":{"rendered":"<p><body><\/p>\n<p align=\"justify\"><span class=\"titulogrande1\"><strong>Reflexiones  del compa\u00f1ero Fidel<\/strong> <\/span><br \/>&#13;<br \/>\n  <br \/>&#13;<br \/>\n    <strong>Sed de sangre (I)<\/strong><br \/>&#13;<br \/>\n    <br \/>&#13;<br \/>\n    <span class=\"text1noticias\">El imperio  no se resigna a ser el \u00fanico perdedor en la reuni\u00f3n del Grupo de R\u00edo celebrada  en Santo Domingo el 7 de marzo. Desea armar de nuevo el sangriento tinglado. No  es dif\u00edcil demostrarlo.<br \/>&#13;<br \/>\n    <br \/>&#13;<br \/>\n  El martes 11  de marzo <em>El Nuevo Herald<\/em>,  \u00f3rgano sumamente hostil a Cuba destinado a trazar pautas en Am\u00e9rica Latina,  bajo el t\u00edtulo de \u201cCubano es presunto l\u00edder de las FARC en M\u00e9xico\u201d, suscrito  por uno de sus articulistas nacido en nuestro pa\u00eds, afirma:<br \/>&#13;<br \/>\n  <br \/>&#13;<br \/>\n\u201cUn ingeniero  cubano radicado en M\u00e9xico fue identificado por las autoridades de inteligencia  como el presunto dirigente del grupo de apoyo a las Fuerzas Armadas  Revolucionarias de Colombia (FARC) desde territorio mexicano.<br \/>&#13;<br \/>\n<br \/>&#13;<br \/>\n\u201cEl reporte  de inteligencia \u2015citado por los diarios El <em>Universal<\/em> y <em>The Wall Street Journal<\/em>\u2015  se\u00f1ala a Mario Dagoberto D\u00edaz Orgaz, de 48 a\u00f1os, como el principal sospechoso  de organizar la expedici\u00f3n de un grupo de estudiantes mexicanos a un campamento  de las FARC en Ecuador, atacado por las fuerzas colombianas el primero de  marzo.\u201d<br \/>&#13;<br \/>\n<br \/>&#13;<br \/>\n\u201cAgentes  mexicanos dicen haber fotografiado a D\u00edaz Orgaz en Quito, el 5 de marzo, a las  6:25 p.m., mientras merodeaba el Hospital Militar donde est\u00e1 recluida Luc\u00eda  Andrea Morett \u00c1lvarez, sobreviviente del operativo armado.<br \/>&#13;<br \/>\n<br \/>&#13;<br \/>\n\u201cLa joven,  conocida como \u00b4Alicia\u00b4 en las filas insurgentes, hab\u00eda viajado el 10 de enero  de M\u00e9xico a La Habana y desde ah\u00ed a Quito. Su regreso a M\u00e9xico estaba  programado para el martes.<br \/>&#13;<br \/>\n<br \/>&#13;<br \/>\n\u201cEl informe  sobre D\u00edaz Orgaz lo presenta tambi\u00e9n como operador financiero de las FARC en  M\u00e9xico&#8230;\u201d<br \/>&#13;<br \/>\n<br \/>&#13;<br \/>\n\u201cEl  ingeniero cubano habr\u00eda sido ubicado en Ecuador por los servicios de  inteligencia mexicanos luego de sobrevivir al ataque militar contra el  campamento de las FARC.<br \/>&#13;<br \/>\n<br \/>&#13;<br \/>\n\u201cAnoche El <em>Nuevo Herald<\/em> contact\u00f3  telef\u00f3nicamente a un cercano amigo suyo en la ciudad de Quer\u00e9taro, donde D\u00edaz  Orgaz reside y trabaja como investigador del Centro de Ingenier\u00eda y Desarrollo  Industrial, adscrito al Consejo Nacional de Ciencia y Tecnolog\u00eda del gobierno  mexicano&#8230;<br \/>&#13;<br \/>\n<br \/>&#13;<br \/>\n\u201cPara evitar  el asedio de la prensa, D\u00edaz Orgaz se encuentra desde el lunes en casa de unas  amistades.<br \/>&#13;<br \/>\n<br \/>&#13;<br \/>\n\u201cLa fuente  asever\u00f3 que el ingeniero cubano est\u00e1 en condiciones de demostrar que el  atribuido viaje al Ecuador es falso, pues la fecha en que la inteligencia  mexicana lo sit\u00faa en las inmediaciones del Hospital Militar de Quito, \u00e9l se  hallaba en la ciudad de Villa Hermosa, capital del Estado de Tabasco, junto a  un grupo de colegas del Centro de Ingenier\u00eda y Desarrollo Industrial.<br \/>&#13;<br \/>\n<br \/>&#13;<br \/>\n\u201cD\u00edaz Orgaz  es oriundo del pueblo de Bejucal, en La Habana, donde naci\u00f3 el 15 de enero de  1960. De acuerdo con la informaci\u00f3n en poder del gobierno federal de M\u00e9xico,  D\u00edaz Orgaz estudi\u00f3 Ingenier\u00eda Mec\u00e1nica en el Instituto Polit\u00e9cnico de Vladimir,  a 180 kil\u00f3metros de Mosc\u00fa, y realiz\u00f3 luego varios cursos de especializaci\u00f3n en  Metrolog\u00eda&#8230;\u201d<br \/>&#13;<br \/>\n<br \/>&#13;<br \/>\n\u201cSu papel  habr\u00eda sido clave en el respaldo financiero a grupos partidarios de las FARC en  la Universidad Nacional Aut\u00f3noma de M\u00e9xico (UNAM), uno de los mayores y m\u00e1s  prestigiosos centros acad\u00e9micos de Am\u00e9rica Latina&#8230;\u201d<br \/>&#13;<br \/>\n<br \/>&#13;<br \/>\n\u201cLas revelaciones  del caso se producen a pocos d\u00edas de la visita de la canciller mexicana  Patricia Espinosa a La Habana, animada por una pol\u00edtica de restablecimiento de  las relaciones entre ambos pa\u00edses.<br \/>&#13;<br \/>\n<br \/>&#13;<br \/>\n\u201cEn febrero  pasado el Ej\u00e9rcito colombiano hab\u00eda capturado en Palmira, departamento de Valle  del Cauca, al m\u00e9dico cubano Emilio Mu\u00f1oz Franco, un optometrista mencionado  como pieza clave de una red de apoyo log\u00edstico a las FARC.<br \/>&#13;<br \/>\n<br \/>&#13;<br \/>\n\u201cMu\u00f1oz  Franco habr\u00eda llevado a estudiantes cubanos de Medicina que cumplieron una  pasant\u00eda en campamentos de las FARC entre el 2000 y el 2001.<br \/>&#13;<br \/>\n<br \/>&#13;<br \/>\n\u201cLas  autoridades colombianas consideran que en su contra hay evidencias suficientes  para acusarlo como extranjero asociado a la guerrilla. Sus vecinos de Palmira  aseguran que nunca le conocieron un esc\u00e1ndalo.\u201d<br \/>&#13;<br \/>\n<br \/>&#13;<br \/>\nEs clar\u00edsima  la est\u00fapida intenci\u00f3n de mezclar cubanos en el asunto, aparte de la mentira  sobre la imposible presencia de nuestros estudiantes de Medicina en esa  distante selva colombiana. Cuando un ingeniero o m\u00e9dico cubano abandona su  pa\u00eds, es alguien que se marcha con los conocimientos que nuestro pueblo sufrag\u00f3  con grandes sacrificios. El d\u00eda 13 de este mes precisamente regresaron a su  patria 177 miembros de la Brigada M\u00e9dica y 35 maestros despu\u00e9s de cumplir  durante dos a\u00f1os su sagrada misi\u00f3n en Timor Leste.<br \/>&#13;<br \/>\n<br \/>&#13;<br \/>\nYo mismo los  desped\u00ed cuando partieron.<br \/>&#13;<br \/>\n<br \/>&#13;<br \/>\nEn Timor  Leste, que antes de la independencia sufri\u00f3 genocidio, surgieron conflictos  internos apoyados por Australia que, aliada de Estados Unidos, se apropi\u00f3 de  los campos de gas, en las proximidades de las costas timorenses. En ninguna  circunstancia los m\u00e9dicos cubanos abandonaron a sus pacientes, que eran todos  los habitantes de la peque\u00f1a naci\u00f3n. All\u00ed qued\u00f3 el personal que los sustituy\u00f3.  Esos s\u00ed son m\u00e9dicos y graduados cubanos, de los cuales hay miles, que el  imperio hace indecibles esfuerzos por sobornar, alcanzando exiguos resultados.<br \/>&#13;<br \/>\n<br \/>&#13;<br \/>\nNing\u00fan otro  pa\u00eds del hemisferio occidental o del mundo posee semejante riqueza. Hoy formamos a cientos de j\u00f3venes timorenses en  nuestras facultades de Medicina. Los m\u00e9dicos que acaban de regresar muestran un  ejemplo de lo que puede la conciencia.<br \/>&#13;<br \/>\n<br \/>&#13;<br \/>\nEl citado  art\u00edculo de <em>El<\/em> <em>Nuevo Herald<\/em> es tambi\u00e9n un  claro intento de justificar que entre las v\u00edctimas hab\u00eda j\u00f3venes mexicanos que  se entrevistaban con Reyes, por curiosidad o por las razones que fuesen, pero  no hab\u00edan puesto bombas ni eran acreedores a ser asesinados por bombas yanquis  mientras descansaban en la madrugada.<br \/>&#13;<br \/>\n<br \/>&#13;<br \/>\n  <em>El  Mercurio<\/em>,  de Chile, bajo el t\u00edtulo \u201cDesertor advierte que l\u00edder de las FARC podr\u00eda ser  asesinado\u201d, expresa por boca de Pedro Pablo Montoya, ex guerrillero de las  FARC, lo siguiente:<br \/>&#13;<br \/>\n  <br \/>&#13;<br \/>\n\u201cEl  guerrillero desertor que la semana pasada mat\u00f3 a Jos\u00e9 Juvenal Velandia, alias  \u00b4Iv\u00e1n R\u00edos\u00b4, miembro de la c\u00fapula de las FARC, se\u00f1al\u00f3 ayer que los rebeldes de  rangos medios y bajos podr\u00edan asesinar a sus l\u00edderes, entre ellos al m\u00e1ximo  jefe del grupo guerrillero colombiano Pedro Antonio Mar\u00edn, alias \u00b4Manuel  Marulanda V\u00e9lez\u00b4 o \u00b4Tirofijo\u00b4.<br \/>&#13;<br \/>\n<br \/>&#13;<br \/>\n\u201cPedro Pablo  Montoya, alias \u00b4Rojas\u00b4, quien est\u00e1  desde el jueves pasado bajo protecci\u00f3n del Ej\u00e9rcito, tras entregarse con otros  dos miembros de las FARC despu\u00e9s de haber asesinado a \u00b4R\u00edos\u00b4, dijo en una  entrevista al diario El <em>Tiempo<\/em>,  de Bogot\u00e1, que los rebeldes sin rango est\u00e1n desmoralizados y desmotivados por  los \u00b4malos tratos\u00b4 por parte de los l\u00edderes de la guerrilla&#8230;\u00bb<br \/>&#13;<br \/>\n<br \/>&#13;<br \/>\n\u201cTras matar  a su jefe, \u00b4Rojas\u00b4 le cercen\u00f3 la  mano derecha y se present\u00f3 ante los militares que ten\u00edan cercada a su unidad  rebelde junto con los documentos de identificaci\u00f3n de este, as\u00ed como con su  computadora port\u00e1til.<br \/>&#13;<br \/>\n<br \/>&#13;<br \/>\n\u201cEn declaraciones  a <em>Radio Caracol<\/em>,  \u00b4Rojas\u00b4 dijo que las FARC no tienen  voluntad de liberar a la ex candidata Ingrid Betancourt. \u00b4Ni por el \u00abberraco\u00bb  \u2015por ning\u00fan motivo la liberan. Que do\u00f1a Yolanda \u2015la madre de Betancourt\u2015 piense  eso&#8230;\u00b4<br \/>&#13;<br \/>\n<br \/>&#13;<br \/>\n\u201cEl rebelde  dijo que espera el pago de una jugosa recompensa ofrecida por el Estado  colombiano, equivalente a 2,6 millones de d\u00f3lares, a cambio de informaci\u00f3n  sobre comandantes insurgentes, mientras abogados debaten sobre si debe o no  cobrar el bot\u00edn. \u00b4Rojas\u00b4 recibi\u00f3  anoche un espaldarazo, pues el Fiscal General de Colombia, Mario Iguar\u00e1n,  se\u00f1al\u00f3 que \u00b4en principio la Fiscal\u00eda no har\u00eda imputaci\u00f3n por homicidio en la  persona de Iv\u00e1n R\u00edos, con lo que se le abrir\u00eda la posibilidad de cobrar la  recompensa\u00b4.<br \/>&#13;<br \/>\n<br \/>&#13;<br \/>\n\u201dPor su  parte, <em>The Washington Post<\/em>,  un \u00f3rgano bien informado sobre el \u00e1nimo prevaleciente en Washington, public\u00f3 el  pasado 10 de marzo un art\u00edculo titulado \u201cEl \u00e1ngel guardi\u00e1n de las FARC\u201d,  suscrito por Jackson Diehl, en el que se\u00f1ala:<br \/>&#13;<br \/>\n<br \/>&#13;<br \/>\n\u201cLas  naciones de la Am\u00e9rica Latina y la administraci\u00f3n Bush est\u00e1n empezando a  analizar una interrogante mucho m\u00e1s grave y potencialmente explosiva: \u00bfqu\u00e9  hacer con la revelaci\u00f3n de que el presidente de Venezuela Hugo Ch\u00e1vez forj\u00f3 una  alianza estrat\u00e9gica con las FARC contra el gobierno democr\u00e1tico de Colombia?<br \/>&#13;<br \/>\n<br \/>&#13;<br \/>\n\u201c&#8230;en su  conjunto, los centenares de p\u00e1ginas de documentos hasta ahora hechos p\u00fablicos  por Colombia pintan una situaci\u00f3n incluso m\u00e1s escalofriante&#8230;\u201d<br \/>&#13;<br \/>\n<br \/>&#13;<br \/>\n\u201cTodo esto  se expone en una serie de tres correos electr\u00f3nicos mandados en febrero a los  principales l\u00edderes de las FARC por Iv\u00e1n M\u00e1rquez y Rodrigo Granda, enviados que  sostuvieron una serie de reuniones secretas con Ch\u00e1vez&#8230;\u201d<br \/>&#13;<br \/>\n<br \/>&#13;<br \/>\n\u201cSuponiendo  que esos documentos son aut\u00e9nticos \u2015y resulta dif\u00edcil creer que el fr\u00edamente  inteligente y calculador Uribe entregara a sabiendas falsificaciones a los  medios de informaci\u00f3n del mundo y a la Organizaci\u00f3n de Estados Americanos\u2015,  tanto la administraci\u00f3n Bush como los gobiernos de la Am\u00e9rica Latina tendr\u00e1n  que adoptar decisiones fat\u00eddicas acerca de Ch\u00e1vez. Sus acciones informadas  constituyen, ante todo, una violaci\u00f3n de la resoluci\u00f3n 1373 del Consejo de  Seguridad de las Naciones Unidas, aprobada en septiembre de 2001.\u201d<br \/>&#13;<br \/>\n<br \/>&#13;<br \/>\n  <em>The  Washington Post<\/em> parte del supuesto de que s\u00f3lo Uribe pudo inventar o entregar ese documento al  gobierno de Estados Unidos y no contempl\u00f3 ninguna otra variante en la compleja  situaci\u00f3n. Se conoce, sin embargo, que desde el jueves 13 Ch\u00e1vez llam\u00f3 por  tel\u00e9fono a Uribe y con este acord\u00f3 un intercambio de visitas de los dos  Presidentes y la normalizaci\u00f3n de las relaciones de intercambio comercial que  tanto benefician a los dos pueblos.<br \/>&#13;<br \/>\n  <br \/> &#13;<br \/>\n  Ch\u00e1vez, por su parte, no renuncia a la  b\u00fasqueda de la paz entre los pueblos hermanos de Am\u00e9rica Latina.<br \/>&#13;<br \/>\n  <br \/>&#13;<br \/>\n  Lo m\u00e1s  sorprendente es el propio discurso de Bush el 12 de marzo y el veloz env\u00edo de  la Secretaria de Estado Condoleezza Rice a Brasil y Chile, tema sobre el cual  las agencias cablegr\u00e1ficas hablan hasta por los codos:\u201cBRASILIA, 13 de marzo  2008 (AFP) \u2013 La secretaria de Estado norteamericana, Condoleezza Rice, y el  ministro brasile\u00f1o de Igualdad Racial, Edson Santos, firmaron este jueves en  Brasilia un acuerdo para lanzar un plan conjunto de acci\u00f3n \u00b4para eliminar la  discriminaci\u00f3n racial\u00b4.<br \/>&#13;<br \/>\n  <br \/>&#13;<br \/>\n\u201cEl texto  del acuerdo destaca que Brasil y Estados Unidos comparten la caracter\u00edstica de  ser \u00b4sociedades democr\u00e1ticas multi\u00e9tnicas y multirraciales\u00b4.\u201d<br \/>&#13;<br \/>\n<br \/>&#13;<br \/>\nLeo y releo  estas palabras. Pienso que es lo opuesto de lo que ocurre realmente en Estados  Unidos, mientras selecciono cables y escribo. \u00a1Es asombroso!<br \/>&#13;<br \/>\n<br \/>&#13;<br \/>\nProseguir\u00e9  ma\u00f1ana.<br \/>&#13;<br \/>\n<br \/>&#13;<br \/>\n  <strong>Fidel  Castro Ruz<\/strong> <br \/>&#13;<br \/>\n  <br \/>&#13;<br \/>\n  <strong>15 de  marzo de 2008<\/strong> <br \/>&#13;<br \/>\n  <br \/>&#13;<br \/>\n  <strong>4 y 17  p.m.<\/strong> <\/span><\/p>\n<p>&#13;<\/p>\n<h6> 2008-03-17 16:26:19 <\/h6>\n<p><!--\n<link rel=\"stylesheet\" href=\"css\/bootstrap.min.css\">\n\n\n<ul class=\"pagination\">\n\t    \n\t\n\n<li >\n\t<a href='?page_no=12191'>Previous<\/a>\n\t<\/li>\n\n\n       \n    \n\n<li><a href='?page_no=1'>1<\/a><\/li>\n\n\n\n<li><a href='?page_no=2'>2<\/a><\/li>\n\n\n\n<li><a>...<\/a><\/li>\n\n\n\n<li><a href='?page_no=12190'>12190<\/a><\/li>\n\n\n\n<li><a href='?page_no=12191'>12191<\/a><\/li>\n\n\n\n<li class='active'><a>12192<\/a><\/li>\n\n\n\n<li><a href='?page_no=12193'>12193<\/a><\/li>\n\n\n\n<li><a href='?page_no=12194'>12194<\/a><\/li>\n\n\n\n<li><a>...<\/a><\/li>\n\n\n\n<li><a href='?page_no=13611'>13611<\/a><\/li>\n\n\n\n<li><a href='?page_no=13612'>13612<\/a><\/li>\n\n    \n\t\n\n<li >\n\t<a href='?page_no=12193'>Next<\/a>\n\t<\/li>\n\n\n    \n\n<li><a href='?page_no=13612'>Last &rsaquo;&rsaquo;<\/a><\/li>\n\n<\/ul>\n\n\n--><br \/>\n<\/body><\/p>\n","protected":false},"excerpt":{"rendered":"<p>Reflexiones del compa\u00f1ero Fidel &#13; &#13; Sed de sangre (I)&#13; &#13; El imperio no se resigna a ser el \u00fanico perdedor en la reuni\u00f3n del Grupo de R\u00edo celebrada en Santo Domingo el 7 de marzo. Desea armar de nuevo el sangriento tinglado. No es dif\u00edcil demostrarlo.&#13; &#13; El martes 11 de marzo El Nuevo [&hellip;]<\/p>\n","protected":false},"author":3,"featured_media":0,"comment_status":"open","ping_status":"open","sticky":false,"template":"","format":"standard","meta":{"footnotes":""},"categories":[16],"tags":[],"class_list":["post-36317","post","type-post","status-publish","format-standard","hentry","category-opiniones"],"_links":{"self":[{"href":"https:\/\/diariodominicano.com\/index.php?rest_route=\/wp\/v2\/posts\/36317","targetHints":{"allow":["GET"]}}],"collection":[{"href":"https:\/\/diariodominicano.com\/index.php?rest_route=\/wp\/v2\/posts"}],"about":[{"href":"https:\/\/diariodominicano.com\/index.php?rest_route=\/wp\/v2\/types\/post"}],"author":[{"embeddable":true,"href":"https:\/\/diariodominicano.com\/index.php?rest_route=\/wp\/v2\/users\/3"}],"replies":[{"embeddable":true,"href":"https:\/\/diariodominicano.com\/index.php?rest_route=%2Fwp%2Fv2%2Fcomments&post=36317"}],"version-history":[{"count":0,"href":"https:\/\/diariodominicano.com\/index.php?rest_route=\/wp\/v2\/posts\/36317\/revisions"}],"wp:attachment":[{"href":"https:\/\/diariodominicano.com\/index.php?rest_route=%2Fwp%2Fv2%2Fmedia&parent=36317"}],"wp:term":[{"taxonomy":"category","embeddable":true,"href":"https:\/\/diariodominicano.com\/index.php?rest_route=%2Fwp%2Fv2%2Fcategories&post=36317"},{"taxonomy":"post_tag","embeddable":true,"href":"https:\/\/diariodominicano.com\/index.php?rest_route=%2Fwp%2Fv2%2Ftags&post=36317"}],"curies":[{"name":"wp","href":"https:\/\/api.w.org\/{rel}","templated":true}]}}