{"id":36315,"date":"2008-03-18T04:30:00","date_gmt":"2008-03-18T04:30:00","guid":{"rendered":"http:\/\/diariodominicano.ddns.net\/?p=36315"},"modified":"2008-03-18T04:30:00","modified_gmt":"2008-03-18T04:30:00","slug":"balas-de-papel","status":"publish","type":"post","link":"https:\/\/diariodominicano.com\/?p=36315","title":{"rendered":"Balas de papel"},"content":{"rendered":"<p><body><\/p>\n<p class=\"titulogrande1\">Balas de papel<\/p>\n<p>&#13;<\/p>\n<p class=\"textogrande\">Silvia Ribeiro<\/p>\n<p>&#13;<\/p>\n<p align=\"justify\" class=\"text1noticias\"><strong>ALAI AMLATINA,  17\/03\/2008, M\u00e9xico D.F-\u00a0<\/strong> El 4 de marzo  del 2008, m\u00e1s de 800 mujeres de la V\u00eda  Campesina Brasil invadieron la Fazenda Tarum\u00e3, enR\u00edo Grande do Sul,  Brasil, una hacienda de 2100 hect\u00e1reas dedicada al monocultivo de \u00e1rboles  para la empresa papelera sueco-finlandesa Stora Enso, la segunda empresa  m\u00e1s grande del rubro a nivel mundial.\u00a0  Desde la ma\u00f1ana, comenzaron a  arrancar eucaliptos y plantar \u00e1rboles nativos, en protesta por el avance  vertiginoso de estos \u00abdesiertos verdes\u00bb en el pa\u00eds.\u00a0 La gobernadora del estado, Yeda Crusius,  r\u00e1pida en defender los intereses de la empresa,  envi\u00f3 a la Brigada Militar, que con lujo de violencia y disparando  balas de goma contra las ocupantes, hiri\u00f3 a m\u00e1s de 50 personas y detuvo  a la mayor\u00eda, que fueron encerradas en un estadio deportivo.<\/p>\n<p>&#13;<\/p>\n<p align=\"justify\" class=\"text1noticias\">La gobernadora tiene  intereses propios en esta salvaje acci\u00f3n, ya que las principales  papeleras que est\u00e1n haciendo estragos plantando miles de hect\u00e1reas de  monocultivos en el estado (Aracruz Celulosa, Stora Enso y Votorantin Papel y  Celulosa) han realizado \u00abcontribuciones\u00bb a su gobierno por m\u00e1s de 300  millones de d\u00f3lares, seg\u00fan denunci\u00f3 el Movimiento de los  Trabajadores Rurales Sin Tierra (MST), basado en documentos p\u00fablicos del  Tribunal Superior Electoral de ese pa\u00eds.<\/p>\n<p>&#13;<\/p>\n<p align=\"justify\" class=\"text1noticias\">Anteriormente,V\u00eda  Campesina Brasil hab\u00eda denunciado que esta propiedad era ilegal, al  encontrarse dentro de los 150 kil\u00f3metros de la frontera con Uruguay.\u00a0 Seg\u00fan la ley brasilera, los extranjeros no  pueden poseer tierras en esta franja  fronteriza.\u00a0 Stora Enso intent\u00f3 hacer la  compra a trav\u00e9s de su subsidiaria  Derflin, pero le fue denegado, justamente por ser extranjera.\u00a0 Ante esto cre\u00f3 una empresa fachada, la  agropecuaria Azenglever, de propiedad  de los brasile\u00f1os Jo\u00e3o Fernando Borges y Ot\u00e1vio Pontes (director  forestal y vicepresidente de Stora Enso para Am\u00e9rica Latina), actualmente dos  de los mayores latifundistas del estado.\u00a0 Azenglever ya posee  cerca de 50 haciendas y m\u00e1s de 45,000 hect\u00e1reas, pero pretende extender  sus plantaciones a 100,000 hect\u00e1reas.<\/p>\n<p>&#13;<\/p>\n<p align=\"justify\" class=\"text1noticias\">Como declaran las  mujeres de V\u00eda Campesina, \u00abNuestra acci\u00f3n es leg\u00edtima, Stora Enso es la ilegal.  Plantar este desierto verde en la faja fronteriza es un crimen  contra la ley de nuestro pa\u00eds, contra el ecosistema y contra la  soberan\u00eda alimentaria de nuestro estado que cada vez tiene menos tierras  para producir alimentos\u00bb.\u00a0 Explican  tambi\u00e9n que aunque han denunciado  repetidamente esta situaci\u00f3n de evidente abuso legal, las autoridades  no act\u00faan en consecuencia.\u00a0 Esta acci\u00f3n  forma parte de una  multiplicidad de protestas realizadas por mujeres de V\u00eda Campesina de todo Brasil  en el marco del 8 de marzo, d\u00eda mundial de las mujeres, contra  monocultivos de \u00e1rboles y ca\u00f1a de az\u00facar, contra la liberaci\u00f3n de ma\u00edz  transg\u00e9nico y otras pol\u00edticas de las multinacionales de los agronegocios.<\/p>\n<p>&#13;<\/p>\n<p align=\"justify\" class=\"text1noticias\">En el a\u00f1o 2006, cientos  de mujeres invadieron una plantaci\u00f3n de la empresa Aracruz, para  denunciar la situaci\u00f3n de atropellos que practican estas empresas, que en  varias partes del pa\u00eds han desplazado a miles de integrantes de  comunidades ind\u00edgenas, campesinas y quilombolas, directamente o a trav\u00e9s  de la contaminaci\u00f3n de aguas y suelos que provocan debido al alto  uso de agrot\u00f3xicos y a la eliminaci\u00f3n de muchos recursos forestales, de  fauna y flora, que son depredados dentro y alrededor de las  plantaciones.<\/p>\n<p>&#13;<\/p>\n<p align=\"justify\" class=\"text1noticias\">El argumento que arguyen  las empresas y gobiernos que las apoyan, para jusitficar este modelo  de enormes monocultivos de \u00e1rboles que avanza como un c\u00e1ncer en muchos  pa\u00edses del tercer mundo arrasando comunidades y ecosistemas, es la  \u00abnecesidad\u00bb de producir celulosa para la demanda creciente de papel.\u00a0 Ahora se suma tambi\u00e9n el empuje de esos monocultivos como  materia prima de agrocombustibles. En ambos casos, subyace la amenaza de  las empresas de que para producir m\u00e1s es necesario usar \u00e1rboles  transg\u00e9nicos.<\/p>\n<p>&#13;<\/p>\n<p align=\"justify\" class=\"text1noticias\">Es importante en este  contexto notar qui\u00e9nes y para qu\u00e9 se consume papel en el mundo,  justificaci\u00f3n de las tropel\u00edas de las grandes papeleras y f\u00e1bricas de celulosa,  incluyendo ataques armados de parte de los gobiernos \u00abde  papel\u00bb que las secundan.<\/p>\n<p>&#13;<\/p>\n<p align=\"justify\" class=\"text1noticias\">Seg\u00fan Chris Lang e  informes difundidos por el Movimiento Mundial de Bosques  (www.wrm.org.uy), el consumo global de papel por cabeza en 1961, era de 25 kilogramos,  mientras que al 2005 hab\u00eda saltado a 54 kilos.\u00a0 <br \/>&#13;<br \/>\n  <br \/>&#13;<br \/>\n  Estas cifras ocultan que  mientras que los pa\u00edses industrializados del Norte consumen 125 kilos  por persona en promedio, en los pa\u00edses del Sur apenas llega a 20 kilos  por persona.\u00a0 Tambi\u00e9n el promedio en los  pa\u00edses del Norte oculta  desigualdades: Finlandia (el mayor consumidor de papel per c\u00e1pita en el mundo)  consume 334 kilos por persona, Estados Unidos 312 y Jap\u00f3n 250.\u00a0\u00a0 En China, el consumo de papel por persona en  1960 era de 4 kilos y al 2005  alcazaba 44 kilos.\u00a0 Pero la mayor parte  del papel utilizado en China se  usa en embalajes de productos que se exportan al resto del mundo,  principalmente Europa, Jap\u00f3n y Am\u00e9rica del Norte.<\/p>\n<p>&#13;<\/p>\n<p align=\"justify\" class=\"text1noticias\">Justamente, la mayor  parte del consumo global de papel se va en propaganda y en  embalajes, cuyo uso se proyect\u00f3 exponencialmente tanto por la dislocaci\u00f3n de  las producciones que antes eran locales, como por el avance avasallador de  las ventas directas al consumidor en grandes supermercados,  desplazando formas m\u00e1s directas de relaci\u00f3n productor-consumidor a  nivel local.<\/p>\n<p>&#13;<\/p>\n<p align=\"justify\" class=\"text1noticias\">Por todo esto, la  protesta de las mujeres de V\u00eda Campesina de ninguna manera es un acto local,  sino que muestra al mundo lo que est\u00e1 oculto detr\u00e1s de estos  proyectos absurdamente llamados \u00abforestaci\u00f3n\u00bb, dise\u00f1ados para aumentar las  ganancias de grandes multinacionales a costa de los recursos y la vida de  las comunidades rurales.<\/p>\n<p>&#13;<\/p>\n<p align=\"justify\" class=\"text1noticias\">&#8211; Silvia Ribeiro es  investigadora del Grupo ETC. <\/p>\n<p>&#13;<\/p>\n<h6> 2008-03-18 04:30:00 <\/h6>\n<p><!--\n<link rel=\"stylesheet\" href=\"css\/bootstrap.min.css\">\n\n\n<ul class=\"pagination\">\n\t    \n\t\n\n<li >\n\t<a href='?page_no=12189'>Previous<\/a>\n\t<\/li>\n\n\n       \n    \n\n<li><a href='?page_no=1'>1<\/a><\/li>\n\n\n\n<li><a href='?page_no=2'>2<\/a><\/li>\n\n\n\n<li><a>...<\/a><\/li>\n\n\n\n<li><a href='?page_no=12188'>12188<\/a><\/li>\n\n\n\n<li><a href='?page_no=12189'>12189<\/a><\/li>\n\n\n\n<li class='active'><a>12190<\/a><\/li>\n\n\n\n<li><a href='?page_no=12191'>12191<\/a><\/li>\n\n\n\n<li><a href='?page_no=12192'>12192<\/a><\/li>\n\n\n\n<li><a>...<\/a><\/li>\n\n\n\n<li><a href='?page_no=13611'>13611<\/a><\/li>\n\n\n\n<li><a href='?page_no=13612'>13612<\/a><\/li>\n\n    \n\t\n\n<li >\n\t<a href='?page_no=12191'>Next<\/a>\n\t<\/li>\n\n\n    \n\n<li><a href='?page_no=13612'>Last &rsaquo;&rsaquo;<\/a><\/li>\n\n<\/ul>\n\n\n--><br \/>\n<\/body><\/p>\n","protected":false},"excerpt":{"rendered":"<p>Balas de papel &#13; Silvia Ribeiro &#13; ALAI AMLATINA, 17\/03\/2008, M\u00e9xico D.F-\u00a0 El 4 de marzo del 2008, m\u00e1s de 800 mujeres de la V\u00eda Campesina Brasil invadieron la Fazenda Tarum\u00e3, enR\u00edo Grande do Sul, Brasil, una hacienda de 2100 hect\u00e1reas dedicada al monocultivo de \u00e1rboles para la empresa papelera sueco-finlandesa Stora Enso, la segunda [&hellip;]<\/p>\n","protected":false},"author":3,"featured_media":0,"comment_status":"open","ping_status":"open","sticky":false,"template":"","format":"standard","meta":{"footnotes":""},"categories":[16],"tags":[],"class_list":["post-36315","post","type-post","status-publish","format-standard","hentry","category-opiniones"],"_links":{"self":[{"href":"https:\/\/diariodominicano.com\/index.php?rest_route=\/wp\/v2\/posts\/36315","targetHints":{"allow":["GET"]}}],"collection":[{"href":"https:\/\/diariodominicano.com\/index.php?rest_route=\/wp\/v2\/posts"}],"about":[{"href":"https:\/\/diariodominicano.com\/index.php?rest_route=\/wp\/v2\/types\/post"}],"author":[{"embeddable":true,"href":"https:\/\/diariodominicano.com\/index.php?rest_route=\/wp\/v2\/users\/3"}],"replies":[{"embeddable":true,"href":"https:\/\/diariodominicano.com\/index.php?rest_route=%2Fwp%2Fv2%2Fcomments&post=36315"}],"version-history":[{"count":0,"href":"https:\/\/diariodominicano.com\/index.php?rest_route=\/wp\/v2\/posts\/36315\/revisions"}],"wp:attachment":[{"href":"https:\/\/diariodominicano.com\/index.php?rest_route=%2Fwp%2Fv2%2Fmedia&parent=36315"}],"wp:term":[{"taxonomy":"category","embeddable":true,"href":"https:\/\/diariodominicano.com\/index.php?rest_route=%2Fwp%2Fv2%2Fcategories&post=36315"},{"taxonomy":"post_tag","embeddable":true,"href":"https:\/\/diariodominicano.com\/index.php?rest_route=%2Fwp%2Fv2%2Ftags&post=36315"}],"curies":[{"name":"wp","href":"https:\/\/api.w.org\/{rel}","templated":true}]}}