{"id":36307,"date":"2008-03-20T18:11:20","date_gmt":"2008-03-20T18:11:20","guid":{"rendered":"http:\/\/diariodominicano.ddns.net\/?p=36307"},"modified":"2008-03-20T18:11:20","modified_gmt":"2008-03-20T18:11:20","slug":"el-mirador-25","status":"publish","type":"post","link":"https:\/\/diariodominicano.com\/?p=36307","title":{"rendered":"EL MIRADOR"},"content":{"rendered":"<p><body><\/p>\n<p align=\"justify\"><strong class=\"titulogrande1\">EL MIRADOR<\/strong><br \/>&#13;<br \/>\n  <br \/>&#13;<br \/>\n    <span class=\"text1noticias\"><strong>El presidente del PRD err\u00f3  en el tiro<\/strong><br \/>&#13;<br \/>\n    <br \/>&#13;<br \/>\n    <img loading=\"lazy\" decoding=\"async\" src=\"http:\/\/10.0.0.82:8080\/pictures\/fotos mirador.jpg\" width=\"269\" height=\"91\" hspace=\"4\" align=\"left\" \/>El presidente del Partido Revolucionario  Dominicano (PRD), Ram\u00f3n Alburquerque err\u00f3 en el tiro cuando en Puerto Plata, injuri\u00f3 y difam\u00f3 al Arzobispo Metropolitano de Santo  Domingo, su Eminencia Reverend\u00edsima Nicol\u00e1s de Jes\u00fas Cardenal L\u00f3pez Rodr\u00edguez.  El proyectil \u00a0le sali\u00f3 por la culata y en  lugar de herir al Purpurado, ha causado otro da\u00f1o a su colectividad pol\u00edtica,  pues el rechazo a sus dichos se produce afuera y adentro.\u00a0 En la comunidad cristiana que invita a  perdonar y a reflexionar en estos d\u00edas, las palabras injuriosas y difamatorias  del presidente del PRD, constituyen el producto de la sumatoria de la mentira y  la intolerancia.<br \/>&#13;<br \/>\n    <br \/>&#13;<br \/>\n    <strong>Insolente, deslenguado y desconsiderado<\/strong><br \/>&#13;<br \/>\n    <br \/>&#13;<br \/>\n    El Cardenal L\u00f3pez Rodr\u00edguez \u00a0declin\u00f3 hacer comentarios \u00a0cuando el periodista Carlos Ebert, de  Telecentro, \u00a0le pidi\u00f3 su opini\u00f3n respecto  a los improperios del presidente del PRD, Ram\u00f3n Alburquerque. No mencion\u00f3 el  nombre del pol\u00edtico, pero advirti\u00f3 que no le va a contestar a un insolente,  deslenguado y desconsiderado. En opini\u00f3n del Arzobispo Metropolitano de Santo  Domingo,\u00a0 Rep\u00fablica Dominicana, es un  pa\u00eds muy peque\u00f1o donde todo el mundo se conoce, y el pa\u00eds conoce las  actuaciones de \u201cEse Se\u00f1or\u201d.\u00a0 La breve  declaraci\u00f3n, aun cuando se produjo en la Iglesia Nuestra Se\u00f1ora del Carmen,  tras\u00a0 concluir\u00a0 el acto en que el Purpurado explic\u00f3 el  significado\u00a0 del ritual del Jueves Santo,  \u00a0no fue rese\u00f1ada por los diarios  tradicionales. Los que vivimos en la RD la conocimos a trav\u00e9s de la televisi\u00f3n  y los diarios digitales. Un lector de los diarios tradicionales dijo en la  ma\u00f1ana que ahora para estar informado es necesario ver televisi\u00f3n, escuchar  radio y leer los peri\u00f3dicos digitales, porque hay cosas que no se publican en  los impresos. Como se comprueba, es imposible pensar que con autocensura se  puede impedir la difusi\u00f3n de los hechos. El que crea lo contrario es presa de autoenga\u00f1o,  sobre todo, si se trata de improperios que dispersan \u00a0como el \u201cFoll\u00f3n de Yamas\u00e1\u201d.\u00a0 Cierto, pero no hay duda de que el PRD y sus  dirigentes tienen nost\u00e1lgicos\u00a0 en la  prensa dominicana que entienden aqu\u00ed se perdi\u00f3 la memoria. Si lo duda, lea los  diarios del pa\u00eds.<br \/>&#13;<br \/>\n    <br \/>&#13;<br \/>\n    <strong>\u201cNuevo periodismo\u201d<\/strong><br \/>&#13;<br \/>\n    <br \/>&#13;<br \/>\n    La Comisi\u00f3n nombrada por el Poder Ejecutivo para que  investigara\u00a0 el manejo t\u00e9cnico dado a la \u00a0presa de Tavera durante el paso de la tormenta  Olga, ante denuncias de entidades pol\u00edticas de la oposici\u00f3n \u00a0y t\u00e9cnicos que sostienen hubo negligencia, ha  rendido su informe en el que establece \u00a0que los t\u00e9cnicos\u00a0 actuaron\u00a0  de manera correcta. La conclusi\u00f3n no fue difundida por algunos medios,  pero llam\u00f3 la atenci\u00f3n de que a pesar de que no publicaron la noticia oficial,  llenaron sus p\u00e1ginas de cr\u00edticas de pol\u00edticos y vinculados que critican el  documento rendido por la Comisi\u00f3n Evaluadora. Es decir, no rese\u00f1aron el hecho,  pero s\u00ed dieron despliegue a las reacciones de los pol\u00edticos que\u00a0 pretenden restar cr\u00e9dito a la investigaci\u00f3n.  Alguien ha dicho que ese es el \u201cnuevo periodismo\u201d que hacen en el pa\u00eds los  maestros que se han pasado la vida dando lecciones de objetividad. Eso es m\u00e1s  bien mezquindad extrema. Una prensa tan parcial al final pierde espacio. Nadie  tiene autoridad para\u00a0 limitar el derecho  a la informaci\u00f3n. Lo contrario es pr\u00e1ctica de intolerancia. <br \/>&#13;<br \/>\n    <br \/>&#13;<br \/>\n    <strong>La gente no quiere retroceder<\/strong><br \/>&#13;<br \/>\n    <br \/>&#13;<br \/>\nLa nueva encuesta de opini\u00f3n  de New Link, reafirma el comportamiento electoral que se expresa en Rep\u00fablica  Dominicana. Una encuesta que concluy\u00f3 el 8 de este mes estableci\u00f3 que Leonel  Fern\u00e1ndez, el candidato presidencial del PLD, ten\u00eda 56.2 en la preferencia electoral  y en otro sondeo \u00a0que termin\u00f3 el d\u00eda 15  de este mismo mes de marzo, Leonel subi\u00f3 a 60.4. En cambio, el candidato  presidencial del PRD, Miguel Vargas Maldonado, en la primera encuesta de New  Link, obtuvo 35.5 por ciento y en la del d\u00eda 15, baj\u00f3 a 30.7.\u00a0 Esto viene a reafirmar la tendencia electoral  dominicana en el actual proceso: a medida que se acerca el d\u00eda de las  elecciones del 16 de mayo, Leonel sube y Miguel baja.\u00a0 La encuesta que hizo la Penn, Schoend &amp;  Berland, del 4 al 6 de marzo, muestra el mismo comportamiento: Leonel Fern\u00e1ndez  sigue creciendo en la preferencia electoral, mientras Miguel Vargas Maldonado y  Amable Aristy Castro, mantienen la tendencia a la baja. En las encuestas que  realiz\u00f3\u00a0 la Penn, Schoen &amp; Berland: \u00a0en octubre, Leonel Fern\u00e1ndez ten\u00eda 45%, en la  de noviembre subi\u00f3 a 50% y en la dada a conocer el martes 18 de marzo aument\u00f3  su preferencia electoral a 56%.\u00a0 El  candidato del PRD mantiene la tendencia a la baja. En octubre Miguel Vargas  Maldonado ten\u00eda 38%, en noviembre baj\u00f3 a 35%\u00a0  y en la nueva encuesta descendi\u00f3 a 32%.\u00a0  Amable Aristy Castro en octubre ten\u00eda 12%, en noviembre baj\u00f3 a 10% y en  la de marzo descendi\u00f3 a 8%. Todo indica que la gente teme a una nueva gesti\u00f3n  del PRD: hace recordar la grave crisis econ\u00f3mica 2000-2004, y las  manifestaciones de intolerancia pol\u00edtica. <\/span><\/p>\n<p>&#13;<\/p>\n<p align=\"justify\" class=\"text1noticias\"><strong>Apagones\u00a0  y escasez\u00a0 de\u00a0 gas<\/strong><\/p>\n<p>&#13;<\/p>\n<p align=\"justify\" class=\"text1noticias\">La lectura de las portadas de  los diarios de la segunda y tercera semana de marzo de 2004 recuerda d\u00edas  dif\u00edciles. <br \/>&#13;<br \/>\n  <br \/>&#13;<br \/>\nLas notas que siguen se publicaron en el peri\u00f3dico Hoy:<\/p>\n<p>&#13;<\/p>\n<div align=\"justify\">&#13;<\/p>\n<ul>&#13;<\/p>\n<li class=\"text1noticias\"><strong>La empresa de generaci\u00f3n de energ\u00eda<\/strong> AES Dominicana afirm\u00f3 ayer (15 de marzo  2004) que el gobierno incumpli\u00f3 los t\u00e9rminos de pago establecidos en el acuerdo  para la sostenibilidad de la producci\u00f3n el\u00e9ctrica<br \/>&#13;<br \/>\n      <br \/>&#13;\n    <\/li>\n<p>&#13;<\/p>\n<li class=\"text1noticias\">Largas  filas de veh\u00edculos y amas de casa se formaron hoy (15 de marzo 2004) en unas  pocas envasadoras de gas que ten\u00edan el carburante, buscando abastecerse del  mismo ante la aguda escasez existente. El licenciado Rafael Calder\u00f3n,  secretario de Finanzas, dijo que el Gobierno no tiene nada que ver con esa  crisis y subray\u00f3 que las autoridades \u00abs\u00f3lo adeudan\u00bb RD$243 millones  del subsidio del gas, pero que el cheque con ese monto est\u00e1 ya en proceso de  libramiento.<\/li>\n<p>&#13;\n  <\/ul>\n<p>&#13;<\/p>\n<ul>&#13;<\/p>\n<li class=\"text1noticias\"><strong>Retornan los apagones.<\/strong><\/li>\n<p>&#13;\n  <\/ul>\n<p>&#13;\n<\/p><\/div>\n<p>&#13;<\/p>\n<p align=\"justify\">\u00a0<\/p>\n<p>&#13;<\/p>\n<div align=\"justify\">&#13;<\/p>\n<ul>&#13;<\/p>\n<li class=\"text1noticias\"><strong>El presidente de la Refiner\u00eda de  Petr\u00f3leo<\/strong> (REFIDOMSA),  Amaury Justo Duarte, declar\u00f3 ayer que la actual escasez de gas se debe a  problemas laborales entre transportistas, propietarios y choferes de ese  sector. Asimismo, el doctor Justo Duarte declar\u00f3 que el pasado s\u00e1bado se  recibi\u00f3 un buque de 30,000 barriles y que hoy est\u00e1n a la espera de otro, con  80,000 barriles.<\/li>\n<p>&#13;\n  <\/ul>\n<p>&#13;<\/p>\n<ul>&#13;<\/p>\n<li class=\"text1noticias\"><strong>La prensa dominicana<\/strong> no est\u00e1 viviendo su mejor momento, a  pesar de que, en t\u00e9rminos generales, la libertad de expresi\u00f3n se ejerce sin  restricciones, seg\u00fan el informe de medio a\u00f1o presentado en Los Cabos, M\u00e9xico,  por el doctor Rafael Molina Morillo, presidente de la Comisi\u00f3n de Libertad de  Prensa e Informaci\u00f3n. En los \u00faltimos meses, sin embargo, dos importantes  publicaciones semanales, las revistas ARumbo@ y AAhora@, miembros de la SIP, se  vieron obligadas a cerrar como consecuencia de la crisis econ\u00f3mica nacional que  antes provoc\u00f3 tambi\u00e9n el cierre de otros tres peri\u00f3dicos: El Expreso, Ultima  Hora y El Financiero, lo que significa menos ventanas abiertas al pluralismo en  las ideas y opiniones. (17 marzo 2004)<\/li>\n<p>&#13;\n  <\/ul>\n<p>&#13;\n<\/p><\/div>\n<p>&#13;<\/p>\n<p align=\"justify\" class=\"text1noticias\"><strong>En  Palacio<\/strong><br \/>&#13;<br \/>\n  <br \/>&#13;<br \/>\n  El texto siguiente es el contenido  de\u00a0 la columna\u00a0 \u201cEn Palacio\u201d, del periodista Manuel Jim\u00e9nez,  publicada en el diario Hoy, el 20 de marzo de 2004. Es un t\u00f3nico para los nost\u00e1lgicos  del PRD-PPH, que hoy apuestan a la falta de memoria que atribuyen a los  dominicanos y dominicanas:<\/p>\n<p>&#13;<\/p>\n<p align=\"justify\" class=\"text1noticias\"><strong>En la estrategia <\/strong>de campa\u00f1a del presidente Hip\u00f3lito  Mej\u00eda, a los periodistas se nos hace virtualmente imposible establecer la  diferencia entre cu\u00e1ndo se est\u00e1 en un acto oficial o en una actividad pol\u00edtica  reeleccionista. La estrategia del presidente Mej\u00eda ha sido la de combinar ambas  cosas. De esta manera, \u00bfc\u00f3mo establecer el uso de recursos del Estado en la  campa\u00f1a pol\u00edtica? Bueno. Por ejemplo, si el Presidente sale en caravana desde  Santo Domingo a una jornada de inauguraciones de obras, es l\u00f3gico suponer que  los funcionarios que le acompa\u00f1an viajen en sus veh\u00edculos oficiales, con  gasolina y dieta cubierta por sus instituciones. Pero cada acto inaugural de  una obra p\u00fablica es una manifestaci\u00f3n de respaldo a la campa\u00f1a del candidato  del Partido Revolucionario Dominicano (PRD). <strong>Cada acto de inauguraci\u00f3n de una obra p\u00fablica es una abierta  manifestaci\u00f3n de respaldo a las aspiraciones continuistas del Presidente Mej\u00eda,  pues all\u00ed se manifiestan los simpatizantes y activistas perrede\u00edstas, algunos  de los cuales son transportados en veh\u00edculos oficiales o autobuses privados  previamente contratados. <\/strong>Un funcionario gubernamental reconoci\u00f3 que resulta  \u201cdif\u00edcil, para no decir imposible\u201d, separar una cosa de la otra. \u201cLa reelecci\u00f3n  del presidente Mej\u00eda tiene que apoyarse en lo que el gobierno ha hecho, porque  nosotros no podemos ir a prometer cosas\u201d, me dijo ese funcionario en el  reciente recorrido presidencial por poblaciones del suroeste del pa\u00eds. \u201cNo  podemos evitar, tampoco que \u00a1espont\u00e1neamente!, los perrede\u00edstas vengan a  respaldar su candidato. \u00a1Eso era lo que hac\u00eda Balaguer!\u201d, me dijo con firmeza.  Pero le record\u00e9 que esas precisamente eran las cosas que el PRD, aquella vez en  la oposici\u00f3n, m\u00e1s criticaba a Balaguer y a su Partido Reformista Social  Cristiano (PRSC). \u201cLos tiempos cambian\u201d, me reconoci\u00f3 el funcionario en aquella  conversaci\u00f3n puramente informal.<br \/>&#13;<br \/>\n  <br \/>&#13;<br \/>\n  En el Distrito Municipal de El Lim\u00f3n,  una apartada comunidad de la provincia fronteriza de Independencia, el  presidente Mej\u00eda entreg\u00f3 t\u00edtulos de propiedad y asent\u00f3 a 183 campesinos, en lo  que es una ampliaci\u00f3n de un proyecto agrario para la siembra de guineo y mango  org\u00e1nicos para la exportaci\u00f3n. Tom\u00e1s Hern\u00e1ndez Alberto, director del IAD,  revel\u00f3 en su discurso que en la ma\u00f1ana, previo a la llegada del presidente  Mej\u00eda, se reuni\u00f3 a los parceleros y a sus familiares para que aprendieran las  estrofas de un in\u00e9dito himno a la memoria del fenecido l\u00edder perrede\u00edsta Jos\u00e9  Francisco Pe\u00f1a G\u00f3mez. La idea, y as\u00ed se hizo, era que los parceleros, sus  familias y otros residentes en El Lim\u00f3n cantaran a coro el himno a Pe\u00f1a G\u00f3mez  en presencia del presidente Mej\u00eda y sus acompa\u00f1antes. Me llam\u00f3 la atenci\u00f3n una  de las estrofas del himno, cuyo autor no fue identificado, que reza: \u201c\u00a1M\u00e1s que  negro, m\u00e1s que blanco, patriota hasta morir! \u00a1Pe\u00f1a, Pe\u00f1a, Pe\u00f1a, vive!\u201d El  senador Dagoberto Adames, se encarg\u00f3 de despertar las ilusiones de aquellos  parceleros en un r\u00e1pido an\u00e1lisis sobre futuras ganancias por sus exportaciones  de guineo y mango org\u00e1nico. Las tierras que ser\u00e1n mojadas por un novedoso  sistema de riego por goteo, lucen preparadas para la siembra, pero  polvorientas. No obstante, el senador, euf\u00f3rico, hizo unos r\u00e1pidos c\u00e1lculos  sobre los futuros ingresos de los parceleros, \u00a1y a una tasa 50 pesos por d\u00f3lar!  Consult\u00e9 a un agr\u00f3nomo que me explic\u00f3 que una mata de guineo est\u00e1 dando su  primer fruto en unos siete meses, en tanto que el mango, si es una variedad  buena, esta pariendo en unos tres a\u00f1os. Si partimos del c\u00e1lculo del senador  Adames, dentro de tres a\u00f1os, estar\u00edamos a\u00fan con una tasa estable, del RD$50.  Pero el senador se anot\u00f3 una a su favor en su pueblo natal, Duverg\u00e9, donde el  presidente Mej\u00eda encontr\u00f3 a su llegado un real desbordamiento de entusiasmo. El  mandatario acudi\u00f3 a inaugurar la Iglesia Cat\u00f3lica y all\u00ed los seguidores de la  reelecci\u00f3n no respetaron ni la solemnidad del templo, que abarrotaron agitando  banderas y lanzando consignas, hasta que el padre Pedro Ponce, a quien algunos  lugare\u00f1os tildan de \u201cm\u00e1s perrede\u00edsta que Hip\u00f3lito\u201d iniciara su serm\u00f3n y diera  la bendici\u00f3n al Presidente. La inauguraci\u00f3n se celebr\u00f3 en grande, en una calle  lateral al templo cat\u00f3lico, donde no solamente el senador Adames gozaba por la  concurrencia, sino tambi\u00e9n su compueblano, el diputado Henry Sarraf. Un  incidente, previo a la llegada a Duverg\u00e9 del presidente Mej\u00eda, fue la nota  discordante. Testigos dicen que el pelede\u00edsta Albert Roque Pe\u00f1a grito a unos  perrede\u00edstas: \u201c\u00a1Es p\u00e1 fuera que van!\u201d para que el guardaespaldas del s\u00edndico,  identificado como Jorge Gonz\u00e1lez, le disparara al hombro. La herida no fue  grave, se dijo en el hospital.<\/p>\n<p>&#13;<br \/>\n&#13;<br \/>\nmirador@diariodominicano.com&#13;<\/p>\n<h6> 2008-03-20 18:11:20 <\/h6>\n<p><!--\n<link rel=\"stylesheet\" href=\"css\/bootstrap.min.css\">\n\n\n<ul class=\"pagination\">\n\t    \n\t\n\n<li >\n\t<a href='?page_no=12182'>Previous<\/a>\n\t<\/li>\n\n\n       \n    \n\n<li><a href='?page_no=1'>1<\/a><\/li>\n\n\n\n<li><a href='?page_no=2'>2<\/a><\/li>\n\n\n\n<li><a>...<\/a><\/li>\n\n\n\n<li><a href='?page_no=12181'>12181<\/a><\/li>\n\n\n\n<li><a href='?page_no=12182'>12182<\/a><\/li>\n\n\n\n<li class='active'><a>12183<\/a><\/li>\n\n\n\n<li><a href='?page_no=12184'>12184<\/a><\/li>\n\n\n\n<li><a href='?page_no=12185'>12185<\/a><\/li>\n\n\n\n<li><a>...<\/a><\/li>\n\n\n\n<li><a href='?page_no=13611'>13611<\/a><\/li>\n\n\n\n<li><a href='?page_no=13612'>13612<\/a><\/li>\n\n    \n\t\n\n<li >\n\t<a href='?page_no=12184'>Next<\/a>\n\t<\/li>\n\n\n    \n\n<li><a href='?page_no=13612'>Last &rsaquo;&rsaquo;<\/a><\/li>\n\n<\/ul>\n\n\n--><br \/>\n<\/body><\/p>\n","protected":false},"excerpt":{"rendered":"<p>EL MIRADOR&#13; &#13; El presidente del PRD err\u00f3 en el tiro&#13; &#13; El presidente del Partido Revolucionario Dominicano (PRD), Ram\u00f3n Alburquerque err\u00f3 en el tiro cuando en Puerto Plata, injuri\u00f3 y difam\u00f3 al Arzobispo Metropolitano de Santo Domingo, su Eminencia Reverend\u00edsima Nicol\u00e1s de Jes\u00fas Cardenal L\u00f3pez Rodr\u00edguez. El proyectil \u00a0le sali\u00f3 por la culata y [&hellip;]<\/p>\n","protected":false},"author":3,"featured_media":0,"comment_status":"open","ping_status":"open","sticky":false,"template":"","format":"standard","meta":{"footnotes":""},"categories":[16],"tags":[],"class_list":["post-36307","post","type-post","status-publish","format-standard","hentry","category-opiniones"],"_links":{"self":[{"href":"https:\/\/diariodominicano.com\/index.php?rest_route=\/wp\/v2\/posts\/36307","targetHints":{"allow":["GET"]}}],"collection":[{"href":"https:\/\/diariodominicano.com\/index.php?rest_route=\/wp\/v2\/posts"}],"about":[{"href":"https:\/\/diariodominicano.com\/index.php?rest_route=\/wp\/v2\/types\/post"}],"author":[{"embeddable":true,"href":"https:\/\/diariodominicano.com\/index.php?rest_route=\/wp\/v2\/users\/3"}],"replies":[{"embeddable":true,"href":"https:\/\/diariodominicano.com\/index.php?rest_route=%2Fwp%2Fv2%2Fcomments&post=36307"}],"version-history":[{"count":0,"href":"https:\/\/diariodominicano.com\/index.php?rest_route=\/wp\/v2\/posts\/36307\/revisions"}],"wp:attachment":[{"href":"https:\/\/diariodominicano.com\/index.php?rest_route=%2Fwp%2Fv2%2Fmedia&parent=36307"}],"wp:term":[{"taxonomy":"category","embeddable":true,"href":"https:\/\/diariodominicano.com\/index.php?rest_route=%2Fwp%2Fv2%2Fcategories&post=36307"},{"taxonomy":"post_tag","embeddable":true,"href":"https:\/\/diariodominicano.com\/index.php?rest_route=%2Fwp%2Fv2%2Ftags&post=36307"}],"curies":[{"name":"wp","href":"https:\/\/api.w.org\/{rel}","templated":true}]}}