{"id":36305,"date":"2008-03-21T23:44:17","date_gmt":"2008-03-21T23:44:17","guid":{"rendered":"http:\/\/diariodominicano.ddns.net\/?p=36305"},"modified":"2008-03-21T23:44:17","modified_gmt":"2008-03-21T23:44:17","slug":"uribe-enredado-en-su-guerra-mediatica","status":"publish","type":"post","link":"https:\/\/diariodominicano.com\/?p=36305","title":{"rendered":"Uribe enredado en su \u201cguerra medi\u00e1tica\u201d"},"content":{"rendered":"<p><body><\/p>\n<p class=\"titulogrande1\">Uribe enredado en su  \u201cguerra medi\u00e1tica\u201d<\/p>\n<p>&#13;<\/p>\n<p class=\"textogrande\">Eduardo Tamayo G.<\/p>\n<p>&#13;<\/p>\n<p align=\"justify\" class=\"text1noticias\"><strong>ALAI AMLATINA,  20\/03\/2008, Quito.-\u00a0<\/strong> \u201cM\u00e1s r\u00e1pido se  atrapa a un mentiroso que a un ladr\u00f3n\u201d reza el  dicho popular que perfectamente puede aplicarse al Presidente Alvaro  Uribe V\u00e9lez y su \u201cguerra medi\u00e1tica\u201d con la que pretende levantar una  cortina de humo para ocultar el bombardeo de un campamento de las FARC  en territorio ecuatoriano, en flagrante violaci\u00f3n a su soberan\u00eda.\u00a0 En efecto, todav\u00eda est\u00e1 fresco el fiasco de la  reciente XXV Reuni\u00f3n de Ministros  de Relaciones Exteriores de la OEA, donde los diplom\u00e1ticos colombianos  repartieron una foto, publicada en el diario colombiano El Tiempo, en  la que supuestamente aparec\u00eda el ministro coordinador de seguridad  interna ecuatoriano Gustavo Larrea reuni\u00e9ndose con el ex N\u00ba 2 de las  FARC, Ra\u00fal Reyes.\u00a0 La foto correspond\u00eda  en realidad al dirigente  comunista argentino Patricio Etchegaray, quien inmediatamente sali\u00f3 a  desmentir la impostura.<\/p>\n<p>&#13;<\/p>\n<p align=\"justify\" class=\"text1noticias\">A Uribe le sali\u00f3 el tiro  por la culata porque la supuesta prueba de la vinculaci\u00f3n de las FARC  con el gobierno ecuatoriano qued\u00f3 desbaratada y los cancilleres tuvieron  que aprobar una declaraci\u00f3n que refrendaba la del Grupo de Rio, que en  lo esencial rechaza la incursi\u00f3n militar ecuatoriana y dice no a  la doctrina de la guerra preventiva dise\u00f1ada en Washington.<\/p>\n<p>&#13;<\/p>\n<p align=\"justify\" class=\"text1noticias\">Realidad y ficci\u00f3n<\/p>\n<p>&#13;<\/p>\n<p align=\"justify\" class=\"text1noticias\">El primero de marzo de  este a\u00f1o se produjo un hecho real, evidente, incontrastable:  militares y polic\u00edas colombianos penetraron a territorio ecuatoriano,  bombardearon un campamento de las FARC, remataron a los heridos y se llevaron  como trofeo de guerra al cad\u00e1ver de alias Ra\u00fal Reyes, dejando  abandonadas a tres mujeres que quedaron mal heridas, entre ellas la mexicana  Luc\u00eda Morett que sobrevivi\u00f3 para contarlo.\u00a0 Entre los muertos, hab\u00eda  cuatro j\u00f3venes mexicanos y un ecuatoriano.<\/p>\n<p>&#13;<\/p>\n<p align=\"justify\" class=\"text1noticias\">Este es el hecho  probado, reconocido por todos, inclusive por el gobierno de Alvaro  Uribe, y rechazado en forma casi un\u00e1nime por los gobiernos y los pueblos  del continente, con excepci\u00f3n de Estados Unidos.\u00a0 \u201cAm\u00e9rica Latina no es Medio Oriente y no  queremos un Israel en esta regi\u00f3n\u201d, es el  mensaje.\u00a0 Qued\u00f3 en evidencia el car\u00e1cter  belicista del gobierno de Uribe y  del due\u00f1o del circo, George W. Bush, y que el objetivo de la incursi\u00f3n  a suelo ecuatoriano era desestabilizar al gobierno de Rafael  Correa y a la unidad sudamericana en la que soplan aires de independencia y  soberan\u00eda que no son del agrado de Washington.<\/p>\n<p>&#13;<\/p>\n<p align=\"justify\" class=\"text1noticias\">Frente a esta situaci\u00f3n,  Uribe y todas las fuerzas que lo acompa\u00f1an y apoyan a escala nacional  e internacional reaccionaron con una estrategia medi\u00e1tica concertada  para distraer y confundir a la opini\u00f3n p\u00fablica.\u00a0 <br \/>&#13;<br \/>\n  <br \/>&#13;<br \/>\n  Los medios que han  acolitado a Uribe en sus mentiras y medias verdades tienen nombre y  apellidos:<\/p>\n<p>&#13;<\/p>\n<p align=\"justify\" class=\"text1noticias\">1) El diario El Tiempo  de Bogot\u00e1.<\/p>\n<p>&#13;<\/p>\n<p align=\"justify\" class=\"text1noticias\">2) El Grupo Prisa,  transnacional espa\u00f1ola de multimedios que publica en Madrid el diario El Pa\u00eds  y es propietario de radio Caracol, la principal cadena de Colombia, y de  otras radios en Am\u00e9rica Latina.<\/p>\n<p>&#13;<\/p>\n<p align=\"justify\" class=\"text1noticias\">3) La cadena estadounidense  CNN. <\/p>\n<p>&#13;<\/p>\n<p align=\"justify\" class=\"text1noticias\">4) Ciertos canales y  medios ecuatorianos que se hicieron eco de las informaciones difundidas  por los medios citados y cayeron en el juego de Uribe.<\/p>\n<p>&#13;<\/p>\n<p align=\"justify\" class=\"text1noticias\">La estrategia medi\u00e1tica  era clara: intentar relacionar a las FARC con los gobiernos de Ecuador  y Venezuela y presionar para que Rafael Correa abandone su pol\u00edtica de  neutralidad y no injerencia en el Plan Colombia y llevarlo a que declare  como \u201cterrorista\u201d a las FARC, para que asuma todas las consecuencias  que ello implica en el campo militar y diplom\u00e1tico.<\/p>\n<p>&#13;<\/p>\n<p align=\"justify\" class=\"text1noticias\">Toda esta \u201cguerra  medi\u00e1tica\u201d se basa en las informaciones de tres laptop supuestamente  pertenecientes a alias Ra\u00fal Reyes que \u201cresistieron\u201d a las 10 bombas de  fragmentaci\u00f3n que lanzaron los aviones colombianos en el campamento de las FARC  en Angostura.\u00a0 Y de estas laptop,  salieron las supuestas pruebas para  relacionar a los gobiernos de Ecuador y Venezuela con las FARC.\u00a0 Y con estas supuestas pruebas, el gobierno  estadounidense intenta incluir a  Venezuela en el \u201ceje del mal\u201d y desestabilizar al gobierno de Rafael  Correa.<\/p>\n<p>&#13;<\/p>\n<p align=\"justify\" class=\"text1noticias\">Mientras el Presidente  Rafael Correa, tras el espaldarazo que recibieron las tesis ecuatorianas  en el Grupo de Rio, declaraba, un poco apresuradamente: \u201cal  final ganamos la batalla informativa a nivel internacional y  nacional\u201d, Uribe prosegu\u00eda con su \u201cguerra medi\u00e1tica\u201d utilizando los viejos  m\u00e9todos y trucos de la CIA y la FBI, que le han permitido pasar de  victimario a v\u00edctima.\u00a0 Revisemos algunos  de ellos.<\/p>\n<p>&#13;<\/p>\n<p align=\"justify\" class=\"text1noticias\">La propaganda \u201cnegra\u201d<\/p>\n<p>&#13;<\/p>\n<p align=\"justify\" class=\"text1noticias\">En el libro \u201cLa CIA sin  m\u00e1scara\u201d, escrito hace 32 a\u00f1os por Gualterio Cuevas Mardones, se  se\u00f1ala que la propaganda \u201cnegra\u201d \u201cconsiste en la elaboraci\u00f3n de  informaci\u00f3n falsa, convenientemente presentada que, por su misma naturaleza es  dif\u00edcil de verificar y que tiende a inculcar en la opini\u00f3n p\u00fablica ideas  equivocadas sobre temas del mundo contempor\u00e1neo\u201d.\u00a0 El \u201cEcuador es el refugio y el santuario de  las FARC\u201d es el mensaje uribista  que ha sido retomado, entre otros, por el Diario El Pa\u00eds de Espa\u00f1a.\u00a0 <br \/>&#13;<br \/>\n  <br \/>&#13;<br \/>\n  En su edici\u00f3n del 12 de marzo, este  peri\u00f3dico, bas\u00e1ndose en una sola  fuente (los militares colombianos y las declaraciones de un tal  Miguel, un ex guerrillero del frente 48 de las FARC), y sin contrastar  las fuentes, se\u00f1ala que las FARC cuentan con 11 campamentos en suelo  ecuatoriano, ocho de ellos \u201cgrandes, con talleres, polvorines y pistas de  entrenamiento en la zona del r\u00edo San Miguel\u201d y tres m\u00e1s peque\u00f1os en el  rio Putumayo\u201d.\u00a0 Las ochos bases  permanentes ser\u00edan: Rancher\u00edas, San  Jos\u00e9, El Arenal, la Isla, El Lim\u00f3n (Sic), la Escalera, Farf\u00e1n y  Puerto Mestanza.\u00a0 Adem\u00e1s, asegura que las  FARC soborna a la polic\u00eda  ecuatoriana para que les deje pasar droga y que los \u201caltos mandos militares  ecuatorianos nos apoyan con log\u00edstica, armamento, carpas y  uniformes\u201d.<\/p>\n<p>&#13;<\/p>\n<p align=\"justify\" class=\"text1noticias\">El 18 de marzo un grupo  de corresponsales de la prensa extranjera en Ecuador, junto con el  Ministro de Defensa del Ecuador, Dr. Wellington Sandoval, y el alto  mando de las Fuerzas Armadas del Ecuador, realizamos un sobrevuelo en  helic\u00f3ptero por los puntos se\u00f1alados por El Pa\u00eds de Espa\u00f1a y encontramos que  nada de lo que dice este medio es verdad.\u00a0  No hay tales campamentos de  las FARC, lo que hay son peque\u00f1os poblados en medio de la espesura de  una inmensa selva, mayoritariamente habitado por colombianos.\u00a0 Las FARC est\u00e1n al otro lado de la frontera,  en el lado colombiano.<\/p>\n<p>&#13;<\/p>\n<p align=\"justify\" class=\"text1noticias\">El ministro Sandoval  reitera que al norte el Ecuador no limita con Colombia sino con las  FARC, y espec\u00edficamente con el frente 48 de las mismas, que se ubica al  frente de la provincia nor oriental ecuatoriana de Sucumb\u00edos.\u00a0 M\u00e1s al norte \u201ctenemos a elementos del ELN  (Ej\u00e9rcito de Liberaci\u00f3n Nacional), el  frente 29 de las FARC que est\u00e1 encima del (r\u00edo) Mataje y otros grupos  relacionados con la droga y el narcotr\u00e1fico\u201d, se\u00f1ala Sandoval.<\/p>\n<p>&#13;<\/p>\n<p align=\"justify\" class=\"text1noticias\">Los irregulares \u201cocupan  todo el borde sur de Colombia y pr\u00e1cticamente se pasean libremente, el  ej\u00e9rcito colombiano, por estrategia o como quiera decir, no toma posesi\u00f3n,  no existe soberan\u00eda sobre la frontera colombiana porque est\u00e1  en manos de los irregulares armados\u201d, agrega Sandoval.\u00a0 Al interior de Colombia se ubica la Brigada M\u00f3vil Contrasubversiva N\u00ba 13  de El Empalme que efect\u00faa ataques puntuales y se retira.<\/p>\n<p>&#13;<\/p>\n<p align=\"justify\" class=\"text1noticias\">Unos 8000 soldados  ecuatorianos vigilan una frontera de 720 kil\u00f3metros, de los cuales 429 son de  selva inh\u00f3spita y casi impenetrable.\u00a0 Una frontera porosa dif\u00edcil  de controlar.<\/p>\n<p>&#13;<\/p>\n<p align=\"justify\" class=\"text1noticias\">El conflicto colombiano  ocasiona al Ecuador un gasto de unos 100 millones de d\u00f3lares al  a\u00f1o que podr\u00edan servir para combatir la pobreza y atender las m\u00faltiples  necesidades sociales insatisfechas.<\/p>\n<p>&#13;<\/p>\n<p align=\"justify\" class=\"text1noticias\">Con un pie de fuerza de  406.022 soldados y un presupuesto de 7000 millones de d\u00f3lares y un  enorme apoyo econ\u00f3mico, militar y tecnol\u00f3gico de Estados Unidos, el  Estado colombiano se muestra incapaz de controlar sus fronteras,  pretendiendo \u201cderramar\u201d el conflicto a sus vecinos e involucrarlos en una  guerra que no es la suya.<\/p>\n<p>&#13;<\/p>\n<p align=\"justify\" class=\"text1noticias\">Una cosa que no dice la  versi\u00f3n sesgada de El Pa\u00eds es que el Ecuador es m\u00e1s bien el \u201csantuario\u201d  de los refugiados que huyen de la violencia desencadenada por todos  los actores armados de Colombia.\u00a0  Alrededor de medio mill\u00f3n de  colombianos han sido acogidos en el Ecuador, de los cuales 58.000 son  refugiados.<\/p>\n<p>&#13;<\/p>\n<p align=\"justify\" class=\"text1noticias\">Propaganda \u201cblanca\u201d<\/p>\n<p>&#13;<\/p>\n<p align=\"justify\" class=\"text1noticias\">Seg\u00fan el ya citado  Cuevas Mardones, la propaganda \u201cblanca\u201d utiliza \u201cinformaci\u00f3n ver\u00eddica,  pero que igualmente est\u00e1 seleccionada y presentada de modo que  pueda ejercer el efecto buscado sobre quienes la reciben\u201d.<\/p>\n<p>&#13;<\/p>\n<p align=\"justify\" class=\"text1noticias\">El aparato medi\u00e1tico del  continente tiene una visi\u00f3n reduccionista del conflicto colombiano que  ya lleva 60 a\u00f1os, descargando todas las culpas sobre las FARC como si  \u00e9stas fueran el \u00fanico actor armado responsable de la violencia.\u00a0 (Para que no haya dudas sobre nuestro  criterio sobre las FARC, suscribimos lo que  se\u00f1ala el periodista uruguayo Ra\u00fal Zibechi: \u201cLo primero que llama la  atenci\u00f3n, es la falta de pudor de los actores.\u00a0  Las FARC se presentan como  una organizaci\u00f3n revolucionaria y popular pero son en realidad un grupo  armado que viola los derechos humanos, recluta menores a la fuerza,  abusa de las mujeres y de los rehenes que mantiene en su poder y se  financia gracias al narcotr\u00e1fico.\u00a0 Muchos  pa\u00edses lo consideran terrorista\u201d).<\/p>\n<p>&#13;<\/p>\n<p align=\"justify\" class=\"text1noticias\">De las FARC tambi\u00e9n  habr\u00eda que decir tambi\u00e9n que cuando crearon un partido pol\u00edtico, la  Uni\u00f3n Patri\u00f3tica, para intervenir en la vida democr\u00e1tica, m\u00e1s de 3000  de sus miembros fueron asesinados.<\/p>\n<p>&#13;<\/p>\n<p align=\"justify\" class=\"text1noticias\">En el conflicto  colombiano se identifican \u201ccuatro capas armadas\u201d: fuerzas armadas, las  guerrillas, los paramilitares y los narcotraficantes.\u00a0 Un quinto elemento que habr\u00eda que agregar es  Estados Unidos que provee  financiamiento militar (Colombia ocupa el tercer lugar en la ayuda militar  estadounidense despu\u00e9s de Israel y Egipto), asesoramiento militar,  informaci\u00f3n y tecnol\u00f3gica de punta.\u00a0 Cada  uno de estos actores tiene sus  propias responsabilidades en las cifras de la violencia: cuatro  millones de desplazados, 30.000 desaparecidos, 3.500 masacres, 3.200  secuestrados, cientos de miles de muertos, y cientos de miles de fosas comunes.<\/p>\n<p>&#13;<\/p>\n<p align=\"justify\" class=\"text1noticias\">Si hubiera un real  inter\u00e9s de los grandes medios por impulsar una agenda de paz tendr\u00edan que  informar con la verdad.\u00a0 Los medios se  hacen eco de los secuestrados pero se  olvidan de las dem\u00e1s v\u00edctimas de la violencia: refugiados, desplazados,  familiares de desaparecidos, viudas, v\u00edctimas de tortura, familiares  de sindicalistas, ind\u00edgenas, afrocolombianos y periodistas asesinados\u2026  \u00bfPor qu\u00e9 solo fijarse en las FARC y no referirse tambi\u00e9n a los  paramilitares y al Estado colombiano que desde julio de 2002 a junio de 2006 es  responsable de 955 ejecuciones extrajudiciales y 235 desapariciones  forzadas, seg\u00fan el Colectivo de Abogados \u201cJos\u00e9 Alvear Restrepo\u201d de Colombia?<\/p>\n<p>&#13;<\/p>\n<p align=\"justify\" class=\"text1noticias\">Debemos desmenuzar todas  las aristas del conflicto indagando las causas que lo generan y  perpet\u00faan.\u00a0 Una mirada sesgada y  parcializada no ayuda a formar opiniones  certeras del conflicto y sus posibles salidas La v\u00eda de la guerra no ha  contribuido a resolverlo en m\u00e1s de 6 d\u00e9cadas porque no se han abordado las  situaciones de exclusi\u00f3n, inequidad, impunidad e injusticia que lo  alimentan \u00bfPor qu\u00e9 no prestar atenci\u00f3n a los planteamientos de  soluci\u00f3n pol\u00edtica al conflicto propuestas por partidos como el Polo Democr\u00e1tico  de Colombia, organismos de derechos humanos, sindicatos y ciudadanos  y ciudadanas que \u00faltimamente se han movilizado masivamente en busca de  la paz?<\/p>\n<p>&#13;<\/p>\n<p align=\"justify\" class=\"text1noticias\">&#8211; Eduardo Tamayo G. es  periodista ecuatoriano.<\/p>\n<p>&#13;<\/p>\n<h6> 2008-03-21 23:44:17 <\/h6>\n<p><!--\n<link rel=\"stylesheet\" href=\"css\/bootstrap.min.css\">\n\n\n<ul class=\"pagination\">\n\t    \n\t\n\n<li >\n\t<a href='?page_no=12180'>Previous<\/a>\n\t<\/li>\n\n\n       \n    \n\n<li><a href='?page_no=1'>1<\/a><\/li>\n\n\n\n<li><a href='?page_no=2'>2<\/a><\/li>\n\n\n\n<li><a>...<\/a><\/li>\n\n\n\n<li><a href='?page_no=12179'>12179<\/a><\/li>\n\n\n\n<li><a href='?page_no=12180'>12180<\/a><\/li>\n\n\n\n<li class='active'><a>12181<\/a><\/li>\n\n\n\n<li><a href='?page_no=12182'>12182<\/a><\/li>\n\n\n\n<li><a href='?page_no=12183'>12183<\/a><\/li>\n\n\n\n<li><a>...<\/a><\/li>\n\n\n\n<li><a href='?page_no=13611'>13611<\/a><\/li>\n\n\n\n<li><a href='?page_no=13612'>13612<\/a><\/li>\n\n    \n\t\n\n<li >\n\t<a href='?page_no=12182'>Next<\/a>\n\t<\/li>\n\n\n    \n\n<li><a href='?page_no=13612'>Last &rsaquo;&rsaquo;<\/a><\/li>\n\n<\/ul>\n\n\n--><br \/>\n<\/body><\/p>\n","protected":false},"excerpt":{"rendered":"<p>Uribe enredado en su \u201cguerra medi\u00e1tica\u201d &#13; Eduardo Tamayo G. &#13; ALAI AMLATINA, 20\/03\/2008, Quito.-\u00a0 \u201cM\u00e1s r\u00e1pido se atrapa a un mentiroso que a un ladr\u00f3n\u201d reza el dicho popular que perfectamente puede aplicarse al Presidente Alvaro Uribe V\u00e9lez y su \u201cguerra medi\u00e1tica\u201d con la que pretende levantar una cortina de humo para ocultar el [&hellip;]<\/p>\n","protected":false},"author":3,"featured_media":0,"comment_status":"open","ping_status":"open","sticky":false,"template":"","format":"standard","meta":{"footnotes":""},"categories":[16],"tags":[],"class_list":["post-36305","post","type-post","status-publish","format-standard","hentry","category-opiniones"],"_links":{"self":[{"href":"https:\/\/diariodominicano.com\/index.php?rest_route=\/wp\/v2\/posts\/36305","targetHints":{"allow":["GET"]}}],"collection":[{"href":"https:\/\/diariodominicano.com\/index.php?rest_route=\/wp\/v2\/posts"}],"about":[{"href":"https:\/\/diariodominicano.com\/index.php?rest_route=\/wp\/v2\/types\/post"}],"author":[{"embeddable":true,"href":"https:\/\/diariodominicano.com\/index.php?rest_route=\/wp\/v2\/users\/3"}],"replies":[{"embeddable":true,"href":"https:\/\/diariodominicano.com\/index.php?rest_route=%2Fwp%2Fv2%2Fcomments&post=36305"}],"version-history":[{"count":0,"href":"https:\/\/diariodominicano.com\/index.php?rest_route=\/wp\/v2\/posts\/36305\/revisions"}],"wp:attachment":[{"href":"https:\/\/diariodominicano.com\/index.php?rest_route=%2Fwp%2Fv2%2Fmedia&parent=36305"}],"wp:term":[{"taxonomy":"category","embeddable":true,"href":"https:\/\/diariodominicano.com\/index.php?rest_route=%2Fwp%2Fv2%2Fcategories&post=36305"},{"taxonomy":"post_tag","embeddable":true,"href":"https:\/\/diariodominicano.com\/index.php?rest_route=%2Fwp%2Fv2%2Ftags&post=36305"}],"curies":[{"name":"wp","href":"https:\/\/api.w.org\/{rel}","templated":true}]}}