{"id":36300,"date":"2008-03-24T22:35:16","date_gmt":"2008-03-24T22:35:16","guid":{"rendered":"http:\/\/diariodominicano.ddns.net\/?p=36300"},"modified":"2008-03-24T22:35:16","modified_gmt":"2008-03-24T22:35:16","slug":"el-lider-politico-y-el-silencio","status":"publish","type":"post","link":"https:\/\/diariodominicano.com\/?p=36300","title":{"rendered":"El L\u00edder Pol\u00edtico y el Silencio"},"content":{"rendered":"<p><body><\/p>\n<p class=\"titulogrande1\"><strong>El L\u00edder Pol\u00edtico y  el Silencio<\/strong><\/p>\n<p>&#13;<\/p>\n<p align=\"justify\" class=\"text1noticias\">El l\u00edder pol\u00edtico debe actuar con  comedimiento y de forma serena cuando ocurren insultos, tanto en el plano  interno de su organizaci\u00f3n como cuando ocurren en la oposici\u00f3n o en el seno de  la opini\u00f3n publica. El l\u00edder con el fin de construir relaciones armoniosas y de  paz debe dejar pasar por alto las insidias de aquellos que le vilipendian.<\/p>\n<p>&#13;<\/p>\n<p align=\"justify\" class=\"text1noticias\">En la medida que el l\u00edder asume una actitud  serena y permanece indiferente ante los ataques personales que recibe de sus  adversarios, su actitud ser\u00e1 valorada tanto por sus parciales como por aquellos  que han decidido denostarle. Cuando el l\u00edder\u00a0  asume una posici\u00f3n ecu\u00e1nime y no se impacienta ni se irrita con los  ataques personales de sus oponentes, esta dando el primer paso para ganarse,  sea en el presente o en el futuro a quienes ahora le atacan y le critican.\u00a0\u00a0\u00a0\u00a0\u00a0\u00a0\u00a0\u00a0\u00a0\u00a0\u00a0\u00a0\u00a0\u00a0\u00a0\u00a0\u00a0\u00a0\u00a0\u00a0\u00a0\u00a0\u00a0\u00a0\u00a0\u00a0\u00a0\u00a0\u00a0\u00a0\u00a0\u00a0\u00a0\u00a0\u00a0\u00a0\u00a0\u00a0\u00a0\u00a0\u00a0\u00a0\u00a0 <br \/>&#13;<br \/>\n\u00a0\u00a0\u00a0\u00a0\u00a0\u00a0\u00a0\u00a0\u00a0\u00a0\u00a0\u00a0\u00a0\u00a0\u00a0\u00a0\u00a0\u00a0\u00a0\u00a0\u00a0\u00a0\u00a0\u00a0\u00a0\u00a0\u00a0\u00a0\u00a0\u00a0\u00a0\u00a0\u00a0\u00a0\u00a0\u00a0\u00a0\u00a0\u00a0\u00a0\u00a0\u00a0\u00a0\u00a0\u00a0\u00a0\u00a0\u00a0\u00a0\u00a0\u00a0\u00a0\u00a0\u00a0\u00a0\u00a0\u00a0\u00a0\u00a0\u00a0\u00a0\u00a0\u00a0\u00a0\u00a0\u00a0\u00a0\u00a0\u00a0\u00a0\u00a0\u00a0\u00a0\u00a0\u00a0\u00a0\u00a0\u00a0\u00a0\u00a0\u00a0\u00a0\u00a0\u00a0\u00a0\u00a0\u00a0\u00a0\u00a0\u00a0\u00a0\u00a0\u00a0\u00a0\u00a0\u00a0\u00a0\u00a0\u00a0\u00a0\u00a0\u00a0\u00a0\u00a0\u00a0\u00a0\u00a0\u00a0\u00a0\u00a0\u00a0\u00a0\u00a0\u00a0\u00a0\u00a0\u00a0 <br \/>&#13;<br \/>\nEl l\u00edder pol\u00edtico debe guardar silencio y  callar en aquellas circunstancias\u00a0 en que  ser reservado y cauto suman a su causa. El l\u00edder s\u00f3lo deber\u00e1 reaccionar a los  ataques de sus oponentes cuando los mismos afectan su imagen en el aspecto  moral y de credibilidad p\u00fablica, as\u00ed como cuando se trate de da\u00f1ar su  integridad personal. En esos casos su reacci\u00f3n s\u00f3lo se justificara si quien  hace la cr\u00edtica tiene la misma jerarqu\u00eda social, econ\u00f3mica o pol\u00edtica que el  l\u00edder. Si quien hace las cr\u00edticas o los ataques es una persona que s\u00f3lo busca  notoriedad p\u00fablica, en esos casos el l\u00edder\u00a0  no deber\u00e1 responder ataques de  personas que no tienen la misma jerarqu\u00eda social y pol\u00edtica que \u00e9l.<br \/>&#13;<br \/>\n<br \/> &#13;<br \/>\nEn esos  casos si\u00a0 \u00e9ste respondiera estar\u00eda  disminuyendo su jerarqu\u00eda social y pol\u00edtica.\u00a0\u00a0\u00a0 <br \/>&#13;<br \/>\n\u00a0\u00a0\u00a0\u00a0\u00a0\u00a0\u00a0\u00a0\u00a0\u00a0  \u00a0\u00a0\u00a0\u00a0\u00a0\u00a0\u00a0\u00a0\u00a0\u00a0\u00a0\u00a0\u00a0\u00a0\u00a0\u00a0\u00a0\u00a0\u00a0\u00a0\u00a0\u00a0\u00a0\u00a0\u00a0\u00a0\u00a0\u00a0\u00a0\u00a0\u00a0\u00a0\u00a0\u00a0\u00a0\u00a0\u00a0\u00a0\u00a0\u00a0\u00a0\u00a0\u00a0\u00a0\u00a0\u00a0\u00a0\u00a0\u00a0\u00a0\u00a0\u00a0\u00a0\u00a0\u00a0\u00a0\u00a0\u00a0\u00a0\u00a0\u00a0\u00a0\u00a0\u00a0\u00a0\u00a0\u00a0\u00a0\u00a0\u00a0\u00a0\u00a0\u00a0\u00a0\u00a0\u00a0\u00a0\u00a0\u00a0\u00a0\u00a0\u00a0\u00a0\u00a0\u00a0\u00a0\u00a0\u00a0\u00a0\u00a0\u00a0\u00a0\u00a0\u00a0\u00a0\u00a0\u00a0\u00a0\u00a0\u00a0\u00a0\u00a0\u00a0\u00a0\u00a0\u00a0\u00a0\u00a0\u00a0\u00a0<br \/>&#13;<br \/>\nSiempre se ha dicho que los hombres comunes  descubren sus ideas y pensamientos de manera espont\u00e1nea, sin embargo, el l\u00edder  pol\u00edtico debe cuidarse de no ser un hablador permanente, porque el mucho hablar  conduce a errores\u00a0 y eso debe ser evitado  por el l\u00edder de cualquier organizaci\u00f3n pol\u00edtica. Aun aquellos que no son  l\u00edderes, pero que son reservados y discretos en sus palabras\u00a0 son tratados con consideraci\u00f3n por quienes le  rodean. El l\u00edder pol\u00edtico s\u00f3lo debe decir aquello que conviene decir y no  entrar en disquisiciones innecesarias.<\/p>\n<p>&#13;<\/p>\n<p align=\"justify\" class=\"text1noticias\">El l\u00edder pol\u00edtico que permanezca al frente  del Estado debe tener presente que cuando se est\u00e1 en el poder se tendr\u00e1n los  aplausos y sonrisas, tanto de seguidores como de aquellos que desean acercarse,  tratando de disfrutar \u201cde las mieles\u201d que reporta el poder. En muchos casos, el  l\u00edder inteligente, en ocasiones, deber\u00e1 apartarse de las lisonjas\u00a0 de su entorno y acercarse a los sectores  humildes para conversar con ellos y enterarse de las necesidades mas sentidas  de la gente .Ese contacto con la gente le permitir\u00e1 palpar, por si mismo, cu\u00e1l  es la realidad que est\u00e1n viviendo esos sectores y ese contacto le permitir\u00e1  saber lo que piensan las personas humildes sobre la gesti\u00f3n que esta llevando a  cabo desde el gobierno.\u00a0\u00a0\u00a0\u00a0\u00a0\u00a0\u00a0\u00a0\u00a0\u00a0\u00a0\u00a0\u00a0\u00a0\u00a0\u00a0\u00a0\u00a0\u00a0\u00a0\u00a0\u00a0\u00a0\u00a0\u00a0\u00a0\u00a0\u00a0\u00a0\u00a0\u00a0\u00a0\u00a0\u00a0\u00a0\u00a0\u00a0\u00a0\u00a0\u00a0\u00a0\u00a0\u00a0\u00a0\u00a0\u00a0\u00a0\u00a0\u00a0\u00a0\u00a0\u00a0\u00a0\u00a0\u00a0\u00a0\u00a0\u00a0\u00a0\u00a0\u00a0\u00a0\u00a0\u00a0\u00a0\u00a0\u00a0\u00a0\u00a0\u00a0\u00a0\u00a0\u00a0\u00a0\u00a0\u00a0\u00a0\u00a0\u00a0\u00a0\u00a0\u00a0\u00a0\u00a0\u00a0\u00a0\u00a0\u00a0 <\/p>\n<p>&#13;<\/p>\n<p align=\"justify\" class=\"text1noticias\">Ante la gente, el l\u00edder pol\u00edtico debe actuar  con sencillez y cortes\u00eda porque cuando se procede de esa manera las personas  humildes que \u00e9l contacta podr\u00e1n hablar y exponer, de forma sincera, y sin  reparos sus preocupaciones y necesidades. El l\u00edder pol\u00edtico debe ser cauto, y  en las oportunidades en que advierte ha cometido errores, en sus actuaciones  debe proceder con rapidez para corregirlos a tiempo, ya que si as\u00ed lo hace los  mismos pueden pasar por desapercibidos o sencillamente\u00a0 no tener los efectos negativos\u00a0 que tendr\u00edan si se insiste en ellos. <\/p>\n<p>&#13;<\/p>\n<p align=\"justify\" class=\"text1noticias\">El l\u00edder en el gobierno no debe caer en la  excesiva pasividad, porque eso da origen al des\u00e1nimo y a la confusi\u00f3n en la  poblaci\u00f3n. Tampoco puede ser  excesivamente riguroso porque una actitud similar puede acarrearle resultados negativos. De  toda forma \u00e9ste debe saber que siempre habr\u00e1n contradicciones e  inconsecuencias entre los hombres,  porque esa es la esencia de la vida, por eso el l\u00edder debe preocuparse por  conocer\u00a0 el pa\u00eds que gobierna\u00a0 y adem\u00e1s debe ser un preocupado por saber  cu\u00e1l es la tendencia de los acontecimientos locales y mundiales, porque ello le  permitir\u00e1 ajustar sus ideas y actuaciones\u00a0  a las tendencias y pensamientos vigentes, tanto en el plano interno como  externo al pa\u00eds. <\/p>\n<p>&#13;<\/p>\n<div align=\"justify\" class=\"text1noticias\"><strong>Evelio  Arroyo es Soci\u00f3logo, Abogado y Escritor. Estos temas son publicados del libro  \u201cLideres y Liderazgos\u201d \u00a0de su autor\u00eda \u00a0\u00a0\u00a0\u00a0\u00a0\u00a0\u00a0\u00a0\u00a0\u00a0\u00a0<\/strong><\/div>\n<p>&#13;<\/p>\n<h6> 2008-03-24 22:35:16 <\/h6>\n<p><!--\n<link rel=\"stylesheet\" href=\"css\/bootstrap.min.css\">\n\n\n<ul class=\"pagination\">\n\t    \n\t\n\n<li >\n\t<a href='?page_no=12176'>Previous<\/a>\n\t<\/li>\n\n\n       \n    \n\n<li><a href='?page_no=1'>1<\/a><\/li>\n\n\n\n<li><a href='?page_no=2'>2<\/a><\/li>\n\n\n\n<li><a>...<\/a><\/li>\n\n\n\n<li><a href='?page_no=12175'>12175<\/a><\/li>\n\n\n\n<li><a href='?page_no=12176'>12176<\/a><\/li>\n\n\n\n<li class='active'><a>12177<\/a><\/li>\n\n\n\n<li><a href='?page_no=12178'>12178<\/a><\/li>\n\n\n\n<li><a href='?page_no=12179'>12179<\/a><\/li>\n\n\n\n<li><a>...<\/a><\/li>\n\n\n\n<li><a href='?page_no=13611'>13611<\/a><\/li>\n\n\n\n<li><a href='?page_no=13612'>13612<\/a><\/li>\n\n    \n\t\n\n<li >\n\t<a href='?page_no=12178'>Next<\/a>\n\t<\/li>\n\n\n    \n\n<li><a href='?page_no=13612'>Last &rsaquo;&rsaquo;<\/a><\/li>\n\n<\/ul>\n\n\n--><br \/>\n<\/body><\/p>\n","protected":false},"excerpt":{"rendered":"<p>El L\u00edder Pol\u00edtico y el Silencio &#13; El l\u00edder pol\u00edtico debe actuar con comedimiento y de forma serena cuando ocurren insultos, tanto en el plano interno de su organizaci\u00f3n como cuando ocurren en la oposici\u00f3n o en el seno de la opini\u00f3n publica. El l\u00edder con el fin de construir relaciones armoniosas y de paz [&hellip;]<\/p>\n","protected":false},"author":3,"featured_media":0,"comment_status":"open","ping_status":"open","sticky":false,"template":"","format":"standard","meta":{"footnotes":""},"categories":[16],"tags":[],"class_list":["post-36300","post","type-post","status-publish","format-standard","hentry","category-opiniones"],"_links":{"self":[{"href":"https:\/\/diariodominicano.com\/index.php?rest_route=\/wp\/v2\/posts\/36300","targetHints":{"allow":["GET"]}}],"collection":[{"href":"https:\/\/diariodominicano.com\/index.php?rest_route=\/wp\/v2\/posts"}],"about":[{"href":"https:\/\/diariodominicano.com\/index.php?rest_route=\/wp\/v2\/types\/post"}],"author":[{"embeddable":true,"href":"https:\/\/diariodominicano.com\/index.php?rest_route=\/wp\/v2\/users\/3"}],"replies":[{"embeddable":true,"href":"https:\/\/diariodominicano.com\/index.php?rest_route=%2Fwp%2Fv2%2Fcomments&post=36300"}],"version-history":[{"count":0,"href":"https:\/\/diariodominicano.com\/index.php?rest_route=\/wp\/v2\/posts\/36300\/revisions"}],"wp:attachment":[{"href":"https:\/\/diariodominicano.com\/index.php?rest_route=%2Fwp%2Fv2%2Fmedia&parent=36300"}],"wp:term":[{"taxonomy":"category","embeddable":true,"href":"https:\/\/diariodominicano.com\/index.php?rest_route=%2Fwp%2Fv2%2Fcategories&post=36300"},{"taxonomy":"post_tag","embeddable":true,"href":"https:\/\/diariodominicano.com\/index.php?rest_route=%2Fwp%2Fv2%2Ftags&post=36300"}],"curies":[{"name":"wp","href":"https:\/\/api.w.org\/{rel}","templated":true}]}}