{"id":36297,"date":"2008-03-24T22:42:28","date_gmt":"2008-03-24T22:42:28","guid":{"rendered":"http:\/\/diariodominicano.ddns.net\/?p=36297"},"modified":"2008-03-24T22:42:28","modified_gmt":"2008-03-24T22:42:28","slug":"miguel-vargas-y-la-realidad-electoral","status":"publish","type":"post","link":"https:\/\/diariodominicano.com\/?p=36297","title":{"rendered":"Miguel Vargas y la Realidad  Electoral"},"content":{"rendered":"<p><body><\/p>\n<p class=\"titulogrande1\"><strong>Miguel Vargas y la Realidad\u00a0 Electoral<\/strong><\/p>\n<p>&#13;<\/p>\n<p align=\"justify\" class=\"text1noticias\">El proceso electoral a celebrarse\u00a0 el pr\u00f3ximo 16 de mayo es un escenario donde  las firmas encuestadoras han tenido gran participaci\u00f3n, emitiendo y promoviendo  resultados y porcentajes, seg\u00fan la firma y seg\u00fan el grupo que promueve dichas  encuestas.<\/p>\n<p>&#13;<\/p>\n<p align=\"justify\" class=\"text1noticias\">Qu\u00e9 hacen tantas firmas encuestadoras  cuando pasan las elecciones y los resultados que ellas han pronosticado no se  cumplen? De manera regular lo que hacen estas firmas es dar una explicaci\u00f3n, atribuy\u00e9ndole  las fallas de sus pron\u00f3sticos a la franja del voto de los indecisos y casi  siempre se dice que los indecisos son la diferencia de su pronostico pre-  elecciones, para tratar de justificar sus fallas ante los ojos de la gente. \u00a0<\/p>\n<p>&#13;<\/p>\n<p align=\"justify\" class=\"text1noticias\">Tomemos por ejemplo los porcentajes de  una de esas encuestas y expongamos sus resultados: 57%+ 32%+ 8%+ 4% de los  partidos peque\u00f1os, esta suma nos da 101%. Deseamos hacernos la siguiente  pregunta? Cu\u00e1l ha sido la tasa promedio de abstenci\u00f3n en el pa\u00eds en los \u00faltimos  procesos electorales? La respuesta a esta pregunta es que la tasa de abstenci\u00f3n  ha oscilado entre el 20 y el 40% . \u00bfQu\u00e9 quiere decir esta simple operaci\u00f3n  matem\u00e1tica? Quiere decir que una encuesta con esta tendencia y porcentajes no  resiste ning\u00fan tipo de an\u00e1lisis, en el escenario social y\u00a0 pol\u00edtico, ya que no esta reflejando la  realidad electoral del momento, caracterizada por una competencia\u00a0 que refleja, en las calles con la gente,  mayor apoyo a favor de la candidatura del Ing. Miguel Vargas. <\/p>\n<p>&#13;<\/p>\n<p align=\"justify\" class=\"text1noticias\">\u00bfCu\u00e1l es la realidad electoral del  momento? La realidad electoral del momento se puede dividir en dos escenarios.  Hay un escenario que se esta desarrollando en todas las provincias del pa\u00eds. En  ese escenario la reelecci\u00f3n no tiene posibilidad de competir con la candidatura  del Ing. Miguel Vargas, ya que producto de la crisis econ\u00f3mica que agobia a la  gente y a las familias, la decisi\u00f3n del pueblo es darle un voto de castigo a la  reelecci\u00f3n y al gobierno. <\/p>\n<p>&#13;<\/p>\n<p align=\"justify\" class=\"text1noticias\">Contrario a la realidad electoral  negativa que refleja la reelecci\u00f3n en el aprecio de la gente, la candidatura  del Ing. Miguel Vargas se ha convertido en un fen\u00f3meno electoral, por el  aprecio que concita en todo el pa\u00eds, ya que la gente del pueblo lo ve como la  carta de triunfo frente a la reelecci\u00f3n y el gobierno. \u00bfPor qu\u00e9 esos niveles de  simpat\u00edas en la candidatura de Miguel Vargas? La respuesta es autom\u00e1tica: La  clase media y los sectores pobres est\u00e1n pasando mucha hambre y saben que quien  ha causado y profundizado esa situaci\u00f3n es este gobierno, con diferentes  reformas fiscales y con la construcci\u00f3n de un metro que no le ha dejado un  chele en los bolsillos a los contribuyentes, por tanto no ven esperanza de que  su situaci\u00f3n con la reelecci\u00f3n va a cambiar.<\/p>\n<p>&#13;<\/p>\n<p align=\"justify\" class=\"text1noticias\">Resultado de esa realidad que vive la  gente? \u00a0El cambio la gente lo ve  encarnado en el Ing. Miguel Vargas. Por eso no han valido los millones de pesos  que ha gastado el gobierno en publicidad para tratar de satanizarlo, ya que  aunque el gobierno no lo entienda y trate de venderle otra realidad al pa\u00eds por  medio de las encuestas y los medios de comunicaci\u00f3n, la realidad es que ya el  pueblo tomo su decisi\u00f3n, la cual quedara expresada, p\u00e9sele a quien le pese, el pr\u00f3ximo  16 de mayo.<\/p>\n<p>&#13;<\/p>\n<p align=\"justify\" class=\"text1noticias\">Cu\u00e1l es el otro escenario electoral  donde est\u00e1n debati\u00e9ndose los candidatos? Ese otro escenario son los medios de  comunicaci\u00f3n. En ellos, por cada 12 anuncios que pasa el gobierno y la  reelecci\u00f3n la oposici\u00f3n pasa uno \u00bf Esta participaci\u00f3n desigual de los partidos  de oposici\u00f3n en esos medios le sumara muchos votos a la reelecci\u00f3n? Lo primero  que debemos decir es que una de las fallas de esa campa\u00f1a del gobierno, que es  vista como ventaja por la reelecci\u00f3n, va a ser la causa principal de su derrota  electoral. <\/p>\n<p>&#13;<\/p>\n<p align=\"justify\" class=\"text1noticias\">\u00bfPor qu\u00e9? Porque la reelecci\u00f3n cree  que avasallando con anuncios lograra borrar la situaci\u00f3n de calamidad nacional  que esta padeciendo la gente y el pa\u00eds y parece que no se dan cuenta que  producto de esa presencia masiva de anuncios, por esos medios, hasta el m\u00e1s  simple ciudadano se da cuenta de la mala calidad del producto que se esta  vendiendo, y por otra parte la gente tambi\u00e9n percibe la desesperaci\u00f3n por  colocar \u00a0y vender en esos medios un  producto malo como el de la reelecci\u00f3n, que casi nadie quiere comprar.<\/p>\n<p>&#13;<\/p>\n<p align=\"justify\" class=\"text1noticias\">Esta realidad electoral que se  desarrolla en los medios de comunicaci\u00f3n, en vez de tener resultados, cambiando  los sentimientos del votante, lo que esta es abri\u00e9ndole los ojos a la gente,  sobre\u00a0 cu\u00e1l es la situaci\u00f3n de rechazo  que esta recibiendo la reelecci\u00f3n en el seno del pueblo. El gobierno con esta \u201ccampa\u00f1a  apabullante\u201d ha calculado mal sus acciones, porque cree que atacando a Miguel  Vargas diminuir\u00e1 el crecimiento de su candidatura y con esa actitud le ha  abierto los ojos a la gente; as\u00ed la gente ha podido ver la falta de respaldo  electoral y la debilidad de que adolece la reelecci\u00f3n. El pueblo, que es  inteligente, tambi\u00e9n se da cuenta que a pesar de las encuestas hay una realidad  electoral latente, y esa realidad es que la gente, de forma mayoritaria, desea  un cambio pol\u00edtico, como antesala del cambio econ\u00f3mico y social que se avecina.<\/p>\n<p>&#13;<\/p>\n<p align=\"justify\" class=\"text1noticias\">En cuanto al proceso electoral no hay  nada que temer. El pa\u00eds votar\u00e1 y votar\u00e1 a favor del candidato de su preferencia  y aunque el gobierno piense que atacando a Miguel Vargas acaba con su  candidatura, debe estar consciente de que en este proceso electoral no esta en  juego una candidatura, si no la voluntad mayoritaria del pueblo y la democracia,  que ha decidido apoyarlo, y lo mejor que puede hacer el gobierno, si los  resultados de las elecciones de mayo no le favorecen, es respetar esa voluntad.<\/p>\n<p>&#13;<\/p>\n<p align=\"justify\" class=\"text1noticias\">Evelio Arroyo es  Soci\u00f3logo, Abogado y Escritor. Es, adem\u00e1s, Director Nacional de  Comunicaciones\u00a0 y Estrategias del  Movimiento en L\u00ednea con Miguel que preside el Dr. Francisco Fern\u00e1ndez. <br \/>&#13;<br \/>\n\u00a0\u00a0\u00a0\u00a0\u00a0\u00a0\u00a0\u00a0\u00a0\u00a0\u00a0\u00a0\u00a0\u00a0\u00a0\u00a0\u00a0 <\/p>\n<p>&#13;<\/p>\n<h6> 2008-03-24 22:42:28 <\/h6>\n<p><!--\n<link rel=\"stylesheet\" href=\"css\/bootstrap.min.css\">\n\n\n<ul class=\"pagination\">\n\t    \n\t\n\n<li >\n\t<a href='?page_no=12173'>Previous<\/a>\n\t<\/li>\n\n\n       \n    \n\n<li><a href='?page_no=1'>1<\/a><\/li>\n\n\n\n<li><a href='?page_no=2'>2<\/a><\/li>\n\n\n\n<li><a>...<\/a><\/li>\n\n\n\n<li><a href='?page_no=12172'>12172<\/a><\/li>\n\n\n\n<li><a href='?page_no=12173'>12173<\/a><\/li>\n\n\n\n<li class='active'><a>12174<\/a><\/li>\n\n\n\n<li><a href='?page_no=12175'>12175<\/a><\/li>\n\n\n\n<li><a href='?page_no=12176'>12176<\/a><\/li>\n\n\n\n<li><a>...<\/a><\/li>\n\n\n\n<li><a href='?page_no=13611'>13611<\/a><\/li>\n\n\n\n<li><a href='?page_no=13612'>13612<\/a><\/li>\n\n    \n\t\n\n<li >\n\t<a href='?page_no=12175'>Next<\/a>\n\t<\/li>\n\n\n    \n\n<li><a href='?page_no=13612'>Last &rsaquo;&rsaquo;<\/a><\/li>\n\n<\/ul>\n\n\n--><br \/>\n<\/body><\/p>\n","protected":false},"excerpt":{"rendered":"<p>Miguel Vargas y la Realidad\u00a0 Electoral &#13; El proceso electoral a celebrarse\u00a0 el pr\u00f3ximo 16 de mayo es un escenario donde las firmas encuestadoras han tenido gran participaci\u00f3n, emitiendo y promoviendo resultados y porcentajes, seg\u00fan la firma y seg\u00fan el grupo que promueve dichas encuestas. &#13; Qu\u00e9 hacen tantas firmas encuestadoras cuando pasan las elecciones [&hellip;]<\/p>\n","protected":false},"author":3,"featured_media":0,"comment_status":"open","ping_status":"open","sticky":false,"template":"","format":"standard","meta":{"footnotes":""},"categories":[16],"tags":[],"class_list":["post-36297","post","type-post","status-publish","format-standard","hentry","category-opiniones"],"_links":{"self":[{"href":"https:\/\/diariodominicano.com\/index.php?rest_route=\/wp\/v2\/posts\/36297","targetHints":{"allow":["GET"]}}],"collection":[{"href":"https:\/\/diariodominicano.com\/index.php?rest_route=\/wp\/v2\/posts"}],"about":[{"href":"https:\/\/diariodominicano.com\/index.php?rest_route=\/wp\/v2\/types\/post"}],"author":[{"embeddable":true,"href":"https:\/\/diariodominicano.com\/index.php?rest_route=\/wp\/v2\/users\/3"}],"replies":[{"embeddable":true,"href":"https:\/\/diariodominicano.com\/index.php?rest_route=%2Fwp%2Fv2%2Fcomments&post=36297"}],"version-history":[{"count":0,"href":"https:\/\/diariodominicano.com\/index.php?rest_route=\/wp\/v2\/posts\/36297\/revisions"}],"wp:attachment":[{"href":"https:\/\/diariodominicano.com\/index.php?rest_route=%2Fwp%2Fv2%2Fmedia&parent=36297"}],"wp:term":[{"taxonomy":"category","embeddable":true,"href":"https:\/\/diariodominicano.com\/index.php?rest_route=%2Fwp%2Fv2%2Fcategories&post=36297"},{"taxonomy":"post_tag","embeddable":true,"href":"https:\/\/diariodominicano.com\/index.php?rest_route=%2Fwp%2Fv2%2Ftags&post=36297"}],"curies":[{"name":"wp","href":"https:\/\/api.w.org\/{rel}","templated":true}]}}