{"id":36296,"date":"2008-03-24T22:46:22","date_gmt":"2008-03-24T22:46:22","guid":{"rendered":"http:\/\/diariodominicano.ddns.net\/?p=36296"},"modified":"2008-03-24T22:46:22","modified_gmt":"2008-03-24T22:46:22","slug":"bush-en-el-cielo-ii","status":"publish","type":"post","link":"https:\/\/diariodominicano.com\/?p=36296","title":{"rendered":"BUSH EN EL CIELO (II)"},"content":{"rendered":"<p><body><\/p>\n<p align=\"justify\"><strong>BUSH EN EL CIELO (II) <\/strong><br \/>&#13;<br \/>\n    <br \/>&#13;<br \/>\n      <span class=\"text1noticias\">El martes 18  de marzo se cumpli\u00f3 el quinto aniversario del arresto de m\u00e1s de 70  vendepatrias, cabecillas de la quintacolumna del imperialismo en Cuba que,  pagados por el gobierno de Estados Unidos, violan las leyes del pa\u00eds y  comparten la tesis de que este oscuro rinc\u00f3n del mundo debe ser barrido del  mapa. Con motivo de la fecha, un vocero del Departamento de Estado calific\u00f3 el  hecho como \u00abprimavera negra\u00bb, un t\u00e9rmino de connotaci\u00f3n racista.  Podr\u00edamos llamarla \u00abprimavera blanca\u00bb. La oscuridad no existe en el  espacio sino en las mentes. \u00a1Qu\u00e9 enorme diferencia entre los m\u00e9todos del  gobierno de Estados Unidos y los de Cuba! Ninguno de los mercenarios fue  torturado ni privado de abogado o juicio, aunque este fuese de car\u00e1cter  sumario, previsto en las leyes si existe peligro de agresi\u00f3n; tienen derecho a  visitas, acceso al pabell\u00f3n familiar y dem\u00e1s prerrogativas legales como todos  los reclusos, y si en alg\u00fan momento la salud lo demanda seriamente, son puestos  en libertad sin que las exigencias del imperialismo y sus aliados determinen  absolutamente nada. Los exhortamos a que hagan con la poblaci\u00f3n penal de  Estados Unidos lo mismo que Cuba. La Revoluci\u00f3n exige respeto a la soberan\u00eda y  no el perd\u00f3n.<br \/>&#13;<br \/>\n      <br \/>&#13;<br \/>\n      Al cumplirse  el mi\u00e9rcoles 19 de marzo cinco a\u00f1os de la est\u00fapida guerra desatada en Iraq,  Bush echa mano de alguna declaraci\u00f3n, ficticia o real de Bin Laden, aunque en  este \u00faltimo caso no se diga la fecha en que fue formulada ni puedan asegurar  que es su voz. Investigar\u00e1n, prometen. Nadie sac\u00f3 nunca tanto provecho de tales  materiales para moldear la opini\u00f3n de los ciudadanos de Estados Unidos y muchos  otros pa\u00edses del mundo con cultura y creencias similares, para justificar las  brutales y genocidas guerras que tanto el imperialismo necesita. <br \/>&#13;<br \/>\n      <br \/>&#13;<br \/>\n      No cesa de  formular y repetir una y otra vez las palabras y frases seleccionadas. Las  personas e instituciones aludidas, sin excepci\u00f3n, se sienten obligadas a  replicar, sean o no ciertas las declaraciones. Obs\u00e9rvese simplemente el provecho  que Bush saca a\u00f1o por a\u00f1o, desde el primer d\u00eda de los hechos ocurridos el 11 de  septiembre.<br \/>&#13;<br \/>\n      <br \/>&#13;<br \/>\n      De la  conferencia de Bucarest, Bush se mover\u00e1 a la de la OTAN, y de all\u00ed dar\u00e1 un  salto con garrocha a Croacia, que mantuvo disputas con Serbia, cuyo Presidente  fue sometido al Tribunal Penal Internacional por lo de Kosovo, que lo juzg\u00f3 y  conden\u00f3. \u00bfHabr\u00e1 fallecido realmente de muerte natural en prisi\u00f3n? \u00bfQu\u00e9 paz se  alcanzar\u00e1 por esos extra\u00f1os vericuetos?<br \/>&#13;<br \/>\n      <br \/>&#13;<br \/>\n      El sueco  Hans Blix, quien fuera jefe del equipo de inspectores de la ONU que busc\u00f3  diligentemente armas de destrucci\u00f3n masiva en Iraq, el cual comparte muchas de  las ideas y mentiras de la siniestra filosof\u00eda del imperio, escribi\u00f3 con motivo  del quinto aniversario: \u00abLa invasi\u00f3n de 2003 fue una tragedia para Iraq,  para Estados Unidos, para la ONU, para la verdad y la dignidad humana. No  pod\u00edan tener \u00e9xito en eliminar las armas de destrucci\u00f3n masiva porque no  exist\u00edan, ni pod\u00edan triunfar en su declarado objetivo de eliminar a los  miembros de Al Qaeda porque estos no estaban en Iraq y entraron despu\u00e9s en el  pa\u00eds atra\u00eddos por los atacantes.\u00bb<br \/>&#13;<br \/>\n      <br \/>&#13;<br \/>\n      La  Asociaci\u00f3n de Ulemas Musulmanes, m\u00e1xima autoridad religiosa sunita en Iraq,  declar\u00f3 con motivo del quinto aniversario: \u00abEl ocupante ha entrado en  nuestra tierra a la fuerza y no se va a marchar a menos que se emplee la  fuerza. Cualquier llamado hecho por pol\u00edticos que aceptan trabajar bajo el  paraguas de la ocupaci\u00f3n, deber\u00eda considerarse como una invitaci\u00f3n a la  rendici\u00f3n y a la capitulaci\u00f3n. Las fuerzas de ocupaci\u00f3n han convertido a Iraq  en la zona m\u00e1s peligrosa del mundo. La era de la ocupaci\u00f3n acabar\u00e1 en  breve.\u00bb<br \/>&#13;<br \/>\n      <br \/>&#13;<br \/>\n      El  Vicepresidente de Estados Unidos, Dick Cheney, sin reponerse del cansancio por  el fatigoso encuentro con Karzai en Afganist\u00e1n, convers\u00f3 ayer viernes y hoy  s\u00e1bado con el Rey Abdullah de Arabia Saudita para recabar su cooperaci\u00f3n y la  de la OPEP en los abastecimientos de petr\u00f3leo y pagar con d\u00f3lares devaluados.  En realidad, no puede haber guerra sin petr\u00f3leo ni petr\u00f3leo sin guerra.<br \/>&#13;<br \/>\n      <br \/>&#13;<br \/>\n      En el  escenario de Am\u00e9rica Latina el alto mando ecuatoriano declar\u00f3 que las bombas  utilizadas en el ataque contra el campamento de Ra\u00fal Reyes fueron GBU-2\/B  Paveway con m\u00e1s de 500 libras de peso, ubicaci\u00f3n y precisi\u00f3n exactas mediante  tecnolog\u00eda de avanzada. Fueron 10 y dejaron cr\u00e1teres de 2,80 metros de di\u00e1metro  y 1,80 metros de profundidad.<br \/>&#13;<br \/>\n      <br \/>&#13;<br \/>\n      En Europa  occidental, Sarkozy, cuya luna de miel con el electorado franc\u00e9s termin\u00f3 hace  unos d\u00edas, esperaba impaciente a McCain y su s\u00e9quito de senadores republicanos  proisraelitas. McCain lo exhort\u00f3 a integrarse a los mecanismos de la OTAN,  defendi\u00f3 la guerra de Iraq y fustig\u00f3 fuertemente a China. Mientras tanto,  Hillary y Obama se desangran atacados desde la derecha, la izquierda y el  centro. No existe nada m\u00e1s parecido a un manicomio.<br \/>&#13;<br \/>\n      <br \/> &#13;<br \/>\n      Entre los candidatos a la  Presidencia de Estados Unidos, lo que se discute es la guerra segura contra la  guerra probable.<br \/>&#13;<br \/>\n      <br \/>&#13;<br \/>\n      Hoy coincide el discurso  radial de Bush con el D\u00eda de Pascua. \u00bfQu\u00e9 se le ocurre? Un mensaje que, aunque  breve, bastan unos cuantos p\u00e1rrafos o frases para comprender:<br \/>&#13;<br \/>\n      <br \/>&#13;<br \/>\n\u00abEsta  es la fiesta m\u00e1s importante de la fe cristiana. Y durante este per\u00edodo especial  y sagrado, cada a\u00f1o millones de estadounidenses se detienen para recordar un  sacrificio que trascendi\u00f3 la sepultura y redimi\u00f3 al mundo.<br \/>&#13;<br \/>\n<br \/>&#13;<br \/>\n\u00abLa  Pascua es una fiesta que nos llama de regreso a casa. Es una ocasi\u00f3n para  reflejar sobre las cosas que m\u00e1s importan en la vida: el amor de la familia, la  risa de amigos y la paz que proviene de estar en el lugar que usted llama su  hogar&#8230; \u00ab<br \/>&#13;<br \/>\n<br \/>&#13;<br \/>\n\u00abEstados  Unidos tiene la bendici\u00f3n de tener las mejores fuerzas armadas del mundo,  compuestas de hombres y mujeres que cumplen su responsabilidad&#8230; \u00ab<br \/>&#13;<br \/>\n<br \/>&#13;<br \/>\n\u00abEn la  Pascua, recordamos especialmente aquellos que han dado sus vidas por la causa  de la libertad. Han vivido las palabras del Evangelio: Nadie tiene mayor amor  que el que da su vida por sus amigos&#8230; \u00ab<br \/>&#13;<br \/>\n<br \/>&#13;<br \/>\n\u00abCada  a\u00f1o, millones de estadounidenses dedican tiempo para alimentar a los que tienen  hambre, y vestir a los necesitados, y velar por la viuda y el hu\u00e9rfano&#8230;  Millones de personas en el mundo recuerdan el regalo que elimin\u00f3 la punzada de  la muerte y abri\u00f3 la puerta hacia la vida eterna&#8230; \u00ab<br \/>&#13;<br \/>\n<br \/>&#13;<br \/>\n\u00abGracias  por escuchar.\u00bb<\/span><\/p>\n<p>&#13;<\/p>\n<p align=\"justify\"><span class=\"text1noticias\">Bush se  imagina que Dios lo premiar\u00e1 por acelerar el d\u00eda del Apocalipsis y el Juicio  Final, sent\u00e1ndolo despu\u00e9s a su diestra en un lugar de honor. Entonces tal vez  abandone los gestos de odio que acompa\u00f1an sus discursos, para morar bajo el  mismo techo junto con las almas de los seres humanos que extermin\u00f3 en su guerra  contra el terrorismo, la inmensa mayor\u00eda ni\u00f1as y ni\u00f1os, adolescentes y j\u00f3venes,  mujeres y ancianos, a los que no hay raz\u00f3n alguna por la cual culparlos. <br \/>&#13;<br \/>\n  <br \/>&#13;<br \/>\n  El Antiguo  Testamento habla de arc\u00e1ngeles que la ambici\u00f3n transform\u00f3 en enemigos de Dios y  fueron enviados al infierno. Es dif\u00edcil desechar la idea de que en la cabeza de  Bush est\u00e1n los genes de algunos de aquellos arc\u00e1ngeles.<br \/>&#13;<br \/>\n  <br \/>&#13;<br \/>\n  Hoy es s\u00e1bado. El d\u00eda  est\u00e1 pobre en noticias pol\u00edticas. Los reporteros descansan.<br \/>&#13;<br \/>\n  <br \/>&#13;<br \/>\n  <strong>Fidel  Castro Ruz<br \/>&#13;<br \/>\n  <br \/>&#13;<br \/>\n    Marzo 22 de 2008<br \/>&#13;<br \/>\n    <br \/>&#13;<br \/>\n  5 y 19 p.m. <\/strong><\/span><\/p>\n<p>&#13;<\/p>\n<h6> 2008-03-24 22:46:22 <\/h6>\n<p><!--\n<link rel=\"stylesheet\" href=\"css\/bootstrap.min.css\">\n\n\n<ul class=\"pagination\">\n\t    \n\t\n\n<li >\n\t<a href='?page_no=12172'>Previous<\/a>\n\t<\/li>\n\n\n       \n    \n\n<li><a href='?page_no=1'>1<\/a><\/li>\n\n\n\n<li><a href='?page_no=2'>2<\/a><\/li>\n\n\n\n<li><a>...<\/a><\/li>\n\n\n\n<li><a href='?page_no=12171'>12171<\/a><\/li>\n\n\n\n<li><a href='?page_no=12172'>12172<\/a><\/li>\n\n\n\n<li class='active'><a>12173<\/a><\/li>\n\n\n\n<li><a href='?page_no=12174'>12174<\/a><\/li>\n\n\n\n<li><a href='?page_no=12175'>12175<\/a><\/li>\n\n\n\n<li><a>...<\/a><\/li>\n\n\n\n<li><a href='?page_no=13611'>13611<\/a><\/li>\n\n\n\n<li><a href='?page_no=13612'>13612<\/a><\/li>\n\n    \n\t\n\n<li >\n\t<a href='?page_no=12174'>Next<\/a>\n\t<\/li>\n\n\n    \n\n<li><a href='?page_no=13612'>Last &rsaquo;&rsaquo;<\/a><\/li>\n\n<\/ul>\n\n\n--><br \/>\n<\/body><\/p>\n","protected":false},"excerpt":{"rendered":"<p>BUSH EN EL CIELO (II) &#13; &#13; El martes 18 de marzo se cumpli\u00f3 el quinto aniversario del arresto de m\u00e1s de 70 vendepatrias, cabecillas de la quintacolumna del imperialismo en Cuba que, pagados por el gobierno de Estados Unidos, violan las leyes del pa\u00eds y comparten la tesis de que este oscuro rinc\u00f3n del [&hellip;]<\/p>\n","protected":false},"author":3,"featured_media":0,"comment_status":"open","ping_status":"open","sticky":false,"template":"","format":"standard","meta":{"footnotes":""},"categories":[16],"tags":[],"class_list":["post-36296","post","type-post","status-publish","format-standard","hentry","category-opiniones"],"_links":{"self":[{"href":"https:\/\/diariodominicano.com\/index.php?rest_route=\/wp\/v2\/posts\/36296","targetHints":{"allow":["GET"]}}],"collection":[{"href":"https:\/\/diariodominicano.com\/index.php?rest_route=\/wp\/v2\/posts"}],"about":[{"href":"https:\/\/diariodominicano.com\/index.php?rest_route=\/wp\/v2\/types\/post"}],"author":[{"embeddable":true,"href":"https:\/\/diariodominicano.com\/index.php?rest_route=\/wp\/v2\/users\/3"}],"replies":[{"embeddable":true,"href":"https:\/\/diariodominicano.com\/index.php?rest_route=%2Fwp%2Fv2%2Fcomments&post=36296"}],"version-history":[{"count":0,"href":"https:\/\/diariodominicano.com\/index.php?rest_route=\/wp\/v2\/posts\/36296\/revisions"}],"wp:attachment":[{"href":"https:\/\/diariodominicano.com\/index.php?rest_route=%2Fwp%2Fv2%2Fmedia&parent=36296"}],"wp:term":[{"taxonomy":"category","embeddable":true,"href":"https:\/\/diariodominicano.com\/index.php?rest_route=%2Fwp%2Fv2%2Fcategories&post=36296"},{"taxonomy":"post_tag","embeddable":true,"href":"https:\/\/diariodominicano.com\/index.php?rest_route=%2Fwp%2Fv2%2Ftags&post=36296"}],"curies":[{"name":"wp","href":"https:\/\/api.w.org\/{rel}","templated":true}]}}