{"id":36291,"date":"2008-03-26T15:12:40","date_gmt":"2008-03-26T15:12:40","guid":{"rendered":"http:\/\/diariodominicano.ddns.net\/?p=36291"},"modified":"2008-03-26T15:12:40","modified_gmt":"2008-03-26T15:12:40","slug":"el-tiro-rapido-275","status":"publish","type":"post","link":"https:\/\/diariodominicano.com\/?p=36291","title":{"rendered":"EL TIRO R\u00c1PIDO"},"content":{"rendered":"<p><body><\/p>\n<p><span class=\"titulogrande1\">EL TIRO RAPIDO<\/span><br \/>&#13;<br \/>\n  <br \/>&#13;<br \/>\n    <strong>de<\/strong><br \/>&#13;<br \/>\n    <span class=\"textogrande\"><br \/>&#13;<br \/>\nMario  Rivadulla<\/span><\/p>\n<p>&#13;<\/p>\n<p align=\"justify\" class=\"text1noticias\">Pretender como plantea la red dom\u00ecnico haItiana Jacques  Viaux que el gobierno nacional haga un reconocimiento p\u00f9blico y expreso de que  \u00e8sta es una sociedad racista, constituye un reclamo improcedente e  irrespetuoso. Este se basa en un informe incompleto, parcializado, escasamente  veraz y de ejecuci\u00f2n muy poco profesional de dos enviados de las Naciones  Unidas que estuvieron aqu\u00ec en meses recientes, por cierto invitados por el  propio gobierno.<\/p>\n<p>&#13;<\/p>\n<p align=\"justify\" class=\"text1noticias\">Ese informe es el que se llev\u00f2  al seno de una comisi\u00f2n contra la discriminaci\u00f2n racial del propio organismo  internacional que sesion\u00f2 recientemente en Ginebra, adonde debi\u00f2 acudir una  comisi\u00f2n oficial para rebatir su contenido.\u00a0  Esta cumpli\u00f2 con su papel, aunque existe la impresi\u00f2n de que ya se hab\u00eca  predeterminado un fallo prejuicioso en contra el pa\u00ecs, promovido por dos  docenas de ONGs, muchas de las cuales radican aqu\u00ec.<\/p>\n<p>&#13;<\/p>\n<p align=\"justify\" class=\"text1noticias\">Tanto el informe como la  exigencia de la red Jacques Viaux parten de una premisa totalmente falaz. Aqu\u00ec,  como en todas partes, se producen expresiones de racismo y discrimen.\u00a0 Negarlo ser\u00eca como pretender tapar el sol con  un dedo.\u00a0 Pero acciones aisladas de  personas y grupos determinados no pueden ser tomados como signos distintivos de  una pol\u00ectica de Estado ni de un comportamiento generalizado de la sociedad.<\/p>\n<p>&#13;<\/p>\n<p align=\"justify\" class=\"text1noticias\">Tal solo puede concebirse como  parte de la sostenida campa\u00f1a de presi\u00f2n y descr\u00e8dito internacional en contra  del pa\u00ecs, para servir determinados prop\u00f2sitos e intereses, por m\u00e0s que  encuentre ecos locales, algunos cuya buena fe los exime de culpa y complicidad.<\/p>\n<p>&#13;<\/p>\n<p align=\"justify\" class=\"text1noticias\">Lo cierto es que aqu\u00ec residen y  conviven cientos de miles de haitianos, en su gran mayor\u00eca de condici\u00f2n pobre  que comparten esa pobreza con m\u00e0s de tres millones de dominicanos que tambi\u00e8n  la est\u00e0n malpasando.<\/p>\n<p>&#13;<\/p>\n<p align=\"justify\" class=\"text1noticias\">Pese a ello, han encontrado en  nuestro territorio refugio\u00a0 y mejores  oportunidades de vida que las que ofrece su pa\u00ecs de origen, al otro lado de la  frontera, que con m\u00ecnimo riesgo traspasan de continuo en forma ilegal y cuyo  viaje de vuelta, que nadie les impide, rechazan de plano.<\/p>\n<p>&#13;<\/p>\n<p align=\"justify\" class=\"text1noticias\">El m\u00e0s elemental sentido de  racionalidad convoca a la coexistencia pac\u00ecfica, amistosa y provechosa con la  gente venida del otro lado de la isla, del mismo modo que con el pueblo que la  habita y las autoridades que la rigen.<br \/>&#13;<br \/>\n  <br \/>&#13;<br \/>\nEsto no solo es posible, sino lo \u00f9nico conveniente y razonable.\u00a0 Pero no creemos que este tipo de campa\u00f1as,  presiones y clima de confrontaci\u00f2n contribuye a ese prop\u00f2sito.<\/p>\n<p>&#13;<\/p>\n<p align=\"justify\" class=\"text1noticias\">Cierto que en gran parte hay  culpas que repartir de este lado. Quienes han facilitado y facilitan la entrada  de ilegales, generalmente a cambio de peaje.\u00a0  Quienes se aprovechan de su condici\u00f2n de tales para explotarlos en  beneficio propio.\u00a0 Y nuestros gobiernos  que sucesivamente se han hecho de la vista gorda y se han lavado las manos como  Pilatos,\u00a0 frente a un tema de tant\u00ecsima  trascendencia sobre el que debieron haber fijado y aplicado una pol\u00ectica migratoria clara en funci\u00f2n de  los intereses del pa\u00ecs y en previsi\u00f2n de problemas futuros.\u00a0 Sin atropellos para nadie, pero como  justificado y leg\u00ectimo ejercicio de soberan\u00eca.\u00a0  Hoy pagamos las consecuencias de esa desidia.<\/p>\n<p>&#13;<\/p>\n<p align=\"justify\" class=\"text1noticias\">Pero tampoco es pecado que no  tenga redenci\u00f2n.\u00a0 Mucho menos, que sirva  de excusa para arrinconar la naci\u00f2n y pretenda torcerle el brazo,  intentando\u00a0 imponerle normas contrarias  al inter\u00e8s nacional y coart\u00e0ndole su leg\u00ectima facultad de fijar pol\u00ecticas que,  sin violar derechos humanos,\u00a0 est\u00e8n en  consonancia con sus posibilidades y conveniencias.<\/p>\n<p>&#13;<\/p>\n<p align=\"justify\" class=\"text1noticias\">Hacerlo ser\u00eca tanto como una  resignaci\u00f2n de nuestra condici\u00f2n de Estado soberano, a partir de la cual  pudieran encadenarse toda una serie de previsibles y evitables sucesos,\u00a0 penosos por igual para dominicanos y  haitianos.<\/p>\n<p>&#13;<\/p>\n<p align=\"justify\" class=\"text1noticias\">De llegar a ese extremo, por el  bien de todos, l\u00ecbrenos Dios.<\/p>\n<p>&#13;<\/p>\n<h6> 2008-03-26 15:12:40 <\/h6>\n<p><!--\n<link rel=\"stylesheet\" href=\"css\/bootstrap.min.css\">\n\n\n<ul class=\"pagination\">\n\t    \n\t\n\n<li >\n\t<a href='?page_no=12168'>Previous<\/a>\n\t<\/li>\n\n\n       \n    \n\n<li><a href='?page_no=1'>1<\/a><\/li>\n\n\n\n<li><a href='?page_no=2'>2<\/a><\/li>\n\n\n\n<li><a>...<\/a><\/li>\n\n\n\n<li><a href='?page_no=12167'>12167<\/a><\/li>\n\n\n\n<li><a href='?page_no=12168'>12168<\/a><\/li>\n\n\n\n<li class='active'><a>12169<\/a><\/li>\n\n\n\n<li><a href='?page_no=12170'>12170<\/a><\/li>\n\n\n\n<li><a href='?page_no=12171'>12171<\/a><\/li>\n\n\n\n<li><a>...<\/a><\/li>\n\n\n\n<li><a href='?page_no=13611'>13611<\/a><\/li>\n\n\n\n<li><a href='?page_no=13612'>13612<\/a><\/li>\n\n    \n\t\n\n<li >\n\t<a href='?page_no=12170'>Next<\/a>\n\t<\/li>\n\n\n    \n\n<li><a href='?page_no=13612'>Last &rsaquo;&rsaquo;<\/a><\/li>\n\n<\/ul>\n\n\n--><br \/>\n<\/body><\/p>\n","protected":false},"excerpt":{"rendered":"<p>EL TIRO RAPIDO&#13; &#13; de&#13; &#13; Mario Rivadulla &#13; Pretender como plantea la red dom\u00ecnico haItiana Jacques Viaux que el gobierno nacional haga un reconocimiento p\u00f9blico y expreso de que \u00e8sta es una sociedad racista, constituye un reclamo improcedente e irrespetuoso. Este se basa en un informe incompleto, parcializado, escasamente veraz y de ejecuci\u00f2n muy [&hellip;]<\/p>\n","protected":false},"author":3,"featured_media":0,"comment_status":"open","ping_status":"open","sticky":false,"template":"","format":"standard","meta":{"footnotes":""},"categories":[16],"tags":[],"class_list":["post-36291","post","type-post","status-publish","format-standard","hentry","category-opiniones"],"_links":{"self":[{"href":"https:\/\/diariodominicano.com\/index.php?rest_route=\/wp\/v2\/posts\/36291","targetHints":{"allow":["GET"]}}],"collection":[{"href":"https:\/\/diariodominicano.com\/index.php?rest_route=\/wp\/v2\/posts"}],"about":[{"href":"https:\/\/diariodominicano.com\/index.php?rest_route=\/wp\/v2\/types\/post"}],"author":[{"embeddable":true,"href":"https:\/\/diariodominicano.com\/index.php?rest_route=\/wp\/v2\/users\/3"}],"replies":[{"embeddable":true,"href":"https:\/\/diariodominicano.com\/index.php?rest_route=%2Fwp%2Fv2%2Fcomments&post=36291"}],"version-history":[{"count":0,"href":"https:\/\/diariodominicano.com\/index.php?rest_route=\/wp\/v2\/posts\/36291\/revisions"}],"wp:attachment":[{"href":"https:\/\/diariodominicano.com\/index.php?rest_route=%2Fwp%2Fv2%2Fmedia&parent=36291"}],"wp:term":[{"taxonomy":"category","embeddable":true,"href":"https:\/\/diariodominicano.com\/index.php?rest_route=%2Fwp%2Fv2%2Fcategories&post=36291"},{"taxonomy":"post_tag","embeddable":true,"href":"https:\/\/diariodominicano.com\/index.php?rest_route=%2Fwp%2Fv2%2Ftags&post=36291"}],"curies":[{"name":"wp","href":"https:\/\/api.w.org\/{rel}","templated":true}]}}