{"id":36289,"date":"2008-03-27T15:10:28","date_gmt":"2008-03-27T15:10:28","guid":{"rendered":"http:\/\/diariodominicano.ddns.net\/?p=36289"},"modified":"2008-03-27T15:10:28","modified_gmt":"2008-03-27T15:10:28","slug":"el-tiro-rapido-274","status":"publish","type":"post","link":"https:\/\/diariodominicano.com\/?p=36289","title":{"rendered":"EL TIRO R\u00c1PIDO"},"content":{"rendered":"<p><body><\/p>\n<h1 align=\"center\" class=\"titulogrande1\">EL TIRO RAPIDO<\/h1>\n<p>&#13;<\/p>\n<p align=\"center\"><strong>de<\/strong><br \/>&#13;<br \/>\n  <br \/>&#13;<br \/>\n    <span class=\"textogrande\">Mario  Rivadulla<\/span><\/p>\n<p>&#13;<\/p>\n<p align=\"justify\" class=\"text1noticias\">Desde hoy temprano en la ma\u00f1ana, el personal m\u00e8dico de los  hospitales p\u00f9blicos y del Seguro Social que se acogi\u00f2 a las directrices de su  gremio profesional se encuentra en huelga.<\/p>\n<p>&#13;<\/p>\n<p align=\"justify\" class=\"text1noticias\">En esta ocasi\u00f2n, sin embargo, unos mil 800 galenos de  filiaci\u00f2n pelede\u00ecsta, en el curso de una asamblea efectuada ayer en la sede del  organismo, rechazaron el llamado calific\u00e0ndolo de inoportuno y politizado al  producirse a solo algo m\u00e0s de medio y medio de las debatidas elecciones  presidenciales del 16 de Mayo, anunciando su decisi\u00f2n de prestar servicios de  consulta a los pacientes que acudan a esos centros.<\/p>\n<p>&#13;<\/p>\n<p align=\"justify\" class=\"text1noticias\">La decisi\u00f2n huelgaria era de esperarse. Una cr\u00f2nica  anunciada sin variables visibles,\u00a0  tomando en cuenta las posiciones irreductibles asumidas por la directiva  del Colegio M\u00e8dico por un lado,\u00a0  reclamando un significativo aumento salarial, y del gobierno por otro,  sosteniendo la imposibilidad de satisfacer ese reclamo.\u00a0 <\/p>\n<p>&#13;<\/p>\n<p align=\"justify\" class=\"text1noticias\">Ahora bien, \u00bfhasta d\u00f2nde es sostenible y soportable esta  confrontaci\u00f2n que, a fin de cuentas, priva o reduce de manera apreciable las  indispensables atenciones m\u00e8dicas a los varios millones de pacientes que  pertenecen a la clase obrera y a los segmentos m\u00e0s desvalidos de la  poblaci\u00f2n?\u00a0 Aquellos precisamente que no  disponen de recursos para asistir a cl\u00ecnicas y consultorios m\u00e8dicos privados.<\/p>\n<p>&#13;<\/p>\n<p align=\"justify\" class=\"text1noticias\">Desde aqu\u00ec, hemos sostenido y apoyamos como la gran  mayor\u00eca de la ciudadan\u00eca y los medios de comunicaci\u00f2n que los m\u00e8dicos deben  recibir salarios adecuados a su exigente profesi\u00f2n.\u00a0 Pero al mismo tiempo hemos reclamado y  seguimos reclamando de su directiva, tambi\u00e8n como esa misma mayor\u00eca ciudadana y  medi\u00e0tica, apelar a otros mecanismos de lucha que le van a procurar un masivo  respaldo y de seguro resultados pr\u00e0cticos m\u00e0s positivos.<\/p>\n<p>&#13;<\/p>\n<p align=\"justify\" class=\"text1noticias\">Hoy, desde esa misma posici\u00f2n, reiteramos el reclamo al  gremio m\u00e8dico y a las autoridades de sector a retomar el di\u00e0logo con calma,  sensatez y vocaci\u00f2n de soluciones viables,\u00a0  tomando en cuenta que la primera obligaci\u00f2n de ambos es no dejar  desprotegida a la poblaci\u00f2n de un servicio tan esencial como es la preservaci\u00f2n  de la salud y la propia vida.<br \/>&#13;<br \/>\n  <br \/>&#13;<br \/>\n  Pero igualmente queremos insistir en que el sistema  asistencial de salud p\u00f9blica no puede seguir dependiendo de estas frecuentes  crisis que,\u00a0 con mayor o menor intensidad  pero de manera peri\u00f2dica,\u00a0 se registran  en todos los gobiernos.\u00a0 Ni de continuas  soluciones coyunturales.<\/p>\n<p>&#13;<\/p>\n<p align=\"justify\" class=\"text1noticias\">Creemos que tenemos que ir m\u00e0s lejos para llegar al  replanteo total del concepto y el manejo de la salud p\u00f9blica en el pa\u00ecs, dando  preferencia a la medicina preventiva y considerando al paciente como  protagonista primario y principal del sistema sanitario.\u00a0 Y por consiguiente, a cubierto de cualquier  eventualidad que pueda atentar contra su bienestar y su seguridad.<\/p>\n<p>&#13;<\/p>\n<p align=\"justify\" class=\"text1noticias\">No es posible que cada vez que se presenta alg\u00f9n reclamo  salarial para el sector no satisfecho de primera intenci\u00f2n por el gobierno, se  apele a la huelga y la suspensi\u00f2n del servicio m\u00e8dico como elemento de presi\u00f2n.<\/p>\n<p>&#13;<\/p>\n<p align=\"justify\" class=\"text1noticias\">No es posible tampoco reclamar un servicio eficiente y  dedicado al m\u00e8dico, si no se le retribuye adecuadamente y se le dota de los  elementos necesarios para realizar su trabajo.<\/p>\n<p>&#13;<\/p>\n<p align=\"justify\" class=\"text1noticias\">No es aceptable tampoco que haya m\u00e8dicos que no cumplan  con su horario de labores y presten a los pacientes la dedicada atenci\u00f2n que  requieren y que constituye el compromiso \u00e8tico de su profesi\u00f2n.<\/p>\n<p>&#13;<\/p>\n<p align=\"justify\" class=\"text1noticias\">Ni que haya algunos que hacen el trabajo de tres y tres  que hacen el de uno y a\u00f9n otros que no realicen pr\u00e0cticamente ninguno.<\/p>\n<p>&#13;<\/p>\n<p align=\"justify\" class=\"text1noticias\">Ni que los hospitales p\u00f9blicos carezcan de camas  suficientes, equipos, materiales y medicinas as\u00ec como de las condiciones  ambientales y de higiene y limpieza.<\/p>\n<p>&#13;<\/p>\n<p align=\"justify\" class=\"text1noticias\">Deseable y de esperar que el conflicto actual quede  superado en breve.\u00a0 Que no tengamos un  rosario de huelgas,\u00a0 no tanto por la  circunstancia premeditada o simplemente coincidente de que se produzcan en  medio del fragor de un proceso electoral a pocas semanas de definici\u00f2n, como  por los perjuicios que reciben los pacientes.<\/p>\n<p>&#13;<\/p>\n<p align=\"justify\" class=\"text1noticias\">Pero tambi\u00e8n que con una visi\u00f2n m\u00e0s amplia,\u00a0 todos los actores que participan del sistema  de salud se aboquen a esta revisi\u00f2n y reconversi\u00f2n del mismo para la aplicaci\u00f2n  de criterios m\u00e0s amplios, modernos y funcionales teniendo siempre como base y  objetivo fundamental no los ventajismos personales ni los intereses pol\u00ecticos,\u00a0 sino el bienestar de los pacientes.<\/p>\n<p>&#13;<\/p>\n<h6> 2008-03-27 15:10:28 <\/h6>\n<p><!--\n<link rel=\"stylesheet\" href=\"css\/bootstrap.min.css\">\n\n\n<ul class=\"pagination\">\n\t    \n\t\n\n<li >\n\t<a href='?page_no=12166'>Previous<\/a>\n\t<\/li>\n\n\n       \n    \n\n<li><a href='?page_no=1'>1<\/a><\/li>\n\n\n\n<li><a href='?page_no=2'>2<\/a><\/li>\n\n\n\n<li><a>...<\/a><\/li>\n\n\n\n<li><a href='?page_no=12165'>12165<\/a><\/li>\n\n\n\n<li><a href='?page_no=12166'>12166<\/a><\/li>\n\n\n\n<li class='active'><a>12167<\/a><\/li>\n\n\n\n<li><a href='?page_no=12168'>12168<\/a><\/li>\n\n\n\n<li><a href='?page_no=12169'>12169<\/a><\/li>\n\n\n\n<li><a>...<\/a><\/li>\n\n\n\n<li><a href='?page_no=13611'>13611<\/a><\/li>\n\n\n\n<li><a href='?page_no=13612'>13612<\/a><\/li>\n\n    \n\t\n\n<li >\n\t<a href='?page_no=12168'>Next<\/a>\n\t<\/li>\n\n\n    \n\n<li><a href='?page_no=13612'>Last &rsaquo;&rsaquo;<\/a><\/li>\n\n<\/ul>\n\n\n--><br \/>\n<\/body><\/p>\n","protected":false},"excerpt":{"rendered":"<p>EL TIRO RAPIDO &#13; de&#13; &#13; Mario Rivadulla &#13; Desde hoy temprano en la ma\u00f1ana, el personal m\u00e8dico de los hospitales p\u00f9blicos y del Seguro Social que se acogi\u00f2 a las directrices de su gremio profesional se encuentra en huelga. &#13; En esta ocasi\u00f2n, sin embargo, unos mil 800 galenos de filiaci\u00f2n pelede\u00ecsta, en el [&hellip;]<\/p>\n","protected":false},"author":3,"featured_media":0,"comment_status":"open","ping_status":"open","sticky":false,"template":"","format":"standard","meta":{"footnotes":""},"categories":[16],"tags":[],"class_list":["post-36289","post","type-post","status-publish","format-standard","hentry","category-opiniones"],"_links":{"self":[{"href":"https:\/\/diariodominicano.com\/index.php?rest_route=\/wp\/v2\/posts\/36289","targetHints":{"allow":["GET"]}}],"collection":[{"href":"https:\/\/diariodominicano.com\/index.php?rest_route=\/wp\/v2\/posts"}],"about":[{"href":"https:\/\/diariodominicano.com\/index.php?rest_route=\/wp\/v2\/types\/post"}],"author":[{"embeddable":true,"href":"https:\/\/diariodominicano.com\/index.php?rest_route=\/wp\/v2\/users\/3"}],"replies":[{"embeddable":true,"href":"https:\/\/diariodominicano.com\/index.php?rest_route=%2Fwp%2Fv2%2Fcomments&post=36289"}],"version-history":[{"count":0,"href":"https:\/\/diariodominicano.com\/index.php?rest_route=\/wp\/v2\/posts\/36289\/revisions"}],"wp:attachment":[{"href":"https:\/\/diariodominicano.com\/index.php?rest_route=%2Fwp%2Fv2%2Fmedia&parent=36289"}],"wp:term":[{"taxonomy":"category","embeddable":true,"href":"https:\/\/diariodominicano.com\/index.php?rest_route=%2Fwp%2Fv2%2Fcategories&post=36289"},{"taxonomy":"post_tag","embeddable":true,"href":"https:\/\/diariodominicano.com\/index.php?rest_route=%2Fwp%2Fv2%2Ftags&post=36289"}],"curies":[{"name":"wp","href":"https:\/\/api.w.org\/{rel}","templated":true}]}}