{"id":36286,"date":"2008-03-27T21:37:32","date_gmt":"2008-03-27T21:37:32","guid":{"rendered":"http:\/\/diariodominicano.ddns.net\/?p=36286"},"modified":"2008-03-27T21:37:32","modified_gmt":"2008-03-27T21:37:32","slug":"el-mirador-22","status":"publish","type":"post","link":"https:\/\/diariodominicano.com\/?p=36286","title":{"rendered":"EL MIRADOR"},"content":{"rendered":"<p><body><\/p>\n<p class=\"titulogrande1\">EL MIRADOR<\/p>\n<p>&#13;<\/p>\n<p align=\"justify\" class=\"text1noticias\"><strong>\u00bfPor  qu\u00e9 Ram\u00f3n Alburquerque?<\/strong><\/p>\n<p>&#13;<\/p>\n<p align=\"justify\" class=\"text1noticias\"><img loading=\"lazy\" decoding=\"async\" src=\"http:\/\/10.0.0.82:8080\/img\/miradorfotos.jpg\" width=\"375\" height=\"221\" hspace=\"4\" align=\"left\" \/>El presidente del Partido Revolucionario  Dominicano (PRD), Ram\u00f3n Alburquerque ha hecho esfuerzos extraordinarios con el  prop\u00f3sito de distraer a la opini\u00f3n p\u00fablica, pero provoca el efecto contrario, cuando  habla, m\u00e1s dominicanos y dominicanas se convencen de que es un pol\u00edtico  demagogo que subestima la memoria colectiva. Despu\u00e9s de haber expresado  improperios contra el Arzobispo Metropolitano de Santo Domingo, su Eminencia  Reverend\u00edsima Nicol\u00e1s \u00a0de Jes\u00fas Cardenal  L\u00f3pez Rodr\u00edguez, el pol\u00edtico alab\u00f3 las palabras de los sacerdotes que  expresaron el Serm\u00f3n de las Siete Palabras y dijo que la Iglesia dice la  verdad, pero la gente entiende su manera de proceder es del t\u00edpico pol\u00edtico  mentiroso, pues habla con el \u00fanico prop\u00f3sito de distraer, porque se sabe lo que  es Ram\u00f3n Alburquerque y su concepto del ejercicio de la pol\u00edtica y el \u00a0poder. Nadie en el pa\u00eds olvida el d\u00eda 20 de  agosto de 1998, cuando ense\u00f1\u00f3 que el poder es para usarlo al imponer a los  miembros de la Junta Central Electoral sin consultar a nadie.<br \/>&#13;<br \/>\n  <br \/> &#13;<br \/>\nTampoco la  opini\u00f3n p\u00fablica olvida sus horas dif\u00edciles despu\u00e9s que se lo descubri\u00f3 \u00a0como el protagonista que falsific\u00f3 la ley de Telecomunicaciones.  Y nadie en el pa\u00eds olvida que nunca se le ocurri\u00f3 impedir que \u00a0\u201cEl hombre del malet\u00edn\u201d\u00a0 tomara el Senado de la Rep\u00fablica como una  segunda morada. Por ello, \u00a0cuando \u00a0el presidente del PRD habla despierta la  memoria colectiva. Nadie en el pa\u00eds \u00a0olvida que cuando fue Jefe del Equipo  Econ\u00f3mico del PRD de Jorge Blanco (1982-1986), descoll\u00f3 como un distinguido  miembro del \u201cEscuadr\u00f3n de la Muerte\u201d, como lo denomin\u00f3 el ex presidente de la  Rep\u00fablica y l\u00edder del PLD, profesor Juan Bosch. <\/p>\n<p>&#13;<\/p>\n<p align=\"justify\" class=\"text1noticias\"><strong>\u00bfQui\u00e9n  es la voz del PRD?<\/strong><\/p>\n<p>&#13;<\/p>\n<p align=\"justify\" class=\"text1noticias\">En la Iglesia Cat\u00f3lica a\u00fan esperan  que\u00a0 la direcci\u00f3n del PRD\u00a0 le diga al pa\u00eds si Ram\u00f3n Alburquerque es su  vocero oficial, pues entre\u00a0 prelados y  sacerdotes toma cuerpo la idea de que cuando el pol\u00edtico injuri\u00f3 y difam\u00f3 al  Cardenal L\u00f3pez Rodr\u00edguez lo hizo investido de la m\u00e1xima autoridad perredeista.  Si Ram\u00f3n no ha hablado como el vocero oficial del PRD, los improperios por lo  menos obligan a una precisi\u00f3n. En la Iglesia el desagrado es grande.<br \/>&#13;<br \/>\n  <br \/> &#13;<br \/>\nRecuerden  que en \u00a0una de sus \u00faltimas entrevistas de  radio \u00a0\u00a0el Arzobispo\u00a0 Metropolitano de Santo Domingo, declin\u00f3 hacer  comentarios, pero \u00a0\u00a0cuando el  periodista Carlos Ebert, de Telecentro, \u00a0le pidi\u00f3 su opini\u00f3n respecto a  los improperios del presidente del PRD, Ram\u00f3n Alburquerque. No mencion\u00f3 el  nombre del pol\u00edtico, pero advirti\u00f3 que no le va a contestar a un insolente,  deslenguado y desconsiderado. En opini\u00f3n del Arzobispo Metropolitano de Santo  Domingo,\u00a0 Rep\u00fablica Dominicana, es un pa\u00eds muy peque\u00f1o donde todo el mundo  se conoce, y el pa\u00eds conoce las actuaciones de \u201cEse Se\u00f1or\u201d.\u00a0 La breve  \u00a0no fue rese\u00f1ada por los diarios tradicionales. El pa\u00eds la conoci\u00f3 \u00a0a trav\u00e9s de la televisi\u00f3n y los diarios  digitales. Eso no fue \u00f3bice para que el asunto fuera de conocimiento p\u00fablico y  se sintiera el golpe en la comunidad cristiana que reflexion\u00f3 en Semana Santa.<\/p>\n<p>&#13;<\/p>\n<p align=\"justify\" class=\"text1noticias\"><strong>Camino  pregunta<\/strong><\/p>\n<p>&#13;<\/p>\n<p align=\"justify\" class=\"text1noticias\">El Semanario Camino, vocero de la  Iglesia Cat\u00f3lica ha expresado su desagrado por los dichos de Ram\u00f3n  Alburquerque. Considera que \u201cEl festival de  agravios y ofensas que est\u00e1 caracterizando la presente campa\u00f1a electoral parece  no tener miramientos ni muros de contenci\u00f3n\u201d. Al comentar los improperios del  presidente del PRD\u00a0 contra el Cardenal  L\u00f3pez Rodr\u00edguez considera: \u201cLa pasi\u00f3n pol\u00edtica parecer obnubilar a dirigentes  que no saben distinguir el disentimiento con la decencia y que sus mentes  siempre ven opositores en todos aquellos que mantienen una postura vertical,  clara, di\u00e1fana y transparente, como es el caso de nuestro Cardenal, quien no  anda titubeando para llamar al pan, pan y al vino, vino.<br \/>&#13;<br \/>\n  <br \/>&#13;<br \/>\n  Parece que este tipo de postura no la resisten  ciertos dirigentes acostumbrados a escuchar loas a sus discursos demag\u00f3gicos y  sin futuro. <br \/>&#13;<br \/>\n  <br \/>&#13;<br \/>\n  Querer comprometer a uno de nuestros pastores con un  determinado color partidario es ignorar la Doctrina Social de la Iglesia que  est\u00e1 por encima de los vaivenes pol\u00edticos que vive una naci\u00f3n. Despu\u00e9s de  conocer ese juicio, como pide Camino, la direcci\u00f3n del PRD debe decirle al pa\u00eds  si los improperios de Ram\u00f3n Alburquerque constituyen la opini\u00f3n del PRD? <\/p>\n<p>&#13;<\/p>\n<p align=\"justify\" class=\"text1noticias\"><strong>Para los que  llevan anotaciones<\/strong><\/p>\n<p>&#13;<\/p>\n<p align=\"justify\" class=\"text1noticias\">A continuaci\u00f3n el texto del editorial del semanario  Camino:<\/p>\n<p>&#13;<\/p>\n<p align=\"justify\" class=\"text1noticias\"><strong><u>Editorial<\/u><\/strong> <br \/>&#13;<br \/>\n<strong><u>\u00bfVocero?<\/u><\/strong> <\/p>\n<p>&#13;<\/p>\n<p align=\"justify\" class=\"text1noticias\">Querer comprometer a uno  de nuestros pastores con un determinado color partidario es ignorar la Doctrina  Social de la Iglesia&#8230; <br \/>&#13;<br \/>\n  <br \/>&#13;<br \/>\n  El festival de agravios y ofensas que est\u00e1  caracterizando la presente campa\u00f1a electoral parece no tener miramientos ni  muros de contenci\u00f3n.<\/p>\n<p>&#13;<\/p>\n<p align=\"justify\" class=\"text1noticias\">Las desafortunadas, peregrinas, irrespetuosas y  aventu\u00adreras declaraciones del presidente del Partido Revolucionario  Dominicano, ingeniero Ram\u00f3n Alburquerque, contra Su Emi\u00adnencia Reverend\u00edsima  Nicol\u00e1s de Jes\u00fas, Cardenal L\u00f3pez Rodr\u00edguez acus\u00e1ndolo de ser el principal  vocero de la reelec\u00adci\u00f3n del presidente Leonel Fern\u00e1ndez as\u00ed lo confirma.<\/p>\n<p>&#13;<\/p>\n<p align=\"justify\" class=\"text1noticias\">La pasi\u00f3n pol\u00edtica parecer obnubilar a dirigentes  que no saben distinguir el disentimiento con la decencia y que sus mentes  siempre ven opositores en todos aquellos que mantienen una postura vertical,  clara, di\u00e1fana y transparente, como es el caso de nuestro Cardenal, quien no  anda titubeando para llamar al pan, pan y al vino, vino.<\/p>\n<p>&#13;<\/p>\n<p align=\"justify\" class=\"text1noticias\">Parece que este tipo de postura no la resisten  ciertos dirigentes acostumbrados a escuchar loas a sus discursos demag\u00f3gicos y  sin futuro. <br \/>&#13;<br \/>\n  <br \/>&#13;<br \/>\n  Querer comprometer a uno de nuestros pastores con un  determinado color partidario es ignorar la Doctrina Social de la Iglesia que  est\u00e1 por encima de los vaivenes pol\u00edticos que vive una naci\u00f3n.<\/p>\n<p>&#13;<\/p>\n<p align=\"justify\" class=\"text1noticias\">El mensaje doctrinal tiene como fin la b\u00fasqueda del  Bien Com\u00fan, tan lejos muchas veces de los que se ufanan de propiciar cambios  que se duermen en documentos y que s\u00f3lo sirven para perpetuar privilegios en  una clase pol\u00edtica que no se inmuta frente a los crecientes cuestionamientos de  una sociedad que le pide a gritos un cambio de conducta que se apegue a la  \u00e9tica y la moral.<\/p>\n<p>&#13;<\/p>\n<p align=\"justify\" class=\"text1noticias\">Queremos pensar que las afirmaciones del presidente  del PRD, no reflejan el sentir de su candidato a la presidencia y de la  membres\u00eda de esa agrupaci\u00f3n pol\u00edtica, y que los mismos proceden de una persona  que desconoce nuestra Iglesia, y que ignora que hasta los colores de los  ornamentos que se usan en las celebraciones lit\u00fargicas como el rojo, azul,  morado, verde, dorado para las solemnidades y blanco son un s\u00edmbolo de que no  est\u00e1 casada con nadie, sino con el Salvador de la humanidad. <br \/>&#13;<br \/>\n  <br \/>&#13;<br \/>\n  Que quede bien claro, del \u00fanico que nuestro Cardenal  es vocero es del mensaje liberador de Cristo, al cual ha entregado su vida para  siempre. <\/p>\n<p>&#13;<\/p>\n<h6> 2008-03-27 21:37:32 <\/h6>\n<p><!--\n<link rel=\"stylesheet\" href=\"css\/bootstrap.min.css\">\n\n\n<ul class=\"pagination\">\n\t    \n\t\n\n<li >\n\t<a href='?page_no=12163'>Previous<\/a>\n\t<\/li>\n\n\n       \n    \n\n<li><a href='?page_no=1'>1<\/a><\/li>\n\n\n\n<li><a href='?page_no=2'>2<\/a><\/li>\n\n\n\n<li><a>...<\/a><\/li>\n\n\n\n<li><a href='?page_no=12162'>12162<\/a><\/li>\n\n\n\n<li><a href='?page_no=12163'>12163<\/a><\/li>\n\n\n\n<li class='active'><a>12164<\/a><\/li>\n\n\n\n<li><a href='?page_no=12165'>12165<\/a><\/li>\n\n\n\n<li><a href='?page_no=12166'>12166<\/a><\/li>\n\n\n\n<li><a>...<\/a><\/li>\n\n\n\n<li><a href='?page_no=13611'>13611<\/a><\/li>\n\n\n\n<li><a href='?page_no=13612'>13612<\/a><\/li>\n\n    \n\t\n\n<li >\n\t<a href='?page_no=12165'>Next<\/a>\n\t<\/li>\n\n\n    \n\n<li><a href='?page_no=13612'>Last &rsaquo;&rsaquo;<\/a><\/li>\n\n<\/ul>\n\n\n--><br \/>\n<\/body><\/p>\n","protected":false},"excerpt":{"rendered":"<p>EL MIRADOR &#13; \u00bfPor qu\u00e9 Ram\u00f3n Alburquerque? &#13; El presidente del Partido Revolucionario Dominicano (PRD), Ram\u00f3n Alburquerque ha hecho esfuerzos extraordinarios con el prop\u00f3sito de distraer a la opini\u00f3n p\u00fablica, pero provoca el efecto contrario, cuando habla, m\u00e1s dominicanos y dominicanas se convencen de que es un pol\u00edtico demagogo que subestima la memoria colectiva. Despu\u00e9s [&hellip;]<\/p>\n","protected":false},"author":3,"featured_media":0,"comment_status":"open","ping_status":"open","sticky":false,"template":"","format":"standard","meta":{"footnotes":""},"categories":[16],"tags":[],"class_list":["post-36286","post","type-post","status-publish","format-standard","hentry","category-opiniones"],"_links":{"self":[{"href":"https:\/\/diariodominicano.com\/index.php?rest_route=\/wp\/v2\/posts\/36286","targetHints":{"allow":["GET"]}}],"collection":[{"href":"https:\/\/diariodominicano.com\/index.php?rest_route=\/wp\/v2\/posts"}],"about":[{"href":"https:\/\/diariodominicano.com\/index.php?rest_route=\/wp\/v2\/types\/post"}],"author":[{"embeddable":true,"href":"https:\/\/diariodominicano.com\/index.php?rest_route=\/wp\/v2\/users\/3"}],"replies":[{"embeddable":true,"href":"https:\/\/diariodominicano.com\/index.php?rest_route=%2Fwp%2Fv2%2Fcomments&post=36286"}],"version-history":[{"count":0,"href":"https:\/\/diariodominicano.com\/index.php?rest_route=\/wp\/v2\/posts\/36286\/revisions"}],"wp:attachment":[{"href":"https:\/\/diariodominicano.com\/index.php?rest_route=%2Fwp%2Fv2%2Fmedia&parent=36286"}],"wp:term":[{"taxonomy":"category","embeddable":true,"href":"https:\/\/diariodominicano.com\/index.php?rest_route=%2Fwp%2Fv2%2Fcategories&post=36286"},{"taxonomy":"post_tag","embeddable":true,"href":"https:\/\/diariodominicano.com\/index.php?rest_route=%2Fwp%2Fv2%2Ftags&post=36286"}],"curies":[{"name":"wp","href":"https:\/\/api.w.org\/{rel}","templated":true}]}}