{"id":36283,"date":"2008-03-30T21:00:08","date_gmt":"2008-03-30T21:00:08","guid":{"rendered":"http:\/\/diariodominicano.ddns.net\/?p=36283"},"modified":"2008-03-30T21:00:08","modified_gmt":"2008-03-30T21:00:08","slug":"carta-abierta-de-narciso-isa-conde-al-diario-la-republica-del-peru","status":"publish","type":"post","link":"https:\/\/diariodominicano.com\/?p=36283","title":{"rendered":"Carta Abierta de Narciso Isa Conde al diario La Rep\u00fablica del Per\u00fa"},"content":{"rendered":"<p><body><\/p>\n<p class=\"titulogrande1\">Carta  Abierta de Narciso Isa Conde al diario La Rep\u00fablica del Per\u00fa<\/p>\n<p>&#13;<\/p>\n<p align=\"justify\" class=\"text1noticias\">Se\u00f1or director del  diario <strong>La Rep\u00fablica:<\/strong><\/p>\n<p>&#13;<\/p>\n<p align=\"justify\" class=\"text1noticias\">En ejercicio del derecho a  r\u00e9plica, aspiro a que el diario que usted dirige acoja estos comentarios,  aclaraciones y precisiones sobre el reportaje publicado en su edici\u00f3n del 22 de  marzo del 2008, bajo el t\u00edtulo: <strong>\u201cDirigente \u201cbolivariano\u201d Roque Gonz\u00e1les ten\u00eda contacto  con promotor de las FARC\u201d<\/strong><\/p>\n<p>&#13;<\/p>\n<p align=\"justify\" class=\"text1noticias\">Es claro para m\u00ed que la  estructura y el contenido de esa publicaci\u00f3n, en momentos en que Roque Gonz\u00e1les  esta preso junto a otras seis j\u00f3venes peruanas, con la manifiesta intenci\u00f3n de  acusarlo y acusarlas de <strong>\u201cterroristas<\/strong>\u201d,  persigue fundamentalmente nutrir la pretendida criminalizaci\u00f3n de su pr\u00e1ctica  pol\u00edtica legal y de su participaci\u00f3n en el <strong>Cap\u00edtulo  Peruano<\/strong> <strong>de la Coordinadora   Continental Bolivariana (CCB)<\/strong>, despu\u00e9s de haber  participado abiertamente, sin violar ley alguna, durantes los d\u00edas 23, 24, 25,  26 y 27 de febrero pasado, en el Seminario Internacional y en el II Congreso de  este espacio de confluencia de diversas corrientes pol\u00edticas de izquierda,  organizaciones populares, movimiento sociales y personalidades del continente.<\/p>\n<p>&#13;<\/p>\n<p align=\"justify\" class=\"text1noticias\">Este prop\u00f3sito puede apreciarse  tan pronto se pone entre comillas el <strong>\u201cbolivariano<\/strong>\u201d  y se me describe como <strong>\u201cpromotor<\/strong>\u201d de  las <strong>FARC-EP<\/strong>, acompa\u00f1ados esos dos  falsos puntos de partida de un persistente esfuerzo period\u00edstico por trasladar  hacia mi persona, hacia la CCB  y sus diversos componentes, el estigma construido durante d\u00e9cadas por Estados y  centros terroristas (como el de los EEUU, Colombia y el Per\u00fa de Fujimori),  contra la organizaci\u00f3n pol\u00edtico-militar que responde al nombre de <strong>Fuerzas Armadas Revolucionarias de  Colombia-Ej\u00e9rcito del Pueblo.<\/strong><\/p>\n<p>&#13;<\/p>\n<p align=\"justify\" class=\"text1noticias\">De todas maneras las FARC-EP son  una cosa y la <strong>Nueva Izquierda-C\u00edrculos Caama\u00f1istas<\/strong> y las organizaciones,  espacios, medios y fuerzas sociales dominicanas que represent\u00f3 en la CCB, otras.<\/p>\n<p>&#13;<\/p>\n<p align=\"justify\" class=\"text1noticias\">Igual acontece con la gran  diversidad de componentes sociales y pol\u00edticos peruanos, chilenos, argentinos,  bolivianos, venezolanos, ecuatorianos, colombianos, mexicanos, cubanos,  brasile\u00f1os, uruguayos, estadounidense, puertorrique\u00f1os\u2026 que forman parte de  esta coordinaci\u00f3n continental, entre la cual, precisamente porque no  discriminamos por formas de lucha, porque incluimos la diversidad democr\u00e1tica,  antiimperialista, anti-neoliberal y pro-socialista, est\u00e1n incluida las FARC y  puede ser incluida cualquier fuerza revolucionaria insurgente que concuerde con  nuestra plataforma com\u00fan y nuestra \u00e9tica revolucionaria.<\/p>\n<p>&#13;<\/p>\n<p align=\"justify\" class=\"text1noticias\">El todo, claro est\u00e1, no se define  por una o algunas de su partes; am\u00e9n de nuestro respecto individual y colectivo  hacia quienes asumen por obligaci\u00f3n impuesta por las crueles caracter\u00edsticas de  la dominaci\u00f3n olig\u00e1rquica-imperialista vigentes en sus respectivos pa\u00edses &#8211; con  definidos ideales y principios bolivarianos, patri\u00f3tico y socialistas- la  insurgencia armada. Coincidir en ideales y metas no significa ser la misma  cosa. La diversidad revolucionaria es sumamente rica<\/p>\n<p>&#13;<\/p>\n<p align=\"justify\" class=\"text1noticias\">Las calumnias y los estigmas, por  dem\u00e1s, no nos quitan el sue\u00f1o. A Tupac Amaru, a Bol\u00edvar, a Manuelita, a Fidel,  al Ch\u00e9, a Camilo Torres y a sus compa\u00f1eros(as) de de lucha\u2026tambien se les  calific\u00f3 en sus tiempos de \u201csubversivos\u201d, \u201cterroristas\u201d y cosas peores.<\/p>\n<p>&#13;<\/p>\n<p align=\"justify\" class=\"text1noticias\">Esos calificativos -procedente de  quienes defienden a los asesinos de las motosierras, a los continuadores del  pol\u00edtico-delincuente Alberto Fujimori, a los promotores de las guerras  imperialistas contra los pueblos palestinos, iraqu\u00ed y afgano- son adem\u00e1s  inservibles como armas de chantaje contra nosotros(as).<\/p>\n<p>&#13;<\/p>\n<p align=\"justify\" class=\"text1noticias\">Cuando en el a\u00f1o 2006 visit\u00e9 Lima,  lo hice de manera legal, abierta, transparente. Llev\u00e9 mis libros, convers\u00e9  p\u00fablicamente, dict\u00e9 conferencias, particip\u00e9 en paneles y en actividades no  prohibidas, aunque evidentemente y lamentablemente espiadas para luego ser  manipuladas.<\/p>\n<p>&#13;<\/p>\n<p align=\"justify\" class=\"text1noticias\">Roque Gonz\u00e1les y los  organizadores de esas actividades sociales, pol\u00edticas y acad\u00e9micas, actuaron a  plena luz del sol, ejerciendo derechos conquistados. Y as\u00ed lo hicieron cuando  viajaron al Ecuador y durante toda su trayectoria vinculada a la CCB.<\/p>\n<p>&#13;<\/p>\n<p align=\"justify\" class=\"text1noticias\">A ninguna delegaci\u00f3n concurrente  al II Congreso de la CCB  en Quito -con excepci\u00f3n de este caso- se le ha apresado al retornar a sus  respectivas patrias. A nadie, fuera de esta ominosa situaci\u00f3n que afecta a  Roque y a otras 6 valiosas j\u00f3venes peruanas \u2013 inequ\u00edvoca se\u00f1al de que el  andamiaje terrorista de Estado de la \u00e9poca de Fujimori, lejos de ser  desmontado, se ha reactivado- se le ha acusado de algo ilegal.<\/p>\n<p>&#13;<\/p>\n<p align=\"justify\" class=\"text1noticias\">Traer a colaci\u00f3n mis v\u00ednculos  p\u00fablicos de amistad y solidaridad con las FARC, de larga data por dem\u00e1s, para  instrumentar expedientes de esa cala\u00f1a, me parece francamente rid\u00edculo y por  eso invito al diario La   Rep\u00fablica a desistir de esa ha h\u00e1bil pero mentirosa modalidad  de \u201c<strong>terrorismo medi\u00e1tico<\/strong>\u201d.<\/p>\n<p>&#13;<\/p>\n<p align=\"justify\" class=\"text1noticias\">La tristemente c\u00e9lebre <strong>Direcci\u00f3n Nacional Contra el Terrorismo  (Dircote<\/strong>) \u201cno obtuvo im\u00e1genes de Narciso Isa Conde vistiendo de uniforme de  campa\u00f1a de las FARC\u201d<\/p>\n<p>&#13;<\/p>\n<p align=\"justify\" class=\"text1noticias\">Esas fotos la publiqu\u00e9 yo y est\u00e1n  incluidas, junto a tres entrevistas sobre la situaci\u00f3n continental, en una  edici\u00f3n que puse a circular en la Biblioteca Rep\u00fablica  Dominicana de la ciudad de Santo Domingo en noviembre del 2006, la cual ha sido  distribuida internacionalmente en forma impresa y v\u00eda Internet.<\/p>\n<p>&#13;<\/p>\n<p align=\"justify\" class=\"text1noticias\">En la presentaci\u00f3n de estas tres  entrevistas me ocup\u00e9 de explicar el car\u00e1cter de esas visitas a ese y otros  campamentos de las FARC, versi\u00f3n que entiendo \u00fatil resumir en esta carta.<\/p>\n<p>&#13;<\/p>\n<p align=\"justify\" class=\"text1noticias\">Mis primeros encuentros con los  comandantes de las FARC-EP en territorio colombiano se realizaron a ra\u00edz del  inicio de los di\u00e1logos de paz en las proximidades de San Vicente del Cagu\u00e1n.  Antes conoc\u00ed a algunos de ellos en los pa\u00edses socialistas y en algunos eventos  internacionales.<\/p>\n<p>&#13;<\/p>\n<p align=\"justify\" class=\"text1noticias\">En ocasi\u00f3n de los encuentros en  el Cagu\u00e1n conoc\u00ed el camarada Manuel Marulanda y con \u00e9l sostuve una larga  conversaci\u00f3n. De aquella visita escrib\u00ed a mi retorno a Rep\u00fablica Dominicana y  un extenso reportaje sobre ella fue publicado por el diario Hoy.<\/p>\n<p>&#13;<\/p>\n<p align=\"justify\" class=\"text1noticias\">Fui invitado en otras ocasiones a  Colombia, entre ellas a participar en aquel acto de liberaci\u00f3n por las FARC de  un numeroso grupo de prisioneros de guerra, y entonces el gobierno colombiano  me neg\u00f3 la visa y no pude viajar.<\/p>\n<p>&#13;<\/p>\n<p align=\"justify\" class=\"text1noticias\">Tiempo despu\u00e9s, un Presidente de la Rep\u00fablica Dominicana  \u2013cuyo nombre me reservar\u00e9 en esta oportunidad- me hizo saber a trav\u00e9s de un  alto dirigente de su partido, que el Presidente \u00c1lvaro Uribe le hab\u00eda comentado  de mi viaje y de mis posiciones y le hab\u00eda comunicado que de parte de ciertos  enclaves del poder colombiano exist\u00eda la determinaci\u00f3n se asesinarme si me  encontraban mal puesto por all\u00e1.<\/p>\n<p>&#13;<\/p>\n<p align=\"justify\" class=\"text1noticias\">Por otra parte, en el periodo  posterior a la ruptura de los di\u00e1logos, los gobiernos colombianos, sus cuerpos  de inteligencia y la propia CIA, se dispusieron a impedir toda presencia de  delegaciones de las FARC en el exterior. <br \/>&#13;<br \/>\n  <br \/>&#13;<br \/>\nEsto incluy\u00f3 los eventos  internacionales.<\/p>\n<p>&#13;<\/p>\n<p align=\"justify\" class=\"text1noticias\">Con la colaboraci\u00f3n o inhibici\u00f3n  de sectores de otros gobiernos, las FARC han sido sometidas a un intenso  proceso de persecuci\u00f3n, apresamientos y secuestros, llegando a escenificarse  casos tan escandalosos como los secuestros del comandante Sim\u00f3n Trinidad En el  Ecuador) y la guerrillera Sonia (en Colombia) y de Rodrigo Granda (en  Venezuela).<\/p>\n<p>&#13;<\/p>\n<p align=\"justify\" class=\"text1noticias\">Este \u00faltimo, por cierto, nos visit\u00f3 dos veces  aqu\u00ed y fue entrevistado junto a otros militantes de las FARC en Tiro al Blanco  (programa de TV-Radio que dirijo y coordino personalmente), en el espacio Al  D\u00eda de destacado periodista dominicano Huchi Lora, en la popular Revista 110 de  Julio Haz\u00edm y en otros programas de radio y televisi\u00f3n del pa\u00eds. <\/p>\n<p>&#13;<\/p>\n<p align=\"justify\" class=\"text1noticias\">En mi pa\u00eds tambi\u00e9n estuvo Ra\u00fal  Reyes, miembro del Secretariado y vocero de las Fuerzas Armadas Revolucionarias  de Colombia (v\u00edctima reciente de una masacre planeada por los gobiernos de EEUU  y de Colombia), quien entonces intercambi\u00f3 con las principales fuerzas  pol\u00edticas de mi pa\u00eds, incluido el entonces presidente electo Hip\u00f3lito Mej\u00eda, y  nadie lo trat\u00f3 como <strong>\u201cnarcoterrorista<\/strong>\u201d  e incluso sectores de derecha lo trataron con mucho respeto.<br \/>&#13;<br \/>\n  \u00a0<br \/>&#13;<br \/>\n  Tales posibilidades de  conversaciones directas, las cuales ayudaban a buscarle una salida pol\u00edtica al  conflicto armado colombiano, sin embargo, fueron dr\u00e1sticamente bloqueadas  despu\u00e9s de desatada la referida persecuci\u00f3n.<\/p>\n<p>&#13;<\/p>\n<p align=\"justify\" class=\"text1noticias\">Nuestra irrenunciable actitud de  solidaridad se mantuvo y esto ha determinado el inter\u00e9s de los dirigentes de  las FARC de continuar los intercambios de ideas, de conocer en detalle mis  puntos vistas, de entrevistarme en sus medios de prensa e informarme a la vez  de su proceso. Algo absolutamente justo y leg\u00edtimo.<\/p>\n<p>&#13;<\/p>\n<p align=\"justify\" class=\"text1noticias\">De ah\u00ed las nuevas propuestas de  encontrarnos, respondiendo al inter\u00e9s de ambas partes.<\/p>\n<p>&#13;<\/p>\n<p align=\"justify\" class=\"text1noticias\">Y como a l@s dirigentes de las  FARC les resulta imposible venir de nuevo a mi pa\u00eds y a otros pa\u00edses de la  regi\u00f3n y del mundo, como est\u00e1n impedidos de participar en los eventos en que  antes participaban, no me qued\u00f3 m\u00e1s remedio \u2013grato remedio en fin de cuentas-  que ir donde ellos est\u00e1n. Esos intercambios me permitieron conocer m\u00e1s de cerca  esa realidad y escribir con m\u00e1s propiedad sobre el proceso colombiano en su  relaci\u00f3n con el continente y el mundo actual.<\/p>\n<p>&#13;<\/p>\n<p align=\"justify\" class=\"text1noticias\">A esto se debe lo de llegar por  las <strong>\u201ctrochas de la clandestinidad<\/strong>\u201d a  las hermosas monta\u00f1as colombianas. Y lo del uniforme y el arma, tiene que ver  con necesarias medidas de seguridad para ingresar a las zonas controladas por  las FARC-EP, adem\u00e1s de que como buen caribe\u00f1o, soy buen jodedor.<\/p>\n<p>&#13;<\/p>\n<p align=\"justify\" class=\"text1noticias\">En varias oportunidades pude  complacer sus invitaciones, entre ellas en las que dieron lugar a las tres  entrevistas que me hiciera la Cadena Radial  Bolivariana (sistema de comunicaci\u00f3n y propaganda de las FARC) y que incluimos  en la referida publicaci\u00f3n. Otra anterior a \u00e9stas fue incluida en mi libro: <strong>En el Siglo XX:<\/strong> <strong>\u00bfCu\u00e1l Democracia? \u00bfCu\u00e1l Socialismo?, <\/strong>distribuido tambien el Lima.<\/p>\n<p>&#13;<\/p>\n<p align=\"justify\" class=\"text1noticias\">Si el enemigo nos quiere separar  por la fuerza, hay que ingeni\u00e1rsela para frustrarle sus prop\u00f3sitos. Y por esa  determinaci\u00f3n he tenido la agradable experiencia de conocer y hacerme amigo de  verdad de los comandantes Iv\u00e1n M\u00e1rquez, Rodrigo Granda (Ricardo) Jes\u00fas Santrich  y Luc\u00eda, seres humanos de excepcionales condiciones humanas, combatientes  ejemplares, artistas, poetas, dibujantes\u2026junto\u00a0  a una hermosa y alegre guerrillerada. Sin que nunca faltara la singular  y muy apreciada por todos(as) figura de Todoterreno, ni la linda Monita, ni la Motita blanca.<\/p>\n<p>&#13;<\/p>\n<p align=\"justify\" class=\"text1noticias\">Las FARC por su hero\u00edsmo, por sus  ideales, por su persistencia, son merecedoras de esta modesta solidaridad; sin  necesidad, por razones obvias, de ser parte de su membres\u00eda. M\u00e1s en un periodo  en que han querido no solo exterminarlas f\u00edsicamente mediante el <strong>Plan Colombia<\/strong> (y su derivada el <strong>Plan Patriota<\/strong>) dirigido por el  Pent\u00e1gono, sino tambi\u00e9n aniquilarlas moralmente con la acusaci\u00f3n de <strong>\u201cnarcoterrorismo<\/strong>\u201d puesta en marcha por  la infernal maquinaria propagand\u00edstica del imperialismo m\u00e1s terrorista y m\u00e1s  perverso de la historia humana.<\/p>\n<p>&#13;<\/p>\n<p align=\"justify\" class=\"text1noticias\">Los lectores de esas entrevistas, que procurar\u00e9 hac\u00e9rsela  llegar a <strong>\u201cLa Republica<\/strong>\u201d, han  podido valorar la calidad de los temas que ocupan estos intercambios e  interrogarse si acaso hay algo de delito en todo lo que contienen de rebeld\u00eda  justiciera y de subversi\u00f3n por la conquista del pan, la autodeterminaci\u00f3n, la  felicidad y alegr\u00eda para nuestros pueblos.<\/p>\n<p>&#13;<\/p>\n<p align=\"justify\" class=\"text1noticias\">Por otra parte, si un inmenso sentido de  solidaridad humana e identidad revolucionaria, m\u00e1s all\u00e1 de las diferentes  conceptualizaciones, v\u00edas y m\u00e9todos de lucha que cada quien\u00a0 pueda sustentar, nos llev\u00f3 a compartir  orgullosamente la inclusi\u00f3n en la <strong>Presidencia Colectiva<\/strong> de la CCB al comandante del MRTA <strong>V\u00edctor Polay<\/strong>, preso en la c\u00e1rcel tumba  del Callao durante 15 a\u00f1os, verg\u00fcenza debe darle al presidente Alan Garc\u00eda,  amigo de juventud de Polay, mantenerlo en prisi\u00f3n mientras innumerables  \u201casesinos y ladrones de Estado\u201d\u00a0 disfrutan  en el Per\u00fa de la m\u00e1s absoluta impunidad y de enormes fortunas.<\/p>\n<p>&#13;<\/p>\n<p align=\"justify\" class=\"text1noticias\">Ning\u00fan terrorista, ning\u00fan  delincuente pol\u00edtico o pol\u00edtico-delincuente, act\u00faa de esa manera. Ni siquiera  las insurgencias justas y las conspiraciones necesarias se organizan de esa  forma.<\/p>\n<p>&#13;<\/p>\n<p align=\"justify\" class=\"text1noticias\">Lamento much\u00edsimo que ustedes, o  los que est\u00e1n detr\u00e1s de ustedes, no lo puedan o no lo quieran entender as\u00ed.<\/p>\n<p>&#13;<\/p>\n<p align=\"justify\" class=\"text1noticias\"> Atentamente, <strong>Narciso Isa Conde<\/strong><\/p>\n<p>&#13;<\/p>\n<p align=\"justify\" class=\"text1noticias\">P\/D.- \u00a1Ah\u00a1, olvidaba que la  referida publicaci\u00f3n y las fotos con los comandantes Iv\u00e1n M\u00e1rquez, Jes\u00fas  Santrich\u00a0 y Luc\u00eda pueden descolgarse de  numerosos peri\u00f3dico digitales, entre ellos Kaosenlared, Rebeli\u00f3n, La Haine, Clave Digital y  Barriga Verde. Y fueron ampliamente difundidas hace m\u00e1s de un a\u00f1o por  TeleAmazona de Ecuador y varios medios colombianos, que me presentaron como  \u201crepresentante\u201d de las FARC de \u201corigen cubano\u201d y nacionalidad dominicana,  haci\u00e9ndose eco de declaraciones dadas por el presidente \u00c1lvaro Uribe y el  vicepresidente Francisco Santos. La <strong>Dircote<\/strong> peruana  est\u00e1 como descubriendo el \u201chilo en bollito\u201d.<\/p>\n<p>&#13;<\/p>\n<p align=\"justify\" class=\"text1noticias\"><strong>ANEXO El REPORTAJE  DEL DIARIO PERUANO LA   REP\u00daBLICA QUE MOTIV\u00d3 ESTA CARTA.<\/strong><\/p>\n<p>&#13;<\/p>\n<p align=\"justify\" class=\"text1noticias\"><strong>T\u00edtulo: \u201cDirigente \u2018\u2018bolivariano\u00bb Roque  Gonz\u00e1les ten\u00eda contacto con promotor de las FARC\u201d.\u00a0 Por Angel P\u00e1ez y Doris Aguirre. Unidad de  Investigaci\u00f3n.<\/strong> <br \/>&#13;<br \/>\n  <br \/>&#13;<br \/>\n  La polic\u00eda antiterrorista fotografi\u00f3 en varias ocasiones al  dirigente de la   Coordinadora Continental Bolivariana-Cap\u00edtulo Per\u00fa (CCB-CP),  Roque Gonz\u00e1les La Rosa,  en compa\u00f1\u00eda del intelectual comunista dominicano Narciso Isa Conde, quien  mantiene estrechos v\u00ednculos con las Fuerzas Armadas de Colombia (FARC). <br \/>&#13;<br \/>\n  <br \/>&#13;<br \/>\n  La Direcci\u00f3n Nacional  contra el Terrorismo (Dircote), tambi\u00e9n obtuvo im\u00e1genes de Narciso Isa Conde  vestido con uniforme de campa\u00f1a de las FARC, participando en reuniones con el  alto mando de la agrupaci\u00f3n terrorista colombiana, en territorio bajo su  control. <br \/>&#13;<br \/>\n  <br \/>&#13;<br \/>\n  El material es parte de las evidencias que la polic\u00eda ha  presentado al Ministerio P\u00fablico y al Poder Judicial para fundamentar la  acusaci\u00f3n contra Gonz\u00e1les de colaborar con el terrorismo internacional.<br \/>&#13;<br \/>\n  <br \/>&#13;<br \/>\n  <strong>DOCUMENTOS  GR\u00c1FICOS<\/strong> <br \/>&#13;<br \/>\n  <br \/>&#13;<br \/>\n  Las fotograf\u00edas demuestran que el l\u00edder de la CCB-CP, detenido por la Dircote en Aguas Verdes  cuando regresaba del Segundo Congreso de la Coordinadora Continental  Bolivariana en Quito, estuvo bajo seguimiento policial al menos durante dos  a\u00f1os.<br \/>&#13;<br \/>\n  <br \/>&#13;<br \/>\n  En otra fotograf\u00eda, Gonz\u00e1les La Rosa aparece reunido con el  ciudadano chileno Alejandro Astorga Valdez, quien perteneci\u00f3 al equipo especial  del MRTA que se dedicaba a secuestrar a empresarios y extorsionar a sus  familiares para financiar las actividades il\u00edcitas de la organizaci\u00f3n  terrorista. Roque Gonz\u00e1les cumpli\u00f3 ocho a\u00f1os de prisi\u00f3n por haber pertenecido  al comando del MRTA que plagi\u00f3 al hombre de negocios boliviano Samuel Doria  Medina y cobr\u00f3 un rescate de US$ 1.4 millones.<br \/>&#13;<br \/>\n  <br \/>&#13;<br \/>\n  Para la   Dircote, las reuniones de Roque Gonz\u00e1les con Narciso Isa  Conde y Alejandro Astorga demostrar\u00edan que el MRTA intentar\u00eda reagruparse y  rehabilitarse con la contribuci\u00f3n de las FARC.<br \/>&#13;<br \/>\n  <br \/>&#13;<br \/>\n  En la fotograf\u00eda en la que se aprecia al dominicano Narciso  Isa Conde en las monta\u00f1as colombianas, se observa junto a los dirigentes  terroristas Iv\u00e1n M\u00e1rquez y Jes\u00fas Santrich. La Dircote se\u00f1ala que la  imagen es la demostraci\u00f3n cabal de la relaci\u00f3n entre las FARC, la CCB y la CCB-CP, integrada entre  otros por ex militantes y presos del MRTA, entre ellos Roque Gonz\u00e1les.<br \/>&#13;<br \/>\n  <br \/>&#13;<br \/>\n  La polic\u00eda antiterrorista considera que las FARC \u2013cuyos  dirigentes Manuel Marulanda V\u00e9lez y Alfonso Cano son presidentes honorarios de la Coordinadora Continental  Bolivariana junto a, entre otros, el fundador del MRTA, V\u00edctor Polay\u2013, participar\u00eda  en la reestructuraci\u00f3n del MRTA por intermedio de la CCB-CP que encabeza Roque  Gonz\u00e1les La Rosa.<br \/>&#13;<br \/>\n  <br \/>&#13;<br \/>\n  <strong>SOLO  ES SIMPAT\u00cdA<\/strong> <br \/>&#13;<br \/>\n  <br \/>&#13;<br \/>\n  Entrevistado por La Rep\u00fablica, Gonz\u00e1les rechaz\u00f3 la argumentaci\u00f3n  policial. \u00abSobre Narciso Isa Conde no hay ninguna orden de detenci\u00f3n por  su supuesta relaci\u00f3n con las FARC, por eso particip\u00f3 como expositor en la C\u00e1tedra Bolivariana,  entre el 28 y 30 de junio de 2006, que se desarroll\u00f3 en la Universidad Nacional  Mayor de San Marcos con autorizaci\u00f3n de las autoridades\u00bb, explic\u00f3:  \u00abFue una actuaci\u00f3n p\u00fablica. Cualquiera pod\u00eda fotografiar la actuaci\u00f3n.  Pero la Dircote  presenta las im\u00e1genes como si fueran parte de un trabajo de inteligencia\u00bb.<br \/>&#13;<br \/>\n  <br \/>&#13;<br \/>\n\u00abNarciso Isa Conde es un intelectual comunista  respetado. No es clandestino. En su pa\u00eds tiene un programa de televisi\u00f3n y su  nombre es conocido como comentarista y analista en la prensa escrita de  Rep\u00fablica Dominicana\u00bb, afirm\u00f3 Roque Gonz\u00e1les: \u00abIngres\u00f3 sin problemas  al pa\u00eds porque no es buscado por nadie\u00bb.<br \/>&#13;<br \/>\n<br \/>&#13;<br \/>\nPreguntado por qu\u00e9 Narciso Isa Conde visti\u00f3 el uniforme de  las FARC en la reuni\u00f3n que sostuvo con el \u00abcanciller\u00bb Rodrigo Granda,  apunt\u00f3: \u00abSupongo que lo hizo como una forma de cortes\u00eda o simpat\u00eda. Que  uno se re\u00fana con un miembro de las FARC no significa que uno sea de las  FARC\u00bb.<br \/>&#13;<br \/>\n<br \/>&#13;<br \/>\n  <strong>LA CLAVE<\/strong> <br \/>&#13;<br \/>\n  <br \/>&#13;<br \/>\n  Esos amigos. Narciso Isa Conde, luego de entrevistarse con  los jefes guerrilleros, escribi\u00f3: \u00abHe tenido la agradable experiencia de  conocer y hacerme amigo de verdad de los comandantes Iv\u00e1n M\u00e1rquez, Rodrigo  Granda y Jes\u00fas Santrich\u00bb. Granda es el llamado \u00abCanciller de las FARC\u00bb.<br \/>&#13;<br \/>\n  <br \/>&#13;<br \/>\n  Elogios. \u00abLas FARC, por su hero\u00edsmo, por sus ideales,  por su persistencia, son merecedoras de solidaridad\u00bb, demanda el  intelectual Narciso Isa Conde.<br \/>&#13;<br \/>\n  <br \/>&#13;<br \/>\n  <strong>CONTACTOS  QUE NO SON SANTOS<\/strong> <br \/>&#13;<br \/>\n  <br \/>&#13;<br \/>\n  La identificaci\u00f3n del chileno Alejandro Astorga Valdez, como  uno de los contactos de la   CCB-CP, ha puesto en alerta roja a la Dircote. Astorga,  miembro de la \u00abFuerza Especial\u00bb del MRTA, uno de las c\u00e9lulas m\u00e1s  feroces y despiadadas de la agrupaci\u00f3n terrorista, est\u00e1 relacionado con el  secuestro del empresario Ra\u00fal Hiraoka.<br \/>&#13;<br \/>\n  <br \/>&#13;<br \/>\n  El dirigente de las FARC Iv\u00e1n M\u00e1rquez, que se reuni\u00f3 con  Narciso Isa Conde, fue uno de los enviados especiales de la organizaci\u00f3n  terrorista que se entrevist\u00f3 con el presidente Hugo Ch\u00e1vez, en Caracas, 2007.  Isa tambi\u00e9n mantuvo encuentros con el jefe de las FARC, Manuel Marulanda V\u00e9lez  (a) \u00abTirofijo\u00bb.<br \/>&#13;<br \/>\n  <br \/>&#13;<br \/>\nRoque Gonz\u00e1les La Rosa afirma que las reuniones  de Isa con los l\u00edderes de las FARC son parte de su \u00abtrabajo intelectual y  period\u00edstico\u00bb.<\/p>\n<p>&#13;<\/p>\n<h6> 2008-03-30 21:00:08 <\/h6>\n<p><!--\n<link rel=\"stylesheet\" href=\"css\/bootstrap.min.css\">\n\n\n<ul class=\"pagination\">\n\t    \n\t\n\n<li >\n\t<a href='?page_no=12160'>Previous<\/a>\n\t<\/li>\n\n\n       \n    \n\n<li><a href='?page_no=1'>1<\/a><\/li>\n\n\n\n<li><a href='?page_no=2'>2<\/a><\/li>\n\n\n\n<li><a>...<\/a><\/li>\n\n\n\n<li><a href='?page_no=12159'>12159<\/a><\/li>\n\n\n\n<li><a href='?page_no=12160'>12160<\/a><\/li>\n\n\n\n<li class='active'><a>12161<\/a><\/li>\n\n\n\n<li><a href='?page_no=12162'>12162<\/a><\/li>\n\n\n\n<li><a href='?page_no=12163'>12163<\/a><\/li>\n\n\n\n<li><a>...<\/a><\/li>\n\n\n\n<li><a href='?page_no=13611'>13611<\/a><\/li>\n\n\n\n<li><a href='?page_no=13612'>13612<\/a><\/li>\n\n    \n\t\n\n<li >\n\t<a href='?page_no=12162'>Next<\/a>\n\t<\/li>\n\n\n    \n\n<li><a href='?page_no=13612'>Last &rsaquo;&rsaquo;<\/a><\/li>\n\n<\/ul>\n\n\n--><br \/>\n<\/body><\/p>\n","protected":false},"excerpt":{"rendered":"<p>Carta Abierta de Narciso Isa Conde al diario La Rep\u00fablica del Per\u00fa &#13; Se\u00f1or director del diario La Rep\u00fablica: &#13; En ejercicio del derecho a r\u00e9plica, aspiro a que el diario que usted dirige acoja estos comentarios, aclaraciones y precisiones sobre el reportaje publicado en su edici\u00f3n del 22 de marzo del 2008, bajo el [&hellip;]<\/p>\n","protected":false},"author":3,"featured_media":0,"comment_status":"open","ping_status":"open","sticky":false,"template":"","format":"standard","meta":{"footnotes":""},"categories":[16],"tags":[],"class_list":["post-36283","post","type-post","status-publish","format-standard","hentry","category-opiniones"],"_links":{"self":[{"href":"https:\/\/diariodominicano.com\/index.php?rest_route=\/wp\/v2\/posts\/36283","targetHints":{"allow":["GET"]}}],"collection":[{"href":"https:\/\/diariodominicano.com\/index.php?rest_route=\/wp\/v2\/posts"}],"about":[{"href":"https:\/\/diariodominicano.com\/index.php?rest_route=\/wp\/v2\/types\/post"}],"author":[{"embeddable":true,"href":"https:\/\/diariodominicano.com\/index.php?rest_route=\/wp\/v2\/users\/3"}],"replies":[{"embeddable":true,"href":"https:\/\/diariodominicano.com\/index.php?rest_route=%2Fwp%2Fv2%2Fcomments&post=36283"}],"version-history":[{"count":0,"href":"https:\/\/diariodominicano.com\/index.php?rest_route=\/wp\/v2\/posts\/36283\/revisions"}],"wp:attachment":[{"href":"https:\/\/diariodominicano.com\/index.php?rest_route=%2Fwp%2Fv2%2Fmedia&parent=36283"}],"wp:term":[{"taxonomy":"category","embeddable":true,"href":"https:\/\/diariodominicano.com\/index.php?rest_route=%2Fwp%2Fv2%2Fcategories&post=36283"},{"taxonomy":"post_tag","embeddable":true,"href":"https:\/\/diariodominicano.com\/index.php?rest_route=%2Fwp%2Fv2%2Ftags&post=36283"}],"curies":[{"name":"wp","href":"https:\/\/api.w.org\/{rel}","templated":true}]}}