{"id":36282,"date":"2008-03-31T14:44:12","date_gmt":"2008-03-31T14:44:12","guid":{"rendered":"http:\/\/diariodominicano.ddns.net\/?p=36282"},"modified":"2008-03-31T14:44:12","modified_gmt":"2008-03-31T14:44:12","slug":"el-tiro-rapido-272","status":"publish","type":"post","link":"https:\/\/diariodominicano.com\/?p=36282","title":{"rendered":"EL TIRO R\u00c1PIDO"},"content":{"rendered":"<p><body><\/p>\n<p align=\"center\"><span class=\"titulogrande1\">EL TIRO  R\u00c1PIDO<\/span><br \/>&#13;<br \/>\n  <br \/>&#13;<br \/>\n    <strong>por<\/strong> <span class=\"textogrande\">Mario  Rivadulla<\/span><\/p>\n<p>&#13;<\/p>\n<p align=\"justify\" class=\"text1noticias\">\u201cLos delincuentes no duermen\u201d.\u00a0 La certera expresi\u00f2n sali\u00f2 de labios del  Presidente de la Suprema Corte de Justicia, Jorge Subero Isa, en ocasi\u00f2n de  suscribir un acuerdo que compromete al alto tribunal, la Procuradur\u00eca General  de la Rep\u00f9blica, la Polic\u00eca Nacional y la Direcci\u00f2n Nacional de Control de  Drogas de aunar y desplegar los mayores esfuerzos para combatir la  criminalidad.<\/p>\n<p>&#13;<\/p>\n<p align=\"justify\" class=\"text1noticias\">A Subero Isa le asiste toda  raz\u00f2n.\u00a0 La delincuencia opera \u201cfull  time\u201d, a tiempo completo.\u00a0 Y as\u00ec est\u00e0n  obligados por consiguiente,\u00a0 los  organismos relacionados con la prevenci\u00f2n, combate y sanci\u00f2n de la criminalidad  a mantenerse insomnes, sin pegar el ojo,\u00a0y a trabajar con la misma intensidad para ponerle freno.<\/p>\n<p>&#13;<\/p>\n<p align=\"justify\" class=\"text1noticias\">En el acuerdo se reconoce que  el auge de la delincuencia tanto como las actividades crecientes del  narcotr\u00e0fico en nuestro pa\u00ecs, impulsado por los grandes carteles  internacionales de la droga y el consiguiente incremento del llamado  microtr\u00e0fico barrial, est\u00e0n afectando de manera muy sensible el indispensable  clima de normal coexistencia social. Por extensi\u00f2n,\u00a0 lo hace tambi\u00e8n con todas las actividades  generales de la ciudadan\u00eca.<\/p>\n<p>&#13;<\/p>\n<p align=\"justify\" class=\"text1noticias\">No obstante la informaci\u00f2n de  que se ha aumentando la inversi\u00f2n de recursos para enfrentar esta situaci\u00f2n y que  el presente a\u00f1o se destinan 500 millones de pesos para el Plan de Seguridad  Ciudadana, existe la percepci\u00f2n de que el n\u00f9mero y gravedad de delitos ha ido  en aumento.\u00a0 Tambi\u00e8n en igual medida,\u00a0 el sentimiento de inseguridad de la  poblaci\u00f2n. <\/p>\n<p>&#13;<\/p>\n<p align=\"justify\" class=\"text1noticias\">Las estad\u00ecsticas sobre hechos  criminales del pasado a\u00f1o, ofrecidos por las autoridades tienden a confirmar lo  anterior.\u00a0\u00a0 Los datos reportados por el  cuerpo policial revelan que en el 2007 se registraron 3 mil 744 asaltos y robos  de diversa naturaleza; fueron sustra\u00ecdos 3 mil 892 veh\u00ecculos de motor, aunque  las empresas aseguradoras reconocen que con un indice bastante aceptable de  recuperacion; y ocurrieron mil 468 homicidios.\u00a0  Los apresados por drogas sumaron varios miles.<\/p>\n<p>&#13;<\/p>\n<p align=\"justify\" class=\"text1noticias\">Un hecho establecido  estad\u00ecsticamente en otros pa\u00ecses sobre la influencia del narcotr\u00e0fico en el  aumento de la criminalidad. cobra confirmaci\u00f2n igualmente aqu\u00ec. Es la estrecha  asociaci\u00f2n de guardan el narcotr\u00e0fico y el consumo de narc\u00f2ticos con al aumento  de la delincuencia.\u00a0 Bien es cierto que  la Direcci\u00f2n Nacional de Control de Drogas en los \u00f9ltimos tiempos, ha dado  muestras de gran efectividad demantelando miles de \u201cpuntos de venta\u201d y ocupando  toneladas de narc\u00f2ticos,\u00a0 en muchos casos  con riesgo y consecuencias fatales para algunos de sus agentes.\u00a0 Pero la instituci\u00f2n requiere\u00a0 de recursos de que ahora no dispone = radares  tridimensionales para detectar vuelos a baja altura, aviones interceptores con  capacidad para derribar las aeronaves que transportan los alijos,\u00a0 m\u00e0s potentes lanchas patrulleras = para poder  ampliar su capacidad operativa\u00a0 frente al  extraordinario poder que despliegan los carteles de la droga<\/p>\n<p>&#13;<\/p>\n<p align=\"justify\" class=\"text1noticias\">Mejorar de manera significativa  y palpable los niveles de seguridad, constituye uno de de las obligaciones  prioritarias del Estado y de los m\u00e0s apremiantes reclamos de la  ciudadan\u00eca.\u00a0 Lo confirman de manera  creciente la voz de la calle y las encuestas que se han venido efectuando con  motivo de la campa\u00f1a pol\u00ectica, que a m\u00e0s de las intenciones de voto a favor de  tal o cual candidato, coinciden en identificar el tema de la inseguridad y la  criminalidad entre los principales motivos de preocupaci\u00f2n y queja de la  poblaci\u00f2n.<\/p>\n<p>&#13;<\/p>\n<p align=\"justify\" class=\"text1noticias\">La delincuencia en el pa\u00ecs ha  ido adquiriendo perfiles cada vez m\u00e0s peligrosos.\u00a0 Hoy padecemos una criminalidad que exhibe  gran agresividad, capaz de las m\u00e0s malvadas fechor\u00ecas, de los delitos m\u00e0s  crueles y abominables.\u00a0 <br \/>&#13;<br \/>\n  <br \/>&#13;<br \/>\nPrevenirla y  combatirla, no es tarea f\u00e0cil, pero absolutamente necesaria para garantizar la  coexistencia pac\u00ecfica.\u00a0<br \/>&#13;<br \/>\n<br \/> &#13;<br \/>\nLa seguridad, la  vida y los bienes de la poblaci\u00f2n son de los primeros y m\u00e0s exigentes  requerimientos que debe garantizar la agenda estatal. Una misi\u00f2n apremiante en  la que ser\u00e0 preciso tambi\u00e8n motivar la confianza y lograr la m\u00e0s estrecha  colaboraci\u00f2n de la propia ciudadan\u00eca.\u00a0 <\/p>\n<p>&#13;<\/p>\n<p align=\"justify\" class=\"text1noticias\">De ah\u00ec la importancia de este  acuerdo que deber\u00e0 aunar voluntades y esfuerzos de los organismos que tienen a  su cargo la prevenci\u00f2n y la represi\u00f2n del delito con los que,\u00a0 a trav\u00e8s de los mecanismos de justicia,\u00a0 cargar\u00e0n sobre sus hombros la responsabilidad respectiva de someter\u00a0 los criminales a la justicia con expedientes  debidamente instrumentados y de aplicarles en cada caso,\u00a0 las sanciones que disponga la ley con el  m\u00e0ximo de pena en los casos de reincidencia y probada peligrosidad. <\/p>\n<p>&#13;<\/p>\n<h6> 2008-03-31 14:44:12 <\/h6>\n<p><!--\n<link rel=\"stylesheet\" href=\"css\/bootstrap.min.css\">\n\n\n<ul class=\"pagination\">\n\t    \n\t\n\n<li >\n\t<a href='?page_no=12159'>Previous<\/a>\n\t<\/li>\n\n\n       \n    \n\n<li><a href='?page_no=1'>1<\/a><\/li>\n\n\n\n<li><a href='?page_no=2'>2<\/a><\/li>\n\n\n\n<li><a>...<\/a><\/li>\n\n\n\n<li><a href='?page_no=12158'>12158<\/a><\/li>\n\n\n\n<li><a href='?page_no=12159'>12159<\/a><\/li>\n\n\n\n<li class='active'><a>12160<\/a><\/li>\n\n\n\n<li><a href='?page_no=12161'>12161<\/a><\/li>\n\n\n\n<li><a href='?page_no=12162'>12162<\/a><\/li>\n\n\n\n<li><a>...<\/a><\/li>\n\n\n\n<li><a href='?page_no=13611'>13611<\/a><\/li>\n\n\n\n<li><a href='?page_no=13612'>13612<\/a><\/li>\n\n    \n\t\n\n<li >\n\t<a href='?page_no=12161'>Next<\/a>\n\t<\/li>\n\n\n    \n\n<li><a href='?page_no=13612'>Last &rsaquo;&rsaquo;<\/a><\/li>\n\n<\/ul>\n\n\n--><br \/>\n<\/body><\/p>\n","protected":false},"excerpt":{"rendered":"<p>EL TIRO R\u00c1PIDO&#13; &#13; por Mario Rivadulla &#13; \u201cLos delincuentes no duermen\u201d.\u00a0 La certera expresi\u00f2n sali\u00f2 de labios del Presidente de la Suprema Corte de Justicia, Jorge Subero Isa, en ocasi\u00f2n de suscribir un acuerdo que compromete al alto tribunal, la Procuradur\u00eca General de la Rep\u00f9blica, la Polic\u00eca Nacional y la Direcci\u00f2n Nacional de Control [&hellip;]<\/p>\n","protected":false},"author":3,"featured_media":0,"comment_status":"open","ping_status":"open","sticky":false,"template":"","format":"standard","meta":{"footnotes":""},"categories":[16],"tags":[],"class_list":["post-36282","post","type-post","status-publish","format-standard","hentry","category-opiniones"],"_links":{"self":[{"href":"https:\/\/diariodominicano.com\/index.php?rest_route=\/wp\/v2\/posts\/36282","targetHints":{"allow":["GET"]}}],"collection":[{"href":"https:\/\/diariodominicano.com\/index.php?rest_route=\/wp\/v2\/posts"}],"about":[{"href":"https:\/\/diariodominicano.com\/index.php?rest_route=\/wp\/v2\/types\/post"}],"author":[{"embeddable":true,"href":"https:\/\/diariodominicano.com\/index.php?rest_route=\/wp\/v2\/users\/3"}],"replies":[{"embeddable":true,"href":"https:\/\/diariodominicano.com\/index.php?rest_route=%2Fwp%2Fv2%2Fcomments&post=36282"}],"version-history":[{"count":0,"href":"https:\/\/diariodominicano.com\/index.php?rest_route=\/wp\/v2\/posts\/36282\/revisions"}],"wp:attachment":[{"href":"https:\/\/diariodominicano.com\/index.php?rest_route=%2Fwp%2Fv2%2Fmedia&parent=36282"}],"wp:term":[{"taxonomy":"category","embeddable":true,"href":"https:\/\/diariodominicano.com\/index.php?rest_route=%2Fwp%2Fv2%2Fcategories&post=36282"},{"taxonomy":"post_tag","embeddable":true,"href":"https:\/\/diariodominicano.com\/index.php?rest_route=%2Fwp%2Fv2%2Ftags&post=36282"}],"curies":[{"name":"wp","href":"https:\/\/api.w.org\/{rel}","templated":true}]}}