{"id":36278,"date":"2008-04-01T14:52:27","date_gmt":"2008-04-01T14:52:27","guid":{"rendered":"http:\/\/diariodominicano.ddns.net\/?p=36278"},"modified":"2008-04-01T14:52:27","modified_gmt":"2008-04-01T14:52:27","slug":"el-tiro-rapido-271","status":"publish","type":"post","link":"https:\/\/diariodominicano.com\/?p=36278","title":{"rendered":"EL TIRO R\u00c1PIDO"},"content":{"rendered":"<p><body><\/p>\n<p><span class=\"titulogrande1\">EL TIRO RAPIDO<\/span><br \/>&#13;<br \/>\n      <strong><br \/>&#13;<br \/>\n  de<\/strong><br \/>&#13;<br \/>\n  <br \/>&#13;<br \/>\n  <span class=\"textogrande\">Mario  Rivadulla<\/span><\/p>\n<p>&#13;<\/p>\n<p align=\"justify\" class=\"text1noticias\">Los pol\u00ecticos tienen que poner especial cuidado de no  cometer imprudencias cuando asumen posiciones o hacen declaraciones  p\u00f9blicas.\u00a0 O de reaccionar en forma  descompuesta frente a situaciones que les pueden resultar adversas en un  momento determinado.\u00a0 Este es un mal que  al parecer,\u00a0 ha calado en todos los  litorales pol\u00ecticos y que se ha puesto de manifiesto sobre todo en los \u00f9ltimos  d\u00ecas, quiz\u00e0s motivado por el intenso fragor de la campa\u00f1a electoral.<\/p>\n<p>&#13;<\/p>\n<p align=\"justify\" class=\"text1noticias\">Ejemplos al canto.<\/p>\n<p>&#13;<\/p>\n<p align=\"justify\" class=\"text1noticias\">En cuanto a lo primero, vale recordar la indiscreci\u00f2n en  que incurri\u00f2 Franklin Almeida por partida doble.<br \/>&#13;<br \/>\n  <br \/>&#13;<br \/>\n  Inicialmente con la innecesaria revelaci\u00f2n de  que el PLD hab\u00eca adquirido o alquilado 20 mil celulares y 100 computadoras para  los activistas que integran su equipo de campa\u00f1a.\u00a0 Posteriormente,\u00a0 con la tambi\u00e8n innecesaria exhibici\u00f2n de los  padroncillos y la temeraria y absurda declaraci\u00f2n de que el PLD sab\u00eca por quien  iba a votar cada elector el 16 de Mayo.<\/p>\n<p>&#13;<\/p>\n<p align=\"justify\" class=\"text1noticias\">En ambos casos, el Secretario de Interior y Polic\u00eca brind\u00f2  amplio material de cr\u00ectica y especulaci\u00f2n: desde interpretar dichas acciones  como una demostraci\u00f2n de arrogante prepotencia y posible uso de los fondos del  Estado,\u00a0 tanto como despertar sospechas  sobre posibles manejos turbios en el proceso electoral, por dem\u00e0s totalmente  imposibles,\u00a0 al tiempo que de amenaza  para los votantes, particularmente los empleados p\u00f9blicos.<\/p>\n<p>&#13;<\/p>\n<p align=\"justify\" class=\"text1noticias\">Para no quedar atr\u00e0s, Federico Ant\u00f9n se destapa con una  denuncia generalizada de alegada parcialidad de la prensa a favor de la  reelecci\u00f2n del Presidente Leonel Fern\u00e0ndez. Aparte de ser falsa, en vez de  se\u00f1alar posibles culpables se limit\u00f2 a excluir a un n\u00f9mero reducido de,\u00a0 por cierto,\u00a0  muy prestigiosos colegas de la comunicaci\u00f3n.\u00a0 <br \/>&#13;<br \/>\n  <br \/>&#13;<br \/>\nLa acusaci\u00f2n, por exclusi\u00f2n, provoc\u00f2 que el  resto se sintiese aludido aunque no inclu\u00ecdo.\u00a0 <\/p>\n<p>&#13;<\/p>\n<p align=\"justify\" class=\"text1noticias\">En este carnaval de absurdos verbales, salta a la palestra  Ram\u00f2n Albuquerque se\u00f1alando al Cardenal L\u00f2pez Rodr\u00ecguez como vocero de la  reelecci\u00f2n, en un incre\u00ecble ejercicio de resta de votos para Miguel Vargas Maldonado  dentro de la grey cat\u00f2lica.\u00a0 La respuesta  no se hizo esperar. El Cardenal replic\u00f2 con la destemplada energ\u00eca que  acostumbra, poniendo al Presidente del PRD de vuelta y media.\u00a0 Como remache, el menor calificativo que le  dedica la nota editorial del prestigioso semanario Camino es el de \u201cignorante\u201d,  al tiempo de poner al candidato presidencial del partido blanco en la  desagradable situaci\u00f2n de tener que desmentirlo.<\/p>\n<p>&#13;<\/p>\n<p align=\"justify\" class=\"text1noticias\">Y como si fuese objeto de contagio, el siempre muy  mesurado Eduardo Estrella, a quien todos le reconocen grandes prendas morales,  reacciona con desbordada emoci\u00f2n frente al fallo de la C\u00e0mara Contenciosa  de la Junta Central  Electoral que le priva de los votos del Partido Nacional de Veteranos Civiles,  acusando a los integrantes de la misma de haber sido influenciados por el  Presidente Leonel Fern\u00e0ndez.<\/p>\n<p>&#13;<\/p>\n<p align=\"justify\" class=\"text1noticias\">Como bien razona la Coctelera de Mario Alvarez Dugan en la edici\u00f2n  sabatina del matutino Hoy, la acusaci\u00f2n no puede ser m\u00e0s peregrina.\u00a0 Esto as\u00ec, por cuanto en el supuesto de que el  mandatario tuviese capacidad de influir en las decisiones de la Junta, lo l\u00f2gico es que  hubiese hecho gala de ese poder para evitar la resoluci\u00f2n de la C\u00e0mara Administrativa  disponiendo el cese de pagos al personal de las llamadas nominillas.<\/p>\n<p>&#13;<\/p>\n<p align=\"justify\" class=\"text1noticias\">Eso por un lado.\u00a0  Por otro, resulta incomprensible satanizar a los magistrados y poner  bajo cuestionamiento su \u00e8tica para en definitiva, terminar la historia  interponiendo un recurso de revisi\u00f2n contra su fallo que deber\u00e0 ser conocido y  resuelto por los mismos. Si no fuesen confiables, \u00bfqu\u00e8 sentido tendr\u00eca  someterse a su decisi\u00f2n?<\/p>\n<p>&#13;<\/p>\n<p align=\"justify\" class=\"text1noticias\">Quiz\u00e0s, repetimos, todos estos deslices sean consecuencia  de la intensa pasi\u00f2n con que se ha venido desarrollando la actual campa\u00f1a  electoral, que por suerte, hasta ahora y es de desear que contin\u00f9e as\u00ec, no se  ha traducido en violencia f\u00ecsica.<\/p>\n<p>&#13;<\/p>\n<p align=\"justify\" class=\"text1noticias\">Pero la experiencia ense\u00f1a lo importante que es no perder  la cabeza ni reaccionar de manera descompuesta frente a los tropiezos que se  nos puedan presentar en el camino. Esta ense\u00f1anza,\u00a0 v\u00e0lida para todas las situaciones de la  vida,\u00a0\u00a0 de mayor\u00a0 aplicaci\u00f2n en el ejercicio pol\u00ectico donde una  palabra dicha de m\u00e0s puede resultar mucho m\u00e0s costosa que una de menos.\u00a0 <\/p>\n<p>&#13;<\/p>\n<p align=\"justify\" class=\"text1noticias\">Esto as\u00ec sobre todo, entre quienes aparecen a la\u00a0 cabeza de los principales partidos con  vocaci\u00f2n de poder y los candidatos que aspiran a dirigir los destinos del pa\u00ecs,  para cuyo exitosa gesti\u00f2n es indispensable poseer condiciones de  estadista,\u00a0 entre cuyas principales  virtudes tienen que resaltar la serenidad y la prudencia tanto en el discurso  que se asuma como en las decisiones que se adopten.<\/p>\n<p>&#13;<\/p>\n<h6> 2008-04-01 14:52:27 <\/h6>\n<p><!--\n<link rel=\"stylesheet\" href=\"css\/bootstrap.min.css\">\n\n\n<ul class=\"pagination\">\n\t    \n\t\n\n<li >\n\t<a href='?page_no=12156'>Previous<\/a>\n\t<\/li>\n\n\n       \n    \n\n<li><a href='?page_no=1'>1<\/a><\/li>\n\n\n\n<li><a href='?page_no=2'>2<\/a><\/li>\n\n\n\n<li><a>...<\/a><\/li>\n\n\n\n<li><a href='?page_no=12155'>12155<\/a><\/li>\n\n\n\n<li><a href='?page_no=12156'>12156<\/a><\/li>\n\n\n\n<li class='active'><a>12157<\/a><\/li>\n\n\n\n<li><a href='?page_no=12158'>12158<\/a><\/li>\n\n\n\n<li><a href='?page_no=12159'>12159<\/a><\/li>\n\n\n\n<li><a>...<\/a><\/li>\n\n\n\n<li><a href='?page_no=13611'>13611<\/a><\/li>\n\n\n\n<li><a href='?page_no=13612'>13612<\/a><\/li>\n\n    \n\t\n\n<li >\n\t<a href='?page_no=12158'>Next<\/a>\n\t<\/li>\n\n\n    \n\n<li><a href='?page_no=13612'>Last &rsaquo;&rsaquo;<\/a><\/li>\n\n<\/ul>\n\n\n--><br \/>\n<\/body><\/p>\n","protected":false},"excerpt":{"rendered":"<p>EL TIRO RAPIDO&#13; &#13; de&#13; &#13; Mario Rivadulla &#13; Los pol\u00ecticos tienen que poner especial cuidado de no cometer imprudencias cuando asumen posiciones o hacen declaraciones p\u00f9blicas.\u00a0 O de reaccionar en forma descompuesta frente a situaciones que les pueden resultar adversas en un momento determinado.\u00a0 Este es un mal que al parecer,\u00a0 ha calado en [&hellip;]<\/p>\n","protected":false},"author":3,"featured_media":0,"comment_status":"open","ping_status":"open","sticky":false,"template":"","format":"standard","meta":{"footnotes":""},"categories":[16],"tags":[],"class_list":["post-36278","post","type-post","status-publish","format-standard","hentry","category-opiniones"],"_links":{"self":[{"href":"https:\/\/diariodominicano.com\/index.php?rest_route=\/wp\/v2\/posts\/36278","targetHints":{"allow":["GET"]}}],"collection":[{"href":"https:\/\/diariodominicano.com\/index.php?rest_route=\/wp\/v2\/posts"}],"about":[{"href":"https:\/\/diariodominicano.com\/index.php?rest_route=\/wp\/v2\/types\/post"}],"author":[{"embeddable":true,"href":"https:\/\/diariodominicano.com\/index.php?rest_route=\/wp\/v2\/users\/3"}],"replies":[{"embeddable":true,"href":"https:\/\/diariodominicano.com\/index.php?rest_route=%2Fwp%2Fv2%2Fcomments&post=36278"}],"version-history":[{"count":0,"href":"https:\/\/diariodominicano.com\/index.php?rest_route=\/wp\/v2\/posts\/36278\/revisions"}],"wp:attachment":[{"href":"https:\/\/diariodominicano.com\/index.php?rest_route=%2Fwp%2Fv2%2Fmedia&parent=36278"}],"wp:term":[{"taxonomy":"category","embeddable":true,"href":"https:\/\/diariodominicano.com\/index.php?rest_route=%2Fwp%2Fv2%2Fcategories&post=36278"},{"taxonomy":"post_tag","embeddable":true,"href":"https:\/\/diariodominicano.com\/index.php?rest_route=%2Fwp%2Fv2%2Ftags&post=36278"}],"curies":[{"name":"wp","href":"https:\/\/api.w.org\/{rel}","templated":true}]}}