{"id":36276,"date":"2008-04-02T14:15:25","date_gmt":"2008-04-02T14:15:25","guid":{"rendered":"http:\/\/diariodominicano.ddns.net\/?p=36276"},"modified":"2008-04-02T14:15:25","modified_gmt":"2008-04-02T14:15:25","slug":"el-tiro-rapido-270","status":"publish","type":"post","link":"https:\/\/diariodominicano.com\/?p=36276","title":{"rendered":"EL TIRO R\u00c1PIDO"},"content":{"rendered":"<p><body><\/p>\n<h1 align=\"center\" class=\"titulogrande1\">EL TIRO RAPIDO<\/h1>\n<p>&#13;<\/p>\n<p align=\"center\"><strong>de<\/strong><br \/>&#13;<br \/>\n  <br \/>&#13;<br \/>\n    <span class=\"textogrande\">Mario  Rivadulla<\/span><\/p>\n<p>&#13;<\/p>\n<p align=\"justify\" class=\"text1noticias\">En d\u00ecas recientes acogimos declaraciones del Secretario de  Econom\u00eca, Desarrollo y Planificaci\u00f2n, Tem\u00ecstocles Mont\u00e0s, advirtiendo que el  pa\u00ecs se encuentra abocado a una situaci\u00f2n que con toda propiedad, califica de  \u201cterrible\u201d.\u00a0 El sombr\u00eco pron\u00f2stico est\u00e0  m\u00e0s que justificado, tomando en cuenta las sobradas se\u00f1ales que se nos  presentan a la vista y que nos pronostican un futuro pre\u00f1ado de grandes  dificultades y retos.<\/p>\n<p>&#13;<\/p>\n<p align=\"justify\" class=\"text1noticias\">Dos factores sobre todo, que venimos mencionado desde meses  atr\u00e0s,\u00a0 resultan de una influencia  negativa capital.\u00a0 Uno,\u00a0 el alza continua del precio del petr\u00f2leo que  hace rato traspas\u00f2 la barrera de los cien d\u00f2lares el barril y apunta que  pudiera llegar a ciento veinte, sin una aparente posibilidad de reducci\u00f2n al  corto plazo.\u00a0 Otro, la recesi\u00f2n de la  econom\u00eca norteamericana desatada por la crisis del mercado inmobiliario, y que,  agravada por otros factores,\u00a0 ha colocado  en dram\u00e0tico reto de sobrevivencia a poderosas firmas financieras y emporios  industriales asi como a millones de familias en el poderoso pais vecino, que es  nuestro principal socio comercial,\u00a0 <\/p>\n<p>&#13;<\/p>\n<p align=\"justify\" class=\"text1noticias\">Hay en adici\u00f2n otros elementos agravantes.\u00a0 Tales, el alza de costos de no pocos insumos,  materias primas y productos esenciales para nuestra propia econom\u00eca debido a  diversas razones de car\u00e1cter internacional, que escapan a nuestra voluntad y  manejo. Entre \u00e8stas, figuran el vigoroso despegue de esos dos gigantes que son  China Continental y la India como la misma depreciaci\u00f2n del valor del d\u00f2lar  estadounidense frente al euro.<\/p>\n<p>&#13;<\/p>\n<p align=\"justify\" class=\"text1noticias\">Debido a esas causas ex\u00f2genas, renglones tan importantes  como el acero y los fertilizantes, por citar dos ejemplos, o el ma\u00ecz, el trigo  y la leche entre los productos alimenticios de mayor consumo han visto  disparados sus precios, y por consiguiente incidido en los costos de la  producci\u00f2n agr\u00eccola y de la canasta familiar.<\/p>\n<p>&#13;<\/p>\n<p align=\"justify\" class=\"text1noticias\">Cierto que se trata de una situaci\u00f2n de efectos muy  generalizados que golpea a numerosos pa\u00ecses, inclusive los de mayor desarrollo  industrial y econom\u00eca m\u00e0s pujante. Pero ello no alivia los reflejos mucho m\u00e0s  apremiantes, que pudieran llegar a un nivel angustioso, para los pa\u00ecses en  desarrollo y los que figuran en el rengl\u00f2n de los m\u00e0s pobres.\u00a0 <\/p>\n<p>&#13;<\/p>\n<p align=\"justify\" class=\"text1noticias\">Mucho menos excluye el que debamos tomar conciencia  inmediata de los riesgos que nos amenazan. No cerrar los ojos a la realidad que  se nos viene encima ni cruzarnos de brazos con resignaci\u00f2n o volver la espalda  con indiferencia para hacer frente a esa especie de posible \u201ctsunami\u201d, de  presumibles terribles efectos econ\u00f2micos y sociales, y a\u00f9n, por extensi\u00f2n,\u00a0 pol\u00ecticos.<\/p>\n<p>&#13;<\/p>\n<p align=\"justify\" class=\"text1noticias\">Dentro de este marco tan preocupante, sosiega el \u00e0nimo en  buena medida las seguridades que ha venido dando el Gobernador del Banco  Central, H\u00e8ctor Valdez Albizu, de que consciente de esa situaci\u00f2n, la entidad  que es eje del sistema financiero, se ha venido preparando adecuadamente para  hacerle frente.<\/p>\n<p>&#13;<\/p>\n<p align=\"justify\" class=\"text1noticias\">El alto funcionario bancario, apelando a una expresi\u00f2n muy  gr\u00e0fica, afirma que los pasos que se han dado en este sentido han permitido  dotar al pa\u00ecs del necesario \u201cblindaje\u201d a fin de encarar posibles contingencias  desfavorables.<br \/>&#13;<br \/>\n    <br \/>&#13;<br \/>\nEn este sentido, recuerda  que hoy disponemos de un amplio inventario de reservas netas en d\u00f2lares, en  cantidad muy superior a la que en el acuerdo stand-by,\u00a0 hab\u00eca requerido el Fondo Monetario  Internacional.<\/p>\n<p>&#13;<\/p>\n<p align=\"justify\" class=\"text1noticias\">A Valdez Albizu hay que reconocerle que ha manejado la  econom\u00eca con mano firme y segura en todo este tiempo, venciendo los m\u00e0s  adversos pron\u00f2sticos y superando los diferentes escollos que se han presentado  en el camino.\u00a0 De ah\u00ec,\u00a0 que sus opiniones est\u00e8n avaladas por el  fuerte sello de credibilidad que ofrece el resultado de su gesti\u00f2n.\u00a0 <\/p>\n<p>&#13;<\/p>\n<p align=\"justify\" class=\"text1noticias\">En otro orden, es conveniente que la ciudadan\u00eca sepa que  nos esperan tiempos dif\u00ecciles y que resulta oportuno que nos preparemos mental  y materialmente para hacerles frente. Y que uno de los requisitos fundamentales  ser\u00e0 asumir una pol\u00ectica oficial y una cultura social de austeridad.\u00a0 Que deberemos declarar el dispendio como  enemigo p\u00f9blico n\u00f9mero 1.\u00a0 Y convertir la  continencia y el ahorro en art\u00ecculos de fe, tanto en la gesti\u00f2n del Estado como  en la de cada sector y cada ciudadano en particular.<\/p>\n<p>&#13;<\/p>\n<p align=\"justify\" class=\"text1noticias\">El pueblo dominicano ha afrontado y superado grandes  escollos a lo largo de su todav\u00eca breve existencia como naci\u00f2n.\u00a0 Esta ser\u00e0 una batalla m\u00e0s, una nueva prueba,  posiblemente la m\u00e0s dif\u00eccil.\u00a0 Pero  estamos seguros que si todos ponemos el hombro a la tarea saldremos adelante  como en tantas ocasiones anteriores,\u00a0 y  lo haremos m\u00e0s fortalecidos para alcanzar un futuro mejor.<\/p>\n<p>&#13;<\/p>\n<h6> 2008-04-02 14:15:25 <\/h6>\n<p><!--\n<link rel=\"stylesheet\" href=\"css\/bootstrap.min.css\">\n\n\n<ul class=\"pagination\">\n\t    \n\t\n\n<li >\n\t<a href='?page_no=12154'>Previous<\/a>\n\t<\/li>\n\n\n       \n    \n\n<li><a href='?page_no=1'>1<\/a><\/li>\n\n\n\n<li><a href='?page_no=2'>2<\/a><\/li>\n\n\n\n<li><a>...<\/a><\/li>\n\n\n\n<li><a href='?page_no=12153'>12153<\/a><\/li>\n\n\n\n<li><a href='?page_no=12154'>12154<\/a><\/li>\n\n\n\n<li class='active'><a>12155<\/a><\/li>\n\n\n\n<li><a href='?page_no=12156'>12156<\/a><\/li>\n\n\n\n<li><a href='?page_no=12157'>12157<\/a><\/li>\n\n\n\n<li><a>...<\/a><\/li>\n\n\n\n<li><a href='?page_no=13611'>13611<\/a><\/li>\n\n\n\n<li><a href='?page_no=13612'>13612<\/a><\/li>\n\n    \n\t\n\n<li >\n\t<a href='?page_no=12156'>Next<\/a>\n\t<\/li>\n\n\n    \n\n<li><a href='?page_no=13612'>Last &rsaquo;&rsaquo;<\/a><\/li>\n\n<\/ul>\n\n\n--><br \/>\n<\/body><\/p>\n","protected":false},"excerpt":{"rendered":"<p>EL TIRO RAPIDO &#13; de&#13; &#13; Mario Rivadulla &#13; En d\u00ecas recientes acogimos declaraciones del Secretario de Econom\u00eca, Desarrollo y Planificaci\u00f2n, Tem\u00ecstocles Mont\u00e0s, advirtiendo que el pa\u00ecs se encuentra abocado a una situaci\u00f2n que con toda propiedad, califica de \u201cterrible\u201d.\u00a0 El sombr\u00eco pron\u00f2stico est\u00e0 m\u00e0s que justificado, tomando en cuenta las sobradas se\u00f1ales que se [&hellip;]<\/p>\n","protected":false},"author":3,"featured_media":0,"comment_status":"open","ping_status":"open","sticky":false,"template":"","format":"standard","meta":{"footnotes":""},"categories":[16],"tags":[],"class_list":["post-36276","post","type-post","status-publish","format-standard","hentry","category-opiniones"],"_links":{"self":[{"href":"https:\/\/diariodominicano.com\/index.php?rest_route=\/wp\/v2\/posts\/36276","targetHints":{"allow":["GET"]}}],"collection":[{"href":"https:\/\/diariodominicano.com\/index.php?rest_route=\/wp\/v2\/posts"}],"about":[{"href":"https:\/\/diariodominicano.com\/index.php?rest_route=\/wp\/v2\/types\/post"}],"author":[{"embeddable":true,"href":"https:\/\/diariodominicano.com\/index.php?rest_route=\/wp\/v2\/users\/3"}],"replies":[{"embeddable":true,"href":"https:\/\/diariodominicano.com\/index.php?rest_route=%2Fwp%2Fv2%2Fcomments&post=36276"}],"version-history":[{"count":0,"href":"https:\/\/diariodominicano.com\/index.php?rest_route=\/wp\/v2\/posts\/36276\/revisions"}],"wp:attachment":[{"href":"https:\/\/diariodominicano.com\/index.php?rest_route=%2Fwp%2Fv2%2Fmedia&parent=36276"}],"wp:term":[{"taxonomy":"category","embeddable":true,"href":"https:\/\/diariodominicano.com\/index.php?rest_route=%2Fwp%2Fv2%2Fcategories&post=36276"},{"taxonomy":"post_tag","embeddable":true,"href":"https:\/\/diariodominicano.com\/index.php?rest_route=%2Fwp%2Fv2%2Ftags&post=36276"}],"curies":[{"name":"wp","href":"https:\/\/api.w.org\/{rel}","templated":true}]}}