{"id":36272,"date":"2008-04-03T16:56:58","date_gmt":"2008-04-03T16:56:58","guid":{"rendered":"http:\/\/diariodominicano.ddns.net\/?p=36272"},"modified":"2008-04-03T16:56:58","modified_gmt":"2008-04-03T16:56:58","slug":"las-fuentes-del-poder","status":"publish","type":"post","link":"https:\/\/diariodominicano.com\/?p=36272","title":{"rendered":"Las Fuentes del Poder"},"content":{"rendered":"<p><body><\/p>\n<p class=\"titulogrande1\"><strong>Las Fuentes del Poder<\/strong><\/p>\n<p>&#13;<\/p>\n<p align=\"justify\" class=\"text1noticias\">Los l\u00edderes\u00a0 deben estar conscientes de que adem\u00e1s de los  tres instrumentos que se utilizan para el ejercicio del poder existen tres  fuentes para el ejercicio del mismo. Esta combinaci\u00f3n de fuentes e instrumentos  de poder lo encontraremos en todo tipo de sociedad que se rija bajo el sistema  capitalista de producci\u00f3n y en menor medida en el socialismo, ya que en \u00e9ste  \u00faltimo sistema aunque el poder se ejerce con los instrumentos antes dichos en  el caso de las fuentes s\u00f3lo dos son aplicadas en el socialismo, tambi\u00e9n en  combinaci\u00f3n con los instrumentos del poder. \u00a0En el caso de la propiedad, como fuente de  poder, tiene menos incidencia\u00a0 en el  r\u00e9gimen socialista que en el capitalismo.\u00a0 <\/p>\n<p>&#13;<\/p>\n<p align=\"justify\" class=\"text1noticias\">Cuando nos referimos a las fuentes del poder estamos  hablando de la organizaci\u00f3n, la personalidad del l\u00edder pol\u00edtico y la  propiedad,* esto es la ascendencia econ\u00f3mica y social de \u00e9ste y su grupo en el  seno de la sociedad y sus sectores  econ\u00f3micos m\u00e1s representativos. En este aspecto la propiedad esta referida a  los bienes muebles e inmuebles\u00a0 que posea  el l\u00edder y el grupo, as\u00ed como la fuente y disposici\u00f3n de dinero\u00a0 que este puede agenciarse y que proviene de  los grupos econ\u00f3micos y sociales que  controlan la mayor cantidad de riquezas de la naci\u00f3n en donde ese l\u00edder ejerce  su liderazgo.<\/p>\n<p>&#13;<\/p>\n<p align=\"justify\" class=\"text1noticias\">El l\u00edder pol\u00edtico tiene que hacer una  diferencia entre tener dinero para ser omnipotente, \u00e9l como persona, y tener  recursos y dineros como representante de una organizaci\u00f3n o sector social que  aspira a dirigir el Estado y el gobierno. \u00a0En el primer caso hay quienes tienen dinero y  una posici\u00f3n importante en la organizaci\u00f3n, sin embargo eso no le garantiza una  posici\u00f3n de liderazgo ni en la organizaci\u00f3n\u00a0  ni en la sociedad. Del lado opuesto, a veces encontramos personas que no  son omnipotentes en lo que concierne a su disponibilidades econ\u00f3micas, sin  embargo producto de la ascendencia de su personalidad e inteligencia pol\u00edtica  son, tanto en la organizaci\u00f3n como en el seno de la sociedad representantes de  importantes sectores en el seno de sus organizaciones, as\u00ed como en el seno de  la sociedad en general, as\u00ed se convierten en lideres de los \u00a0sectores sociales y econ\u00f3micos m\u00e1s importantes  de la misma.\u00a0\u00a0\u00a0\u00a0\u00a0\u00a0\u00a0\u00a0\u00a0\u00a0\u00a0\u00a0\u00a0\u00a0\u00a0\u00a0\u00a0\u00a0 <\/p>\n<p>&#13;<\/p>\n<p align=\"justify\" class=\"text1noticias\">En cuanto al Estado y al gobierno el  l\u00edder debe tomar en cuenta que cada\u00a0  sociedad tiene caracter\u00edsticas diferentes y particulares .Debe estar  consciente que el ejercicio de poder implica una serie de de intereses y  en su funci\u00f3n de l\u00edder, que est\u00e1  desempe\u00f1ando, al frente de los destino de la naci\u00f3n debe comprender que el  Estado como instrumento de poder\u00a0 debe  ser tolerante con las dem\u00e1s organizaciones pol\u00edticas y debe convertirse en  protector de la propiedad privada. Debe, adem\u00e1s, ser tolerante con las personas  y con los diversos sectores sociales y pol\u00edticos que convergen en el seno de la  sociedad.\u00a0\u00a0\u00a0\u00a0\u00a0\u00a0\u00a0\u00a0\u00a0\u00a0\u00a0\u00a0\u00a0\u00a0\u00a0\u00a0\u00a0\u00a0\u00a0\u00a0\u00a0\u00a0\u00a0\u00a0 <\/p>\n<p>&#13;<\/p>\n<p align=\"justify\" class=\"text1noticias\">Adem\u00e1s todo l\u00edder pol\u00edtico debe tener  presente que su funci\u00f3n debe ser de punto de equilibrio entre todos los  sectores sociales y econ\u00f3micos que convergen en torno al Estado y sus redes de  intereses. Debe saber que su ejercicio de poder est\u00e1 orientado a acentuar su  personalidad\u00a0 en el pensamiento de las  personas, debe adem\u00e1s, apoyarse en los grupos\u00a0  que detentan la propiedad o las riquezas\u00a0  de la naci\u00f3n y debe tambi\u00e9n apoyarse en su organizaci\u00f3n, ya que esa es  una condici\u00f3n necesaria para\u00a0 poder  aplicar los poderes condigno, compensatorio y condicionado. <\/p>\n<p>&#13;<\/p>\n<p align=\"justify\" class=\"text1noticias\">Es importante que el l\u00edder asimile  cu\u00e1l de los instrumentos de poder es m\u00e1s id\u00f3neo para realizar su liderazgo de  forma id\u00f3nea y con eficiencia, ya que casi siempre el poder se ejerce en forma  sim\u00e9trica, esto quiere decir que en muchas ocasiones\u00a0 el poder y la fuerza se combaten en ese mismo  terreno. Por ejemplo, cuando un\u00a0 ej\u00e9rcito  enfrenta a otro grupo armado, ah\u00ed existe simetr\u00eda porque se opone la fuerza a  otra fuerza. Cuando un gobierno viola la ley del derecho al trabajo, la  protesta es la huelga de los trabajadores. Otro ejemplo: Si el gobierno  establece impuestos abusivos la reacci\u00f3n de los empresarios puede ser para que  lo rebajen o para dejar de pagarlos, o sea que cuando un sector\u00a0 responde de forma frontal contra otro que se  le opone, decimos que hay simetr\u00eda en el uso\u00a0  o aplicaci\u00f3n del poder.\u00a0 <\/p>\n<p>&#13;<\/p>\n<p align=\"justify\" class=\"text1noticias\">Asimilar cuando convienen  utilizar\u00a0 el poder de forma sim\u00e9trica o  asim\u00e9trica para enfrentar al contrario es una tarea del l\u00edder pol\u00edtico. Si  tomamos el caso de Mahama Ghandi\u00a0 en la India vemos que \u00e9ste no  enfrent\u00f3 a los ingleses que gobernaban la India de manera frontal, digamos que no lo  enfrent\u00f3 con otro ejercito igual, sino que este actu\u00f3 de manera asim\u00e9trica en  el ejercicio de su liderazgo cuando escogi\u00f3 enfrentar la presencia inglesa, en  su pa\u00eds, recurriendo a la desobediencia civil en contra de los ingleses.<\/p>\n<p>&#13;<\/p>\n<p align=\"justify\" class=\"text1noticias\">Si\u00a0  este l\u00edder Ind\u00fa\u00a0 decide formar un  grupo armado no tenia ninguna posibilidad de enfrentarse a los ingleses, que  ejerc\u00edan el gobierno en la India,  porque al ser un ejercito poderoso lo hubiesen derrotado con facilidad , si  embargo Ghandi ejerci\u00f3 el uso del poder de forma asim\u00e9trica\u00a0 y al gran poder militar de los ingleses\u00a0 enfrent\u00f3 su lucha pacifica y desobediencia  civil con los resultados hasta ahora conocidos, que fue la salida de los  ingleses de la India,  despu\u00e9s de un largo proceso de lucha.\u00a0\u00a0\u00a0\u00a0\u00a0\u00a0\u00a0\u00a0\u00a0\u00a0\u00a0\u00a0\u00a0\u00a0\u00a0\u00a0\u00a0\u00a0\u00a0\u00a0\u00a0\u00a0\u00a0\u00a0\u00a0\u00a0\u00a0\u00a0\u00a0\u00a0\u00a0\u00a0\u00a0\u00a0\u00a0\u00a0\u00a0\u00a0\u00a0\u00a0\u00a0\u00a0\u00a0\u00a0\u00a0\u00a0\u00a0\u00a0\u00a0\u00a0\u00a0\u00a0\u00a0\u00a0\u00a0\u00a0\u00a0\u00a0\u00a0\u00a0\u00a0\u00a0\u00a0\u00a0\u00a0\u00a0\u00a0\u00a0\u00a0\u00a0\u00a0\u00a0\u00a0\u00a0\u00a0\u00a0\u00a0\u00a0\u00a0\u00a0\u00a0\u00a0\u00a0\u00a0\u00a0  \u00a0\u00a0<\/p>\n<p>&#13;<\/p>\n<p align=\"justify\" class=\"text1noticias\">La\u00a0  aplicaci\u00f3n eficaz\u00a0 en el uso del  poder\u00a0 produjo a Ghandi y a la India resultados  satisfactorios en el ejercicio de su liderazgo. Al rev\u00e9s ha ocurrido con  l\u00edderes como Fidel Castro en Cuba. Este en vez de recurrir al uso del poder  asim\u00e9trico, para la toma de poder en ese pa\u00eds, recurri\u00f3 al uso del poder  sim\u00e9trico, en la medida que enfrent\u00f3 la dictadura y al ejercito de\u00a0 Fulgencio Batista, en el a\u00f1o 1959, con una  guerra de guerrilla que al final le di\u00f3 la victoria a la revoluci\u00f3n que  \u00e9ste encabez\u00f3.\u00a0\u00a0 \u00a0\u00a0\u00a0\u00a0\u00a0\u00a0\u00a0\u00a0\u00a0\u00a0\u00a0\u00a0\u00a0\u00a0\u00a0\u00a0\u00a0\u00a0\u00a0\u00a0\u00a0\u00a0\u00a0\u00a0\u00a0\u00a0\u00a0\u00a0\u00a0\u00a0\u00a0\u00a0\u00a0<\/p>\n<p>&#13;<\/p>\n<p align=\"justify\" class=\"text1noticias\"><strong>Evelio Arroyo es Soci\u00f3logo, Abogado y Escritor. Estos  temas son publicados del libro \u201cLideres y Liderazgos\u201d de su autor\u00eda <\/strong><\/p>\n<p>&#13;<\/p>\n<h6> 2008-04-03 16:56:58 <\/h6>\n<p><!--\n<link rel=\"stylesheet\" href=\"css\/bootstrap.min.css\">\n\n\n<ul class=\"pagination\">\n\t    \n\t\n\n<li >\n\t<a href='?page_no=12150'>Previous<\/a>\n\t<\/li>\n\n\n       \n    \n\n<li><a href='?page_no=1'>1<\/a><\/li>\n\n\n\n<li><a href='?page_no=2'>2<\/a><\/li>\n\n\n\n<li><a>...<\/a><\/li>\n\n\n\n<li><a href='?page_no=12149'>12149<\/a><\/li>\n\n\n\n<li><a href='?page_no=12150'>12150<\/a><\/li>\n\n\n\n<li class='active'><a>12151<\/a><\/li>\n\n\n\n<li><a href='?page_no=12152'>12152<\/a><\/li>\n\n\n\n<li><a href='?page_no=12153'>12153<\/a><\/li>\n\n\n\n<li><a>...<\/a><\/li>\n\n\n\n<li><a href='?page_no=13611'>13611<\/a><\/li>\n\n\n\n<li><a href='?page_no=13612'>13612<\/a><\/li>\n\n    \n\t\n\n<li >\n\t<a href='?page_no=12152'>Next<\/a>\n\t<\/li>\n\n\n    \n\n<li><a href='?page_no=13612'>Last &rsaquo;&rsaquo;<\/a><\/li>\n\n<\/ul>\n\n\n--><br \/>\n<\/body><\/p>\n","protected":false},"excerpt":{"rendered":"<p>Las Fuentes del Poder &#13; Los l\u00edderes\u00a0 deben estar conscientes de que adem\u00e1s de los tres instrumentos que se utilizan para el ejercicio del poder existen tres fuentes para el ejercicio del mismo. Esta combinaci\u00f3n de fuentes e instrumentos de poder lo encontraremos en todo tipo de sociedad que se rija bajo el sistema capitalista [&hellip;]<\/p>\n","protected":false},"author":3,"featured_media":0,"comment_status":"open","ping_status":"open","sticky":false,"template":"","format":"standard","meta":{"footnotes":""},"categories":[16],"tags":[],"class_list":["post-36272","post","type-post","status-publish","format-standard","hentry","category-opiniones"],"_links":{"self":[{"href":"https:\/\/diariodominicano.com\/index.php?rest_route=\/wp\/v2\/posts\/36272","targetHints":{"allow":["GET"]}}],"collection":[{"href":"https:\/\/diariodominicano.com\/index.php?rest_route=\/wp\/v2\/posts"}],"about":[{"href":"https:\/\/diariodominicano.com\/index.php?rest_route=\/wp\/v2\/types\/post"}],"author":[{"embeddable":true,"href":"https:\/\/diariodominicano.com\/index.php?rest_route=\/wp\/v2\/users\/3"}],"replies":[{"embeddable":true,"href":"https:\/\/diariodominicano.com\/index.php?rest_route=%2Fwp%2Fv2%2Fcomments&post=36272"}],"version-history":[{"count":0,"href":"https:\/\/diariodominicano.com\/index.php?rest_route=\/wp\/v2\/posts\/36272\/revisions"}],"wp:attachment":[{"href":"https:\/\/diariodominicano.com\/index.php?rest_route=%2Fwp%2Fv2%2Fmedia&parent=36272"}],"wp:term":[{"taxonomy":"category","embeddable":true,"href":"https:\/\/diariodominicano.com\/index.php?rest_route=%2Fwp%2Fv2%2Fcategories&post=36272"},{"taxonomy":"post_tag","embeddable":true,"href":"https:\/\/diariodominicano.com\/index.php?rest_route=%2Fwp%2Fv2%2Ftags&post=36272"}],"curies":[{"name":"wp","href":"https:\/\/api.w.org\/{rel}","templated":true}]}}