{"id":36271,"date":"2008-04-03T17:06:22","date_gmt":"2008-04-03T17:06:22","guid":{"rendered":"http:\/\/diariodominicano.ddns.net\/?p=36271"},"modified":"2008-04-03T17:06:22","modified_gmt":"2008-04-03T17:06:22","slug":"miguel-vargas-y-la-capacidad-en-su-gobierno","status":"publish","type":"post","link":"https:\/\/diariodominicano.com\/?p=36271","title":{"rendered":"Miguel Vargas y la Capacidad en su Gobierno"},"content":{"rendered":"<p><body><\/p>\n<p class=\"titulogrande1\"><strong>Miguel Vargas y la Capacidad en su Gobierno<\/strong><\/p>\n<p>&#13;<\/p>\n<p align=\"justify\" class=\"text1noticias\">La lucha  electoral se torna muy agresiva por parte de la reelecci\u00f3n, por que se siente acorralada  con el descubrimiento de las denominadas nominas paralelas que pagan, sin  trabajar, a los miembros y militantes del partido en el gobierno. Esto viene a  demostrar la falta de escr\u00fapulos en el manejo de los fondos p\u00fablicos por parte  de este grupo gobernante. Esto, a su vez, se traduce en falta de capacidad al  pretender ganar con los recursos p\u00fablicos, lo que no han podido ganar, desde el  gobierno con obras y beneficios sociales y econ\u00f3micos a favor de las provincias y sus gentes.<\/p>\n<p>&#13;<\/p>\n<p align=\"justify\" class=\"text1noticias\">La falta de  capacidad \u00a0y la indolencia mostrada por  este gobierno con un derroche de dinero, en la administraci\u00f3n publica que ronda  los 20 mil millones de pesos a favor de sus parciales pol\u00edticos ser\u00e1 corregida  por la capacidad gerencial del Ing. Miguel Vargas, una vez asuma la direcci\u00f3n  del Estado, ya que este se propone encabezar un gobierno alejado de la  corrupci\u00f3n y mas apegado a la transparencia y a la correcta administraci\u00f3n de  los fondos p\u00fablicos.<\/p>\n<p>&#13;<\/p>\n<p align=\"justify\" class=\"text1noticias\">La  capacidad de un gobernante se demuestra\u00a0  cuando recibe el apoyo de su pueblo, sin la necesidad de gastar m\u00e1s de  20 mil millones de pesos en propaganda y publicidad pol\u00edtica, como esta ocurriendo  con este gobierno, tratando de manipular a la opini\u00f3n p\u00fablica para que voten  por la reelecci\u00f3n. Su incapacidad no le permite ver que los medios de  comunicaci\u00f3n pueden influir la mente de la gente, sin embargo ello no es  suficiente para ganar unas elecciones, ya que los medios no votan ni ganan  elecciones, ya que esa es una facultad propia de la mayor\u00eda nacional, hoy  sometida a los rigores de una crisis econ\u00f3mica, sin precedentes, que amenaza  con desintegrar al n\u00facleo b\u00e1sico de la sociedad, que lo constituye la familia.<\/p>\n<p>&#13;<\/p>\n<p align=\"justify\" class=\"text1noticias\">Cuando la  capacidad de una persona esta ligada al  ejercicio de gobierno, a trav\u00e9s del Estado, la misma reviste mayor importancia  que la capacidad puesta al servicio de una persona o de una familia. Cuando una  persona dirige el Estado al tomar medidas esta afectando, de forma directa a  toda la sociedad y a su gente, sea para beneficiarla\u00a0 o para perjudicarla. Lo m\u00e1s importante es que  la capacidad de una persona sea puesta al servicio de la mayor\u00eda de la sociedad  por que ello es una garant\u00eda para el crecimiento de los miembros que integran  la misma. La capacidad cuando tiene validez es cuando esta orientada a servir a la comunidad, aportando mejor\u00eda en  los servicios econ\u00f3micos y sociales que esta debe recibir.<\/p>\n<p>&#13;<\/p>\n<p align=\"justify\" class=\"text1noticias\">Nuestro pa\u00eds  esta viviendo una realidad que se expresa\u00a0  en que la capacidad que se pregona, desde el gobierno, si existiera, ha  estado al servicio de una minor\u00eda que ha  venido desconociendo los derechos econ\u00f3micos y sociales de la poblaci\u00f3n. La  capacidad pregonada por el gobierno no ha valido de nada para favorecer a los  sectores mas vulnerables del pa\u00eds, por eso se observa que en medio del presente  proceso electoral ha gastado muchos millones de pesos y aun\u00a0  as\u00ed no ha podido posicionarse en la intenci\u00f3n del voto de los dominicanos.<\/p>\n<p>&#13;<\/p>\n<p align=\"justify\" class=\"text1noticias\">En cuanto  al Ing. Miguel Vargas y al Movimiento en L\u00ednea\u00a0  una de las mayores razones que nos ha motivado a darle un apoyo sin  condiciones a lo largo y ancho de todo el pa\u00eds y el exterior, es la capacidad  gerencial exhibida por \u00e9l, tanto en el  sector publico como privado. Nuestro presidente el Dr. Francisco Fern\u00e1ndez,  junto al equipo que le acompa\u00f1amos ha recorrido el pa\u00eds y el exterior llevando  el mensaje de que el Ing. Miguel Vargas no s\u00f3lo representa el cambio, sino  tambi\u00e9n la responsabilidad y la capacidad en el manejo de la administraci\u00f3n  publica, por eso el Ing. Miguel Vargas se ha convertido en una necesidad  impostergable para salir del deterioro econ\u00f3mico progresivo que se  verifica\u00a0 en el pa\u00eds, tanto en los  niveles de violencias como en la calidad  de vida de sus gentes.<\/p>\n<p>&#13;<\/p>\n<p align=\"justify\" class=\"text1noticias\">La  capacidad probada, como administrador, que tiene Miguel Vargas le garantiza al  pa\u00eds un gobierno eficiente y capaz, con inversiones equilibradas a favor de  todas las provincias, pero sobre todo le garantiza un gobierno alejado de la  corrupci\u00f3n y con m\u00e1s escr\u00fapulos y honestidad en la conducci\u00f3n de la  administraci\u00f3n publica que el actual. El se ha\u00a0  comprometido con el pa\u00eds a que en su gobierno la capacidad ser\u00e1 puesta  al servicio de las mayor\u00edas.<\/p>\n<p>&#13;<\/p>\n<p align=\"justify\" class=\"text1noticias\">Evelio  Arroyo es Soci\u00f3logo, Abogado y Escritor. \u00a0Es, adem\u00e1s, Director Nacional de  Comunicaciones y Estrategias del Movimiento en L\u00ednea con Miguel, que preside el  Dr. Francisco Fern\u00e1ndez. <\/p>\n<p>&#13;<\/p>\n<h6> 2008-04-03 17:06:22 <\/h6>\n<p><!--\n<link rel=\"stylesheet\" href=\"css\/bootstrap.min.css\">\n\n\n<ul class=\"pagination\">\n\t    \n\t\n\n<li >\n\t<a href='?page_no=12149'>Previous<\/a>\n\t<\/li>\n\n\n       \n    \n\n<li><a href='?page_no=1'>1<\/a><\/li>\n\n\n\n<li><a href='?page_no=2'>2<\/a><\/li>\n\n\n\n<li><a>...<\/a><\/li>\n\n\n\n<li><a href='?page_no=12148'>12148<\/a><\/li>\n\n\n\n<li><a href='?page_no=12149'>12149<\/a><\/li>\n\n\n\n<li class='active'><a>12150<\/a><\/li>\n\n\n\n<li><a href='?page_no=12151'>12151<\/a><\/li>\n\n\n\n<li><a href='?page_no=12152'>12152<\/a><\/li>\n\n\n\n<li><a>...<\/a><\/li>\n\n\n\n<li><a href='?page_no=13611'>13611<\/a><\/li>\n\n\n\n<li><a href='?page_no=13612'>13612<\/a><\/li>\n\n    \n\t\n\n<li >\n\t<a href='?page_no=12151'>Next<\/a>\n\t<\/li>\n\n\n    \n\n<li><a href='?page_no=13612'>Last &rsaquo;&rsaquo;<\/a><\/li>\n\n<\/ul>\n\n\n--><br \/>\n<\/body><\/p>\n","protected":false},"excerpt":{"rendered":"<p>Miguel Vargas y la Capacidad en su Gobierno &#13; La lucha electoral se torna muy agresiva por parte de la reelecci\u00f3n, por que se siente acorralada con el descubrimiento de las denominadas nominas paralelas que pagan, sin trabajar, a los miembros y militantes del partido en el gobierno. Esto viene a demostrar la falta de [&hellip;]<\/p>\n","protected":false},"author":3,"featured_media":0,"comment_status":"open","ping_status":"open","sticky":false,"template":"","format":"standard","meta":{"footnotes":""},"categories":[16],"tags":[],"class_list":["post-36271","post","type-post","status-publish","format-standard","hentry","category-opiniones"],"_links":{"self":[{"href":"https:\/\/diariodominicano.com\/index.php?rest_route=\/wp\/v2\/posts\/36271","targetHints":{"allow":["GET"]}}],"collection":[{"href":"https:\/\/diariodominicano.com\/index.php?rest_route=\/wp\/v2\/posts"}],"about":[{"href":"https:\/\/diariodominicano.com\/index.php?rest_route=\/wp\/v2\/types\/post"}],"author":[{"embeddable":true,"href":"https:\/\/diariodominicano.com\/index.php?rest_route=\/wp\/v2\/users\/3"}],"replies":[{"embeddable":true,"href":"https:\/\/diariodominicano.com\/index.php?rest_route=%2Fwp%2Fv2%2Fcomments&post=36271"}],"version-history":[{"count":0,"href":"https:\/\/diariodominicano.com\/index.php?rest_route=\/wp\/v2\/posts\/36271\/revisions"}],"wp:attachment":[{"href":"https:\/\/diariodominicano.com\/index.php?rest_route=%2Fwp%2Fv2%2Fmedia&parent=36271"}],"wp:term":[{"taxonomy":"category","embeddable":true,"href":"https:\/\/diariodominicano.com\/index.php?rest_route=%2Fwp%2Fv2%2Fcategories&post=36271"},{"taxonomy":"post_tag","embeddable":true,"href":"https:\/\/diariodominicano.com\/index.php?rest_route=%2Fwp%2Fv2%2Ftags&post=36271"}],"curies":[{"name":"wp","href":"https:\/\/api.w.org\/{rel}","templated":true}]}}