{"id":36269,"date":"2008-04-03T23:28:56","date_gmt":"2008-04-03T23:28:56","guid":{"rendered":"http:\/\/diariodominicano.ddns.net\/?p=36269"},"modified":"2008-04-03T23:28:56","modified_gmt":"2008-04-03T23:28:56","slug":"reflexiones-de-fidel-6","status":"publish","type":"post","link":"https:\/\/diariodominicano.com\/?p=36269","title":{"rendered":"REFLEXIONES DE FIDEL"},"content":{"rendered":"<p><body><\/p>\n<p align=\"justify\"><strong class=\"titulogrande1\">Reflexiones de  Fidel<\/strong><br \/>&#13;<br \/>\n  <br \/>&#13;<br \/>\n    <span class=\"text1noticias\"><strong>El  destacamento regresa invicto<\/strong><br \/>&#13;<br \/>\n    <br \/>&#13;<br \/>\n    El mi\u00e9rcoles 26 de marzo,  Lisandra Guerra, con 20 a\u00f1os de edad, se coron\u00f3 en Manchester, Gran Breta\u00f1a,  campeona mundial en la modalidad de 500 metros contra reloj en el Campeonato  Mundial de Ciclismo de Pista, tras competir re\u00f1idamente con atletas de 37  pa\u00edses. \u00a1Qu\u00e9 sana y leg\u00edtima satisfacci\u00f3n, porque es fruto de nuestra  educaci\u00f3n, nuestro deporte, nuestra juventud, nuestras mujeres! \u00a1Honor a quien  honor merece!<br \/>&#13;<br \/>\n    <br \/>&#13;<br \/>\n    Pero hoy no hablar\u00e9 del deporte.  Ese mismo d\u00eda 26, regres\u00f3 invicto el Destacamento del Contingente Henry Reeve  que prest\u00f3 servicios de emergencia en Per\u00fa.<br \/>&#13;<br \/>\n    <br \/>&#13;<br \/>\n    El terremoto se produjo el 15 de  agosto de 2007. Su intensidad fue de 7,9 grados en la escala Richter. El  destacamento arrib\u00f3 al Cuzco el 18 de agosto. Prestar\u00edan sus servicios durante  dos meses, tiempo calculado como requerimiento urgente.<br \/>&#13;<br \/>\n    <br \/>&#13;<br \/>\n    La necesidad demand\u00f3 dos veces y  media m\u00e1s tiempo. Realizaron 153 292 consultas, entre ellas 65 299 en los  propios hogares de los pacientes. Estuvieron en Per\u00fa hasta el 25 de marzo de  2008, siete meses y siete d\u00edas.<br \/>&#13;<br \/>\n    <br \/>&#13;<br \/>\n    Al mando del destacamento viaj\u00f3  el doctor Juan Carlos Dupuy N\u00fa\u00f1ez, responsable del Contingente Henry Reeve  cuando se cre\u00f3 el 19 de septiembre de 2005, jefe tambi\u00e9n de la Brigada M\u00e9dica  en Pakist\u00e1n. Varios de los miembros del destacamento laboraron en Pakist\u00e1n e  Indonesia. Ni uno solo de los 77 hombres y mujeres dej\u00f3 de cumplir su deber.<br \/>&#13;<br \/>\n    <br \/>&#13;<br \/>\n    Han escrito con letras de oro  p\u00e1ginas imborrables en la historia. Contra esa dignidad y conciencia se  estrellan las melladas armas del imperialismo.<br \/>&#13;<br \/>\n    <br \/>&#13;<br \/>\n    Dada la gratitud y  reconocimiento del pueblo peruano, no fue moralmente posible partir de ese pa\u00eds  sin que otros miembros del Contingente viajaran a prestar sus servicios.<br \/>&#13;<br \/>\n    <br \/>&#13;<br \/>\n    Hablar\u00e9 en los pr\u00f3ximos d\u00edas de  China. Ya est\u00e1 elaborado el material, faltar\u00edan s\u00f3lo peque\u00f1os retoques.<br \/>&#13;<br \/>\n    <br \/>&#13;<br \/>\n    No intent\u00e9 siquiera escribir  sobre la conmemoraci\u00f3n del 20 Aniversario de la Batalla de Cuito Cuanavale, que  fue la prueba suprema de la conciencia internacionalista alcanzada por nuestro  pueblo. Prefiero que quienes fueron testigos personales de los heroicos  acontecimientos a lo largo de un per\u00edodo que no dur\u00f3 un d\u00eda, sino meses, hablen  en honor de los gloriosos ca\u00eddos.<br \/>&#13;<br \/>\n    <br \/>&#13;<br \/>\n    Ayer escuch\u00e9 la Mesa Redonda  sobre el Congreso de los intelectuales y artistas de Cuba, a punto de  iniciarse. No cabe duda de que los debates ser\u00e1n de gran inter\u00e9s.<br \/>&#13;<br \/>\n    <br \/>&#13;<br \/>\n    Estaremos atentos, observando  los acontecimientos, mientras Bush har\u00e1 de las suyas durante los primeros d\u00edas  de abril en Bucarest y el Mar Negro, como hemos denunciado. \u00a1Y ojo con el Vice!  As\u00ed se advert\u00eda en los tiempos de la rep\u00fablica colonizada.<br \/>&#13;<br \/>\n    <br \/>&#13;<br \/>\n    <strong>Fidel Castro Ruz<\/strong><br \/>&#13;<br \/>\n    <br \/>&#13;<br \/>\n    <strong>Marzo 29 de 2008<\/strong><br \/>&#13;<br \/>\n    <br \/>&#13;<br \/>\n    <strong>7 y 16 p.m.<\/strong><\/span><\/p>\n<p>&#13;<\/p>\n<h6> 2008-04-03 23:28:56 <\/h6>\n<p><!--\n<link rel=\"stylesheet\" href=\"css\/bootstrap.min.css\">\n\n\n<ul class=\"pagination\">\n\t    \n\t\n\n<li >\n\t<a href='?page_no=12148'>Previous<\/a>\n\t<\/li>\n\n\n       \n    \n\n<li><a href='?page_no=1'>1<\/a><\/li>\n\n\n\n<li><a href='?page_no=2'>2<\/a><\/li>\n\n\n\n<li><a>...<\/a><\/li>\n\n\n\n<li><a href='?page_no=12147'>12147<\/a><\/li>\n\n\n\n<li><a href='?page_no=12148'>12148<\/a><\/li>\n\n\n\n<li class='active'><a>12149<\/a><\/li>\n\n\n\n<li><a href='?page_no=12150'>12150<\/a><\/li>\n\n\n\n<li><a href='?page_no=12151'>12151<\/a><\/li>\n\n\n\n<li><a>...<\/a><\/li>\n\n\n\n<li><a href='?page_no=13611'>13611<\/a><\/li>\n\n\n\n<li><a href='?page_no=13612'>13612<\/a><\/li>\n\n    \n\t\n\n<li >\n\t<a href='?page_no=12150'>Next<\/a>\n\t<\/li>\n\n\n    \n\n<li><a href='?page_no=13612'>Last &rsaquo;&rsaquo;<\/a><\/li>\n\n<\/ul>\n\n\n--><br \/>\n<\/body><\/p>\n","protected":false},"excerpt":{"rendered":"<p>Reflexiones de Fidel&#13; &#13; El destacamento regresa invicto&#13; &#13; El mi\u00e9rcoles 26 de marzo, Lisandra Guerra, con 20 a\u00f1os de edad, se coron\u00f3 en Manchester, Gran Breta\u00f1a, campeona mundial en la modalidad de 500 metros contra reloj en el Campeonato Mundial de Ciclismo de Pista, tras competir re\u00f1idamente con atletas de 37 pa\u00edses. \u00a1Qu\u00e9 sana [&hellip;]<\/p>\n","protected":false},"author":3,"featured_media":0,"comment_status":"open","ping_status":"open","sticky":false,"template":"","format":"standard","meta":{"footnotes":""},"categories":[16],"tags":[],"class_list":["post-36269","post","type-post","status-publish","format-standard","hentry","category-opiniones"],"_links":{"self":[{"href":"https:\/\/diariodominicano.com\/index.php?rest_route=\/wp\/v2\/posts\/36269","targetHints":{"allow":["GET"]}}],"collection":[{"href":"https:\/\/diariodominicano.com\/index.php?rest_route=\/wp\/v2\/posts"}],"about":[{"href":"https:\/\/diariodominicano.com\/index.php?rest_route=\/wp\/v2\/types\/post"}],"author":[{"embeddable":true,"href":"https:\/\/diariodominicano.com\/index.php?rest_route=\/wp\/v2\/users\/3"}],"replies":[{"embeddable":true,"href":"https:\/\/diariodominicano.com\/index.php?rest_route=%2Fwp%2Fv2%2Fcomments&post=36269"}],"version-history":[{"count":0,"href":"https:\/\/diariodominicano.com\/index.php?rest_route=\/wp\/v2\/posts\/36269\/revisions"}],"wp:attachment":[{"href":"https:\/\/diariodominicano.com\/index.php?rest_route=%2Fwp%2Fv2%2Fmedia&parent=36269"}],"wp:term":[{"taxonomy":"category","embeddable":true,"href":"https:\/\/diariodominicano.com\/index.php?rest_route=%2Fwp%2Fv2%2Fcategories&post=36269"},{"taxonomy":"post_tag","embeddable":true,"href":"https:\/\/diariodominicano.com\/index.php?rest_route=%2Fwp%2Fv2%2Ftags&post=36269"}],"curies":[{"name":"wp","href":"https:\/\/api.w.org\/{rel}","templated":true}]}}