{"id":36265,"date":"2008-04-06T19:48:45","date_gmt":"2008-04-06T19:48:45","guid":{"rendered":"http:\/\/diariodominicano.ddns.net\/?p=36265"},"modified":"2008-04-06T19:48:45","modified_gmt":"2008-04-06T19:48:45","slug":"miguel-vargas-y-la-derrota-de-la-reeleccion","status":"publish","type":"post","link":"https:\/\/diariodominicano.com\/?p=36265","title":{"rendered":"Miguel Vargas y la Derrota de la Reelecci\u00f3n"},"content":{"rendered":"<p><body><\/p>\n<p class=\"titulogrande1\"><strong>Miguel  Vargas y la Derrota  de la Reelecci\u00f3n <\/strong><\/p>\n<p>&#13;<\/p>\n<p align=\"justify\" class=\"text1noticias\">En muchos  pa\u00edses latinoamericanos la pol\u00edtica se ejerce con gran vehemencia y mucho calor  humano y casi siempre ning\u00fan partido ni los militantes que le siguen est\u00e1n en  condiciones de aceptar, ni siquiera remotamente que pueden perder un proceso  electoral. Este comportamiento de la gente cobra mayor fuerza , cuando se trata  del partido que est\u00e1 en el gobierno, por el hecho de que el Estado, en estos  pa\u00edses, se ha convertido en el bot\u00edn al que los funcionarios y los empleados se  aferran con miras\u00a0 a retener sus posiciones,  olvid\u00e1ndose\u00a0 que en estos pa\u00edses existe una democracia, que aunque restringida  en el aspecto institucional y del bienestar de la gente; desde el punto de  vista legal las instituciones\u00a0 han podido  ir avanzando\u00a0 en el establecimiento de  leyes\u00a0 que contribuyan al progreso  institucional de estas naciones.<\/p>\n<p>&#13;<\/p>\n<p align=\"justify\" class=\"text1noticias\">Esa es la  raz\u00f3n por la que ahora hemos visto que la Junta Central Electoral dominicana  ha tomado la decisi\u00f3n de pedirle al gobierno que\u00a0 suspenda la nomina paralela, que seg\u00fan se ha dicho,  ha pagado unos 20 mil millones de pesos, en estos \u00faltimos tres a\u00f1os, a personas  que no cumplen ninguna funci\u00f3n productiva en el Estado. El hecho de que el  tribunal de elecciones dominicano haya tomado una decisi\u00f3n al respecto es  alentador para el pa\u00eds, para las instituciones y para el proceso democr\u00e1tico,  porque ello viene a demostrar que en medio de la competencia electoral, sin  escr\u00fapulos, que lleva a cabo el gobierno y la reelecci\u00f3n; esa es una medida  sensata y responsable de los jueces\u00a0 del  alto tribunal de elecciones.<\/p>\n<p>&#13;<\/p>\n<p align=\"justify\" class=\"text1noticias\">El avance  institucional del pa\u00eds debe ser una tarea de los hombres y mujeres que  apreciamos los valores democr\u00e1ticos y el bienestar de la gente, por eso, como  naci\u00f3n, debemos ir acostumbr\u00e1ndonos a la alternabilidad en el poder, ya que si  el pa\u00eds continua aferrado a una clase de dirigentes pol\u00edticos, que no respetan  las reglas de la democracia, entonces se hace un flaco servicio al Estado, a  sus instituciones y al crecimiento de la democracia como sistema pol\u00edtico. Por  eso el traspaso de un gobierno a otro debe ser un proceso normal, y los  partidos y sus dirigentes, tanto si est\u00e1n en el gobierno, como si est\u00e1n en la oposici\u00f3n deben aceptar que quien sea  derrotado, debe acogerse a la voluntad emanada de la mayor\u00eda.<\/p>\n<p>&#13;<\/p>\n<p align=\"justify\" class=\"text1noticias\">En la  actualidad se observa que en el proceso electoral hay una lucha muy fuerte por  la conquista del poder. Desde el lado de la reelecci\u00f3n se advierte una lucha  sin precedente en utilizar los recursos del\u00a0  Estado para retener el poder. \u00a0<\/p>\n<p>&#13;<\/p>\n<p align=\"justify\" class=\"text1noticias\">Se observa,  adem\u00e1s, la lucha de la oposici\u00f3n, encabezada por el Ing. Miguel Vargas, que  hace esfuerzos porque el gobierno y la reelecci\u00f3n comprendan que estamos en un  proceso electoral, que debe estar rodeado de garant\u00edas legales, aunque sean  m\u00ednimas. El proceso electoral, como se observa, se esta desarrollando entre dos  posiciones sustentadas, una por el gobierno y la reelecci\u00f3n, que entiende que  puede retener el poder utilizando los recursos p\u00fablicos para ese fin. Por eso  su esfuerzo en incidir en los votantes con los recursos del Estado. En ese  sentido observamos que ese es un grave error\u00a0  de la reelecci\u00f3n por que con el dinero se pueden comprar muchas cosas,  pero no la voluntad mayoritaria de una naci\u00f3n, como la dominicana, que ha  decidido votar por el cambio de gobierno el pr\u00f3ximo 16 de mayo, por esa raz\u00f3n  no es posible comprarla aunque \u00e9ste o cualquier gobierno disponga de todos\u00a0 los recursos del mundo.<\/p>\n<p>&#13;<\/p>\n<p align=\"justify\" class=\"text1noticias\">De otra  parte, est\u00e1 la candidatura del Ing. Miguel Vargas\u00a0 que sustenta que los recursos p\u00fablicos deben  tener un manejo racional y que el apoyo del votante debe estar justificado y  sustentado en una propuesta de naci\u00f3n por parte del candidato, que garantice el  bienestar de la mayor\u00eda. Por eso, ha explicado al pa\u00eds que la reelecci\u00f3n\u00a0 ser\u00e1 derrotada, por que en vez de utilizar  los recursos para cumplir con las inversiones que demandan las comunidades y las instituciones del Estado, \u00e9ste se  dedica a utilizar esos recursos, d\u00e1ndoles un uso caprichoso y personal a los  mismos, alejado de toda racionalidad y sensatez. Entiende que la derrota de la  reelecci\u00f3n ser\u00e1 el producto de que ha perdido de vista que el pa\u00eds debe ser  gobernado con un proyecto de naci\u00f3n que ayude a nuestros conciudadanos a tener  mejores condiciones de vida y no una situaci\u00f3n como la presente matizada por  carencias elementales para la mayor\u00eda de ciudadanos de la naci\u00f3n.<\/p>\n<p>&#13;<\/p>\n<p align=\"justify\" class=\"text1noticias\">El Ing.  Miguel Vargas entiende que la derrota de la reelecci\u00f3n ser\u00e1 el resultado de la  voluntad del pueblo, que est\u00e1 siendo sometido a la mas brutal miseria, ya que  la reelecci\u00f3n aun estando consciente de esta situaci\u00f3n, que esta viviendo la  gente, se empecina en hablar de un progreso que s\u00f3lo se percibe en el grupo de  funcionarios de turno, que hoy exhiben prosperidad\u00a0 econ\u00f3mica, mientras la poblaci\u00f3n, de forma  mayoritaria, debe conformarse con escuchar al gobierno hablar del progreso que  ellos mismos disfrutan y pregonan. Entiende que ese comportamiento de burla  e\u00a0 iron\u00eda con la gente del pueblo, por  parte de la reelecci\u00f3n, es la causa principal que llevara a la mayor\u00eda del pa\u00eds\u00a0 a dar un voto de castigo al gobierno, como  una forma de cobrarle, con la derrota electoral, los sufrimientos y falta de  esperanza que hoy padece, debido a la pol\u00edtica econ\u00f3mica de hambre y de miseria  que patrocina este gobierno y la reelecci\u00f3n.<\/p>\n<p>&#13;<\/p>\n<p align=\"justify\" class=\"text1noticias\">Evelio Arroyo es  Soci\u00f3logo, Abogado, y Escritor. Es, adem\u00e1s, Director Nacional de Comunicaciones  y Estrategias\u00a0 del Movimiento en L\u00ednea  con Miguel, que preside el Dr. Francisco Fern\u00e1ndez.<\/p>\n<p>&#13;<\/p>\n<h6> 2008-04-06 19:48:45 <\/h6>\n<p><!--\n<link rel=\"stylesheet\" href=\"css\/bootstrap.min.css\">\n\n\n<ul class=\"pagination\">\n\t    \n\t\n\n<li >\n\t<a href='?page_no=12144'>Previous<\/a>\n\t<\/li>\n\n\n       \n    \n\n<li><a href='?page_no=1'>1<\/a><\/li>\n\n\n\n<li><a href='?page_no=2'>2<\/a><\/li>\n\n\n\n<li><a>...<\/a><\/li>\n\n\n\n<li><a href='?page_no=12143'>12143<\/a><\/li>\n\n\n\n<li><a href='?page_no=12144'>12144<\/a><\/li>\n\n\n\n<li class='active'><a>12145<\/a><\/li>\n\n\n\n<li><a href='?page_no=12146'>12146<\/a><\/li>\n\n\n\n<li><a href='?page_no=12147'>12147<\/a><\/li>\n\n\n\n<li><a>...<\/a><\/li>\n\n\n\n<li><a href='?page_no=13611'>13611<\/a><\/li>\n\n\n\n<li><a href='?page_no=13612'>13612<\/a><\/li>\n\n    \n\t\n\n<li >\n\t<a href='?page_no=12146'>Next<\/a>\n\t<\/li>\n\n\n    \n\n<li><a href='?page_no=13612'>Last &rsaquo;&rsaquo;<\/a><\/li>\n\n<\/ul>\n\n\n--><br \/>\n<\/body><\/p>\n","protected":false},"excerpt":{"rendered":"<p>Miguel Vargas y la Derrota de la Reelecci\u00f3n &#13; En muchos pa\u00edses latinoamericanos la pol\u00edtica se ejerce con gran vehemencia y mucho calor humano y casi siempre ning\u00fan partido ni los militantes que le siguen est\u00e1n en condiciones de aceptar, ni siquiera remotamente que pueden perder un proceso electoral. Este comportamiento de la gente cobra [&hellip;]<\/p>\n","protected":false},"author":3,"featured_media":0,"comment_status":"open","ping_status":"open","sticky":false,"template":"","format":"standard","meta":{"footnotes":""},"categories":[16],"tags":[],"class_list":["post-36265","post","type-post","status-publish","format-standard","hentry","category-opiniones"],"_links":{"self":[{"href":"https:\/\/diariodominicano.com\/index.php?rest_route=\/wp\/v2\/posts\/36265","targetHints":{"allow":["GET"]}}],"collection":[{"href":"https:\/\/diariodominicano.com\/index.php?rest_route=\/wp\/v2\/posts"}],"about":[{"href":"https:\/\/diariodominicano.com\/index.php?rest_route=\/wp\/v2\/types\/post"}],"author":[{"embeddable":true,"href":"https:\/\/diariodominicano.com\/index.php?rest_route=\/wp\/v2\/users\/3"}],"replies":[{"embeddable":true,"href":"https:\/\/diariodominicano.com\/index.php?rest_route=%2Fwp%2Fv2%2Fcomments&post=36265"}],"version-history":[{"count":0,"href":"https:\/\/diariodominicano.com\/index.php?rest_route=\/wp\/v2\/posts\/36265\/revisions"}],"wp:attachment":[{"href":"https:\/\/diariodominicano.com\/index.php?rest_route=%2Fwp%2Fv2%2Fmedia&parent=36265"}],"wp:term":[{"taxonomy":"category","embeddable":true,"href":"https:\/\/diariodominicano.com\/index.php?rest_route=%2Fwp%2Fv2%2Fcategories&post=36265"},{"taxonomy":"post_tag","embeddable":true,"href":"https:\/\/diariodominicano.com\/index.php?rest_route=%2Fwp%2Fv2%2Ftags&post=36265"}],"curies":[{"name":"wp","href":"https:\/\/api.w.org\/{rel}","templated":true}]}}