{"id":36264,"date":"2008-04-06T19:52:30","date_gmt":"2008-04-06T19:52:30","guid":{"rendered":"http:\/\/diariodominicano.ddns.net\/?p=36264"},"modified":"2008-04-06T19:52:30","modified_gmt":"2008-04-06T19:52:30","slug":"instinto-autoridad-y-carisma-del-lider-politico","status":"publish","type":"post","link":"https:\/\/diariodominicano.com\/?p=36264","title":{"rendered":"Instinto, Autoridad y Carisma del L\u00edder Pol\u00edtico"},"content":{"rendered":"<p><body><\/p>\n<p class=\"titulogrande1\"><strong>Instinto, Autoridad y Carisma del L\u00edder  Pol\u00edtico<\/strong><\/p>\n<p>&#13;<\/p>\n<p align=\"justify\" class=\"text1noticias\">La autoridad que encarna\u00a0 un l\u00edder es a veces un don natural que muchos  no alcanzan a explicarse de d\u00f3nde proviene, pero que s\u00ed tiene una existencia  real. El don de la autoridad no tiene un rostro que pueda ser identificada, su  fuente\u00a0 u origen de forma f\u00e1cil, ya que  muchos lideres emanan autoridad , pero muchos , incluso los colaboradores mas  cercanos no alcanzan a ver de d\u00f3nde\u00a0 provienen  la misma.\u00a0 <\/p>\n<p>&#13;<\/p>\n<p align=\"justify\" class=\"text1noticias\"><strong>Richard  Nixon <\/strong>en  su libro<strong> \u201cLideres\u201d<\/strong> nos habla de ese  don de los grandes lideres que ha tenido la Humanidad y nos dice lo  siguiente:\u201dPero este don es muy raro, pues ciertos hombres emanan autoridad  casi desde sus nacimiento, como si fuera un liquido, aunque resulte imposible  precisar en qu\u00e9 consiste\u201d.<\/p>\n<p>&#13;<\/p>\n<p align=\"justify\" class=\"text1noticias\">Cuando  este\u00a0 autor habla de la autoridad que  debe tener todo l\u00edder se esta refiriendo al carisma que debe adornar a \u00e9ste  como cabeza visible de ese liderazgo. El carisma es algo que nadie puede  explicar, pero que todos conocen que son cualidades propias de una persona y  que su personalidad y los actos y gestos que de \u00e9l\u00a0 provienen resultan agradables a los miembros  de su organizaci\u00f3n y a la sociedad, donde ejerce su liderazgo.\u00a0 <\/p>\n<p>&#13;<\/p>\n<p align=\"justify\" class=\"text1noticias\">El l\u00edder, seg\u00fan <strong>De Gaulle,<\/strong> debe agregar a sus actuaciones frente a la naci\u00f3n\u00a0 y a la historia tres cualidades concretas:  misterio, car\u00e1cter y grandeza. En sus planes y conducta un l\u00edder siempre ha de  tener algo que intrigue e inquiete a los dem\u00e1s\u00a0  Para este autor no puede haber prestigio\u00a0  sin misterio, pues la familiaridad engendra el desprecio. Para este  autor el l\u00edder debe tener algo que intrigue a los dem\u00e1s, los inquiete\u00a0 y atraiga su atenci\u00f3n*\u201d.\u00a0\u00a0\u00a0\u00a0\u00a0\u00a0\u00a0\u00a0\u00a0\u00a0\u00a0\u00a0\u00a0\u00a0\u00a0\u00a0\u00a0\u00a0\u00a0\u00a0\u00a0\u00a0\u00a0\u00a0\u00a0\u00a0\u00a0\u00a0\u00a0\u00a0\u00a0\u00a0\u00a0\u00a0\u00a0\u00a0\u00a0\u00a0\u00a0\u00a0\u00a0\u00a0\u00a0\u00a0\u00a0\u00a0\u00a0\u00a0\u00a0\u00a0\u00a0\u00a0\u00a0\u00a0\u00a0\u00a0\u00a0\u00a0\u00a0\u00a0\u00a0\u00a0\u00a0\u00a0\u00a0\u00a0\u00a0\u00a0\u00a0\u00a0\u00a0\u00a0\u00a0\u00a0\u00a0\u00a0\u00a0\u00a0\u00a0\u00a0\u00a0\u00a0\u00a0\u00a0\u00a0\u00a0\u00a0\u00a0\u00a0\u00a0 <\/p>\n<p>&#13;<\/p>\n<p align=\"justify\" class=\"text1noticias\">Todo liderazgo que ocupa su espacio en  la\u00a0 sociedad e imprime su impronta entre  sus conciudadanos debe poseer lo que se denomina el instinto, ya que es una  condici\u00f3n necesaria para todas aquellas personas que desean trazar el camino de  su sociedad y su gente, persuadir a la mayor\u00eda que desea que le siga. <\/p>\n<p>&#13;<\/p>\n<p align=\"justify\" class=\"text1noticias\">El instinto es un aspecto esencial que ha  caracterizado a muchos l\u00edderes. Grandes l\u00edderes como Alejandro Magno  denominaban el instinto como \u201csu esperanza\u201d. Julio Cesar lo denominaba como su  suerte y Napole\u00f3n Bonaparte lo denominaba como \u201csu estrella\u201d. <\/p>\n<p>&#13;<\/p>\n<p align=\"justify\" class=\"text1noticias\">Cuando se plantea que un l\u00edder tiene  visi\u00f3n\u00a0\u00a0 o un buen sentido de la  realidad, estamos diciendo que comprende instintivamente como funcionan las  cosas y tambi\u00e9n sabe que es lo que hay que hacer, en cada coyuntura especifica,  para avanzar en el sentido que desea la gente y en el desarrollo de sus condiciones de liderazgo.\u00a0\u00a0\u00a0\u00a0\u00a0\u00a0\u00a0\u00a0\u00a0\u00a0\u00a0\u00a0\u00a0\u00a0\u00a0\u00a0\u00a0\u00a0\u00a0\u00a0\u00a0\u00a0\u00a0\u00a0\u00a0\u00a0\u00a0\u00a0\u00a0\u00a0\u00a0\u00a0\u00a0\u00a0\u00a0\u00a0\u00a0\u00a0\u00a0\u00a0\u00a0\u00a0\u00a0\u00a0\u00a0\u00a0\u00a0\u00a0\u00a0\u00a0\u00a0\u00a0 <\/p>\n<p>&#13;<\/p>\n<p align=\"justify\" class=\"text1noticias\">El instinto, seg\u00fan <strong>Charles de Gaulle<\/strong>, en su libro\u00a0 <strong>\u201cAl Filo de la Espada\u201d,<\/strong> que re\u00fane  varias conferencias que este dict\u00f3, permite al l\u00edder ir al fondo de las  cosas\u00a0 En este aspecto nos dice que  nuestra inteligencia nos proporciona conocimientos generales y abstracto y  puntualiza que s\u00f3lo el instinto puede hacernos sentir lo practico, lo  particular y lo concreto de la realidad que vivimos d\u00eda a d\u00eda.<br \/>&#13;<br \/>\n\u00a0\u00a0\u00a0\u00a0\u00a0\u00a0\u00a0\u00a0\u00a0\u00a0\u00a0\u00a0\u00a0\u00a0\u00a0\u00a0\u00a0\u00a0\u00a0\u00a0\u00a0\u00a0\u00a0\u00a0\u00a0\u00a0\u00a0\u00a0\u00a0\u00a0\u00a0\u00a0\u00a0\u00a0\u00a0\u00a0\u00a0\u00a0\u00a0\u00a0\u00a0\u00a0\u00a0\u00a0\u00a0\u00a0\u00a0\u00a0\u00a0\u00a0\u00a0\u00a0\u00a0\u00a0\u00a0\u00a0\u00a0\u00a0\u00a0\u00a0\u00a0\u00a0\u00a0\u00a0\u00a0\u00a0\u00a0\u00a0\u00a0\u00a0\u00a0\u00a0\u00a0\u00a0\u00a0\u00a0\u00a0\u00a0\u00a0\u00a0\u00a0\u00a0\u00a0\u00a0\u00a0\u00a0\u00a0\u00a0\u00a0\u00a0\u00a0\u00a0\u00a0\u00a0\u00a0\u00a0\u00a0\u00a0\u00a0\u00a0\u00a0\u00a0\u00a0\u00a0\u00a0\u00a0\u00a0\u00a0\u00a0\u00a0\u00a0\u00a0\u00a0\u00a0\u00a0\u00a0\u00a0\u00a0\u00a0\u00a0\u00a0\u00a0\u00a0\u00a0\u00a0\u00a0\u00a0\u00a0\u00a0\u00a0\u00a0\u00a0 <br \/>&#13;<br \/>\nCuando un l\u00edder desea el equilibrio necesario  para manejar una realidad debe establecer un equilibrio correcto entre inteligencia e instinto. En este  aspecto debe saber porqu\u00e9 camino conviene avanzar, por eso es necesario que focalice  su inteligencia y su instinto, porque ello le permitir\u00e1 capacidad para actuar  como gu\u00eda, ver mas all\u00e1 del presente y trazar la v\u00eda hacia el futuro.\u00a0\u00a0\u00a0\u00a0\u00a0\u00a0\u00a0\u00a0\u00a0\u00a0\u00a0\u00a0\u00a0\u00a0\u00a0\u00a0\u00a0\u00a0\u00a0\u00a0\u00a0\u00a0\u00a0\u00a0\u00a0\u00a0\u00a0\u00a0\u00a0\u00a0\u00a0\u00a0 <\/p>\n<p>&#13;<\/p>\n<p align=\"justify\" class=\"text1noticias\">Seg\u00fan <strong>Charles  de Gaulle<\/strong> la pol\u00edtica no es el arte de lo posible como la entienden muchos,  sino el arte de lo que al l\u00edder le\u00a0conviene que ocurra, porque lo ve como prioridad que beneficia a la  sociedad y a sus gentes. Consideraba la voluntad como la fuerza central que  mueve a las naciones y estaba convencido de que la voluntad del  l\u00edder, cuando es s\u00f3lida, ofrece a \u00e9ste la capacidad de moldear la historia de  la naci\u00f3n en que ejerce su liderazgo.<\/p>\n<p>&#13;<\/p>\n<p align=\"justify\" class=\"text1noticias\">Seg\u00fan este autor lo que separa a los hombres  de los muchachos es que los muchachos desean ocupar cargos en el gobierno  porque desean prestigio y fama para ser alguien en la vida. En el caso de los  l\u00edderes desean ocupar cargos con el fin de hacer algo por su naci\u00f3n. Con esta  afirmaci\u00f3n este autor busca poner en evidencia que el l\u00edder debe buscar una  posici\u00f3n publica porque ve que puede realizar una labor en beneficio del pa\u00eds y  de sus ciudadanos y que en caso contrario, o sea cuando una persona va a un  puesto s\u00f3lo por lo que puede conseguir, en t\u00e9rminos econ\u00f3micos, como persona;  en esos casos quienes as\u00ed act\u00faan no lo est\u00e1n haciendo desde la \u00f3ptica de  afianzar un liderazgo en el seno de la sociedad.\u00a0\u00a0\u00a0\u00a0\u00a0\u00a0\u00a0\u00a0\u00a0\u00a0\u00a0\u00a0\u00a0\u00a0\u00a0\u00a0\u00a0\u00a0\u00a0\u00a0\u00a0\u00a0\u00a0\u00a0\u00a0\u00a0\u00a0\u00a0\u00a0\u00a0 <\/p>\n<p>&#13;<\/p>\n<p align=\"justify\" class=\"text1noticias\">El liderazgo que vacila demasiado en la  ejecuci\u00f3n de sus tareas, si deja que el sentimentalismo lo lleve\u00a0 a desistir de su gran tarea de gobernar o  dirigir, no har\u00e1 bien lo que esta llamado a hacer y en muchos casos, si as\u00ed  procede, dejara de realizar tareas esenciales que le acarrearan graves  inconvenientes en su ejercicio de mando.<\/p>\n<p>&#13;<\/p>\n<p align=\"justify\" class=\"text1noticias\"><strong>Evelio  Arroyo es Soci\u00f3logo, Abogado y Escritor. Estos temas son publicados del libro  \u201cLideres y Liderazgos\u201d de su autor\u00eda. <\/strong><\/p>\n<p>&#13;<\/p>\n<h6> 2008-04-06 19:52:30 <\/h6>\n<p><!--\n<link rel=\"stylesheet\" href=\"css\/bootstrap.min.css\">\n\n\n<ul class=\"pagination\">\n\t    \n\t\n\n<li >\n\t<a href='?page_no=12143'>Previous<\/a>\n\t<\/li>\n\n\n       \n    \n\n<li><a href='?page_no=1'>1<\/a><\/li>\n\n\n\n<li><a href='?page_no=2'>2<\/a><\/li>\n\n\n\n<li><a>...<\/a><\/li>\n\n\n\n<li><a href='?page_no=12142'>12142<\/a><\/li>\n\n\n\n<li><a href='?page_no=12143'>12143<\/a><\/li>\n\n\n\n<li class='active'><a>12144<\/a><\/li>\n\n\n\n<li><a href='?page_no=12145'>12145<\/a><\/li>\n\n\n\n<li><a href='?page_no=12146'>12146<\/a><\/li>\n\n\n\n<li><a>...<\/a><\/li>\n\n\n\n<li><a href='?page_no=13611'>13611<\/a><\/li>\n\n\n\n<li><a href='?page_no=13612'>13612<\/a><\/li>\n\n    \n\t\n\n<li >\n\t<a href='?page_no=12145'>Next<\/a>\n\t<\/li>\n\n\n    \n\n<li><a href='?page_no=13612'>Last &rsaquo;&rsaquo;<\/a><\/li>\n\n<\/ul>\n\n\n--><br \/>\n<\/body><\/p>\n","protected":false},"excerpt":{"rendered":"<p>Instinto, Autoridad y Carisma del L\u00edder Pol\u00edtico &#13; La autoridad que encarna\u00a0 un l\u00edder es a veces un don natural que muchos no alcanzan a explicarse de d\u00f3nde proviene, pero que s\u00ed tiene una existencia real. El don de la autoridad no tiene un rostro que pueda ser identificada, su fuente\u00a0 u origen de forma [&hellip;]<\/p>\n","protected":false},"author":3,"featured_media":0,"comment_status":"open","ping_status":"open","sticky":false,"template":"","format":"standard","meta":{"footnotes":""},"categories":[16],"tags":[],"class_list":["post-36264","post","type-post","status-publish","format-standard","hentry","category-opiniones"],"_links":{"self":[{"href":"https:\/\/diariodominicano.com\/index.php?rest_route=\/wp\/v2\/posts\/36264","targetHints":{"allow":["GET"]}}],"collection":[{"href":"https:\/\/diariodominicano.com\/index.php?rest_route=\/wp\/v2\/posts"}],"about":[{"href":"https:\/\/diariodominicano.com\/index.php?rest_route=\/wp\/v2\/types\/post"}],"author":[{"embeddable":true,"href":"https:\/\/diariodominicano.com\/index.php?rest_route=\/wp\/v2\/users\/3"}],"replies":[{"embeddable":true,"href":"https:\/\/diariodominicano.com\/index.php?rest_route=%2Fwp%2Fv2%2Fcomments&post=36264"}],"version-history":[{"count":0,"href":"https:\/\/diariodominicano.com\/index.php?rest_route=\/wp\/v2\/posts\/36264\/revisions"}],"wp:attachment":[{"href":"https:\/\/diariodominicano.com\/index.php?rest_route=%2Fwp%2Fv2%2Fmedia&parent=36264"}],"wp:term":[{"taxonomy":"category","embeddable":true,"href":"https:\/\/diariodominicano.com\/index.php?rest_route=%2Fwp%2Fv2%2Fcategories&post=36264"},{"taxonomy":"post_tag","embeddable":true,"href":"https:\/\/diariodominicano.com\/index.php?rest_route=%2Fwp%2Fv2%2Ftags&post=36264"}],"curies":[{"name":"wp","href":"https:\/\/api.w.org\/{rel}","templated":true}]}}