{"id":36263,"date":"2008-04-07T01:07:46","date_gmt":"2008-04-07T01:07:46","guid":{"rendered":"http:\/\/diariodominicano.ddns.net\/?p=36263"},"modified":"2008-04-07T01:07:46","modified_gmt":"2008-04-07T01:07:46","slug":"carta-abierta-al-secretario-de-las-fuerzas-armadas-dominicanas-a-proposito-de-las-investigaciones-sobre-las-farc","status":"publish","type":"post","link":"https:\/\/diariodominicano.com\/?p=36263","title":{"rendered":"Carta Abierta al Secretario de las Fuerzas Armadas Dominicanas a prop\u00f3sito de las investigaciones sobre las Farc"},"content":{"rendered":"<p><body><\/p>\n<p><strong>CARTA ABIERTA AL  SECRETARIO DE ESTADO DE LAS FUERZAS ARMADAS DOMINICANAS A PROP\u00d3SITO DE LAS  \u201cINVESTIGACIONES\u201d SOBRE LAS FARC<\/strong><\/p>\n<p>&#13;<\/p>\n<p align=\"justify\" class=\"text1noticias\"><strong>Tte. General Ram\u00f3n Antonio Aquino<\/strong>.<br \/>&#13;<br \/>\n  Secretario de Estado de las  Fuerzas Armadas Dominicanas.<br \/>&#13;<br \/>\n  Su despacho.<br \/>&#13;<br \/>\nCiudad.<\/p>\n<p>&#13;<\/p>\n<p align=\"justify\" class=\"text1noticias\">Ciudadano Secretario:<\/p>\n<p>&#13;<\/p>\n<p align=\"justify\" class=\"text1noticias\">Usted ha declarado al pa\u00eds que  las instituciones armadas y los servicios de inteligencia que esa Secretar\u00eda de  Estado coordina, est\u00e1n investigando acerca de de la existencia aqu\u00ed de posibles  colaboradores(as) de las Fuerzas Armadas Revolucionarias de Colombia- Ej\u00e9rcito  del Pueblo (FARC-EP); posibilidad denunciada por ciertos medios de comunicaci\u00f3n  del exterior, algunos de los cuales han incluido mi nombre.<\/p>\n<p>&#13;<\/p>\n<p align=\"justify\" class=\"text1noticias\">En mi caso y en el de toda la  membres\u00eda del proyecto <strong>Nueva Izquierda-  C\u00edrculos Caama\u00f1istas<\/strong>, as\u00ed como en muchos otros casos relacionados con las  fuerzas de izquierda del pa\u00eds, le recomiendo ahorrarse ese esfuerzo.<\/p>\n<p>&#13;<\/p>\n<p align=\"justify\" class=\"text1noticias\">Le recomiendo sinceramente no  \u201ctrabajar\u201d tanto en ese teatro armado y promovido por los servicios de  inteligencia del r\u00e9gimen fascistoide y narco-paramilitar de \u00c4lvaro Uribe y por la Agencia Central de Inteligencia  de los EEUU.<\/p>\n<p>&#13;<\/p>\n<p align=\"justify\" class=\"text1noticias\">Economice esos recursos.<\/p>\n<p>&#13;<\/p>\n<p align=\"justify\" class=\"text1noticias\">Usted bien sabe que yo y mis  camaradas de lucha hemos sido -y seguimos siendo- solidarios con las FARC-EP.  Mis v\u00ednculos de colaboraci\u00f3n pol\u00edtica con esa organizaci\u00f3n insurgente y mis  relaciones directas de amistad con sus comandantes son ampliamente conocidas  aqu\u00ed y en el exterior, tanto como la diversidad de relaciones con un amplio  abanico de organizaciones revolucionarias, <strong>insurgentes  y no insurgentes<\/strong>. Las FARC-EP forman parte de nuestros aliados pol\u00edticos en  nuestra Am\u00e9rica y el mundo.<\/p>\n<p>&#13;<\/p>\n<p align=\"justify\" class=\"text1noticias\">Ser\u00eda mucho m\u00e1s provechoso para  el pa\u00eds, que en lugar de ponerse de mojiganga por hacerle caso a los espurios  intereses de la CIA  y de la extrema derecha colombiana, Usted se dedicara mejor y empleara de buena  manera las t\u00e9cnicas de inteligencia de los agentes bajo su mando para  investigar a los socios del <strong>C\u00e1rtel  Quirino<\/strong> en las propias FFAA, en la   PN y la DNI,  en el gobierno de Hip\u00f3lito Mej\u00eda y en el de Leonel Fern\u00e1ndez, en las c\u00fapulas  del PLD-PRD-PRSC y en ciertos bancos y empresas del pa\u00eds.<\/p>\n<p>&#13;<\/p>\n<p align=\"justify\" class=\"text1noticias\">Servir\u00eda de mucho a nuestra  patria, ayudar a indagar porqu\u00e9 el actual presidente de la Rep\u00fablica y sus colaboradores  favorecieron con contratos y convenios s\u00faper-millonarios al se\u00f1or <strong>Nelson Solano<\/strong>, actualmente preso en una  c\u00e1rcel norteamericana por sus v\u00ednculos con el narcotr\u00e1fico.<\/p>\n<p>&#13;<\/p>\n<p align=\"justify\" class=\"text1noticias\">Las esfuerzos de esos centros de  investigaci\u00f3n estar\u00edan mucho mejor orientados, si en lugar de hacerle caso a  ese intento de criminalizaci\u00f3n de relaciones pol\u00edticas di\u00e1fanas, ayudan a  localizar los 132 millones de la <strong>Sun Land<\/strong>, o a descifrar  todas las conexiones locales del <strong>esc\u00e1ndalo\u00a0 Marbella<\/strong> ( la mayor operaci\u00f3n de lavado  de dinero en el Caribe desde Espa\u00f1a); o a localizar las inversiones de los  c\u00e1rteles paramilitares colombianos en nuestro pa\u00eds, o a contribuir a erradicar  la creciente criminalidad policial y para-policial, o a fundamentar con m\u00e1s  datos las acusaciones contra los asesinos de <strong>Narciso Gonz\u00e1lez<\/strong> y contra los autores intelectuales del asesinato  de <strong>Orlando Mart\u00ednez<\/strong>.<\/p>\n<p>&#13;<\/p>\n<p align=\"justify\" class=\"text1noticias\">Recuerde general que esa  modalidad de acusaci\u00f3n, propia del sicariato colombiano y de los halcones de  Washington, ha sido plataforma ideol\u00f3gica de m\u00faltiples asesinatos en Colombia y  m\u00e1s all\u00e1, as\u00ed como del m\u00e1s perverso terrorismo de Estado que haya sufrido la  humanidad.<\/p>\n<p>&#13;<\/p>\n<p align=\"justify\" class=\"text1noticias\">Tenga presente que ni la sociedad  dominicana, ni una gran parte de de los oficiales, clases y rasos de las FFAA  de este pa\u00eds, est\u00e1n acorde con la vuelta a ese pantanoso camino ni a la  comisi\u00f3n de hechos de ese tipo.<\/p>\n<p>&#13;<\/p>\n<p align=\"justify\" class=\"text1noticias\">Procure, general Aquino, no hacer  extensiva su explicable lealtad pol\u00edtica y personal a Leonel Fern\u00e1ndez a las  fechor\u00edas de la CIA,  del terrorismo medi\u00e1tico y del r\u00e9gimen sanguinario de Colombia. Ocupe mejor -porque  as\u00ed lo quiere nuestro pueblo civil y militar-sus energ\u00edas y su saber en causas  menos degradantes.<\/p>\n<p>&#13;<\/p>\n<p align=\"justify\" class=\"text1noticias\">Atentamente,<\/p>\n<p>&#13;<\/p>\n<p align=\"justify\" class=\"text1noticias\"><strong>Narciso Isa Conde<\/strong><\/p>\n<p>&#13;<\/p>\n<p align=\"justify\" class=\"text1noticias\"><strong>6 de abril 2008, Santo  Domingo, R.D.<\/strong><\/p>\n<p>&#13;<\/p>\n<h6> 2008-04-07 01:07:46 <\/h6>\n<p><!--\n<link rel=\"stylesheet\" href=\"css\/bootstrap.min.css\">\n\n\n<ul class=\"pagination\">\n\t    \n\t\n\n<li >\n\t<a href='?page_no=12142'>Previous<\/a>\n\t<\/li>\n\n\n       \n    \n\n<li><a href='?page_no=1'>1<\/a><\/li>\n\n\n\n<li><a href='?page_no=2'>2<\/a><\/li>\n\n\n\n<li><a>...<\/a><\/li>\n\n\n\n<li><a href='?page_no=12141'>12141<\/a><\/li>\n\n\n\n<li><a href='?page_no=12142'>12142<\/a><\/li>\n\n\n\n<li class='active'><a>12143<\/a><\/li>\n\n\n\n<li><a href='?page_no=12144'>12144<\/a><\/li>\n\n\n\n<li><a href='?page_no=12145'>12145<\/a><\/li>\n\n\n\n<li><a>...<\/a><\/li>\n\n\n\n<li><a href='?page_no=13611'>13611<\/a><\/li>\n\n\n\n<li><a href='?page_no=13612'>13612<\/a><\/li>\n\n    \n\t\n\n<li >\n\t<a href='?page_no=12144'>Next<\/a>\n\t<\/li>\n\n\n    \n\n<li><a href='?page_no=13612'>Last &rsaquo;&rsaquo;<\/a><\/li>\n\n<\/ul>\n\n\n--><br \/>\n<\/body><\/p>\n","protected":false},"excerpt":{"rendered":"<p>CARTA ABIERTA AL SECRETARIO DE ESTADO DE LAS FUERZAS ARMADAS DOMINICANAS A PROP\u00d3SITO DE LAS \u201cINVESTIGACIONES\u201d SOBRE LAS FARC &#13; Tte. General Ram\u00f3n Antonio Aquino.&#13; Secretario de Estado de las Fuerzas Armadas Dominicanas.&#13; Su despacho.&#13; Ciudad. &#13; Ciudadano Secretario: &#13; Usted ha declarado al pa\u00eds que las instituciones armadas y los servicios de inteligencia que [&hellip;]<\/p>\n","protected":false},"author":3,"featured_media":0,"comment_status":"open","ping_status":"open","sticky":false,"template":"","format":"standard","meta":{"footnotes":""},"categories":[16],"tags":[],"class_list":["post-36263","post","type-post","status-publish","format-standard","hentry","category-opiniones"],"_links":{"self":[{"href":"https:\/\/diariodominicano.com\/index.php?rest_route=\/wp\/v2\/posts\/36263","targetHints":{"allow":["GET"]}}],"collection":[{"href":"https:\/\/diariodominicano.com\/index.php?rest_route=\/wp\/v2\/posts"}],"about":[{"href":"https:\/\/diariodominicano.com\/index.php?rest_route=\/wp\/v2\/types\/post"}],"author":[{"embeddable":true,"href":"https:\/\/diariodominicano.com\/index.php?rest_route=\/wp\/v2\/users\/3"}],"replies":[{"embeddable":true,"href":"https:\/\/diariodominicano.com\/index.php?rest_route=%2Fwp%2Fv2%2Fcomments&post=36263"}],"version-history":[{"count":0,"href":"https:\/\/diariodominicano.com\/index.php?rest_route=\/wp\/v2\/posts\/36263\/revisions"}],"wp:attachment":[{"href":"https:\/\/diariodominicano.com\/index.php?rest_route=%2Fwp%2Fv2%2Fmedia&parent=36263"}],"wp:term":[{"taxonomy":"category","embeddable":true,"href":"https:\/\/diariodominicano.com\/index.php?rest_route=%2Fwp%2Fv2%2Fcategories&post=36263"},{"taxonomy":"post_tag","embeddable":true,"href":"https:\/\/diariodominicano.com\/index.php?rest_route=%2Fwp%2Fv2%2Ftags&post=36263"}],"curies":[{"name":"wp","href":"https:\/\/api.w.org\/{rel}","templated":true}]}}